{"id":49180,"date":"2025-02-12T16:15:04","date_gmt":"2025-02-12T19:15:04","guid":{"rendered":"https:\/\/anprotec.org.br\/site\/?p=49180"},"modified":"2025-02-21T18:05:57","modified_gmt":"2025-02-21T21:05:57","slug":"ate-9-de-marco-pesquisas-inovadoras-com-potencial-de-negocio-tem-mais-tempo-para-inscricao-no-catalisa-ict","status":"publish","type":"post","link":"https:\/\/anprotec.org.br\/site\/2025\/02\/ate-9-de-marco-pesquisas-inovadoras-com-potencial-de-negocio-tem-mais-tempo-para-inscricao-no-catalisa-ict\/","title":{"rendered":"At\u00e9 9 de mar\u00e7o: pesquisas inovadoras com potencial de neg\u00f3cio t\u00eam mais tempo para inscri\u00e7\u00e3o no Catalisa ICT"},"content":{"rendered":"<div class=\"wp-block-image\"><img decoding=\"async\" loading=\"lazy\" class=\"wp-image-49181 aligncenter\" src=\"https:\/\/anprotec.org.br\/site\/wp-content\/uploads\/2025\/02\/EQUIPE-LIVING-OUT_p28683_cover_image_resized-300x181.webp\" alt=\"\" width=\"498\" height=\"301\" srcset=\"https:\/\/anprotec.org.br\/site\/wp-content\/uploads\/2025\/02\/EQUIPE-LIVING-OUT_p28683_cover_image_resized-300x181.webp 300w, https:\/\/anprotec.org.br\/site\/wp-content\/uploads\/2025\/02\/EQUIPE-LIVING-OUT_p28683_cover_image_resized-768x464.webp 768w, https:\/\/anprotec.org.br\/site\/wp-content\/uploads\/2025\/02\/EQUIPE-LIVING-OUT_p28683_cover_image_resized-242x146.webp 242w, https:\/\/anprotec.org.br\/site\/wp-content\/uploads\/2025\/02\/EQUIPE-LIVING-OUT_p28683_cover_image_resized-50x30.webp 50w, https:\/\/anprotec.org.br\/site\/wp-content\/uploads\/2025\/02\/EQUIPE-LIVING-OUT_p28683_cover_image_resized-124x75.webp 124w, https:\/\/anprotec.org.br\/site\/wp-content\/uploads\/2025\/02\/EQUIPE-LIVING-OUT_p28683_cover_image_resized.webp 814w\" sizes=\"(max-width: 498px) 100vw, 498px\" \/><\/div>\n<div><\/div>\n<div><em class=\"sub-title\">Prazo foi estendido pelo Sebrae. A startup Living Out \u00e9 um dos projetos que j\u00e1 contou com o apoio da iniciativa para se desenvolver<\/em><\/p>\n<div class=\"author\">Por\u00a0<strong>M\u00e1rcia Lopes<\/strong><\/div>\n<div class=\"text-content\">\n<p>Foi prorrogado para o dia 9 de mar\u00e7o o prazo de inscri\u00e7\u00f5es para o novo ciclo da jornada Catalisa ICT, programa do Sebrae que tem como objetivo transformar pesquisas com potencial de inova\u00e7\u00e3o em solu\u00e7\u00f5es de impacto para a sociedade. O edital \u00e9 voltado para mestres e doutores, com pesquisas conclu\u00eddas ou em andamento, e que participem desde o primeiro ciclo do programa. Ser\u00e3o selecionadas cerca de 2 mil pesquisas com potencial de inova\u00e7\u00e3o, ter\u00e3o apoio at\u00e9 300 planos de inova\u00e7\u00e3o e at\u00e9 150 deeptechs ser\u00e3o atendidas.<\/p>\n<p>O Catalisa \u00e9 promovido pelo Sebrae em parceria com diversas entidades do ecossistema nacional de inova\u00e7\u00e3o com o objetivo de acelerar neg\u00f3cios inovadores de base tecnol\u00f3gica, al\u00e9m de promover a aproxima\u00e7\u00e3o entre universidades e mercado. A\u00a0<a href=\"https:\/\/livingout.com.br\/#\" target=\"_blank\" rel=\"noopener\">Living Out<\/a>\u00a0foi uma das startups que j\u00e1 se beneficiou da iniciativa.<\/p>\n<p>A empresa \u00e9 especializada em ensaios de efic\u00e1cia in vitro, que atendam tanto o mercado de prospec\u00e7\u00e3o e desenvolvimento de novos f\u00e1rmacos quanto o de oncologia personalizada. Desde a funda\u00e7\u00e3o, em 2019,\u00a0<mark class=\"mark-highlight animated\">a empresa se dedica ao aperfei\u00e7oamento e otimiza\u00e7\u00e3o da t\u00e9cnica de cultivo de organoides derivados de amostras de tumor de pacientes oncol\u00f3gicos<\/mark>.<\/p>\n<p>O dom\u00ednio da t\u00e9cnica levou a startup a desenvolver o exame LivingOut-PDO, que \u00e9 capaz de selecionar previamente quais tratamentos ter\u00e3o melhor probabilidade de serem eficazes para o tratamento do paciente de maneira personalizada. O CEO e diretor de pesquisa, Robson Amaral, explica que a empresa deu in\u00edcio a uma nova etapa nos estudos.<\/p>\n<blockquote><p><strong>&#8220;Em 2024, come\u00e7amos a prova de conceito (POC) junto ao Hospital de Amor de Barretos (HA), a partir de uma parceria de coopera\u00e7\u00e3o cient\u00edfica. O objetivo \u00e9 validar todos os processos em ambiente operacional e realizar estudos de concord\u00e2ncia cl\u00ednica comparando desfecho cl\u00ednico do paciente com os resultados do nosso exame, sendo uma etapa de extrema import\u00e2ncia para entrada no <span class=\"quote-end\">mercado.&#8221;<\/span><\/strong><\/p>\n<p>&#8211; Robson Amaral, CEO da LivingOut.<\/p><\/blockquote>\n<p>Robson conta que o catalisa foi extremamente importante para o neg\u00f3cio em rela\u00e7\u00e3o \u00e0 continuidade do desenvolvimento cient\u00edfico; al\u00e9m da prepara\u00e7\u00e3o para o ingresso no mercado e maior visibilidade e alcance de uma rede de networking.<\/p>\n<p>Outro ponto de destaque foi a ajuda para superar os desafios t\u00e9cnicos que apareceram pelo caminho. \u201cGra\u00e7as \u00e0 bolsa para Pesquisador do Catalisa, conseguimos manter as atividades de pesquisa para solucionar os desafios nos processos de coleta de amostras de tumor, cultivo, congelamento e descongelamento dos organoides\u201d, descreve.<\/p>\n<p>\u201cEm nove meses, conseguimos aperfei\u00e7oar e corrigir alguns erros em nossos m\u00e9todos para execu\u00e7\u00e3o do exame. Agora, estamos prontos para executar o exame e prosseguir com a prova de conceito no Hospital de Amor de Barretos\u201d, projeta o pesquisador.<\/p>\n<\/div>\n<div class=\"wp-block-image\"><img decoding=\"async\" loading=\"lazy\" class=\"wp-image-49182 aligncenter\" src=\"https:\/\/anprotec.org.br\/site\/wp-content\/uploads\/2025\/02\/catalisa-300x168.jpeg\" alt=\"\" width=\"552\" height=\"309\" srcset=\"https:\/\/anprotec.org.br\/site\/wp-content\/uploads\/2025\/02\/catalisa-300x168.jpeg 300w, https:\/\/anprotec.org.br\/site\/wp-content\/uploads\/2025\/02\/catalisa-768x430.jpeg 768w, https:\/\/anprotec.org.br\/site\/wp-content\/uploads\/2025\/02\/catalisa-260x146.jpeg 260w, https:\/\/anprotec.org.br\/site\/wp-content\/uploads\/2025\/02\/catalisa-50x28.jpeg 50w, https:\/\/anprotec.org.br\/site\/wp-content\/uploads\/2025\/02\/catalisa-134x75.jpeg 134w, https:\/\/anprotec.org.br\/site\/wp-content\/uploads\/2025\/02\/catalisa.jpeg 926w\" sizes=\"(max-width: 552px) 100vw, 552px\" \/><\/div>\n<p><strong>Catalisa<\/strong><\/p>\n<p>O\u00a0<a href=\"https:\/\/sebrae.com.br\/sites\/PortalSebrae\/catalisa\" target=\"_blank\" rel=\"noopener\">Catalisa<\/a>\u00a0usa os princ\u00edpios da inova\u00e7\u00e3o aberta para conectar pessoas e organiza\u00e7\u00f5es com o objetivo de gerar solu\u00e7\u00f5es, abrir mercados e ampliar as trocas de conhecimento entre empresas, governos, institui\u00e7\u00f5es de ensino e demais players do ecossistema de inova\u00e7\u00e3o brasileiro.<\/p>\n<p><mark class=\"mark-highlight animated\">H\u00e1 quatro linhas de atua\u00e7\u00e3o: Catalisa HUB, Catalisa Corp, Catalisa ICT e Catalisa GOV<\/mark>. Entre as vantagens do Catalisa para os participantes, destacam-se: acesso \u00e0 intelig\u00eancia coletiva para resolver problemas; redu\u00e7\u00e3o de custos, tempo e riscos dos seus projetos de inova\u00e7\u00e3o; e desenvolvimento de novos neg\u00f3cios a partir de pesquisas de base tecnol\u00f3gica.<\/p>\n<p>Mat\u00e9ria: https:\/\/agenciasebrae.com.br\/inovacao-e-tecnologia\/ate-9-de-marco-pesquisas-inovadoras-com-potencial-de-negocio-tem-mais-tempo-para-inscricao-no-catalisa-ict\/<\/p>\n<p>Imagens: https:\/\/agenciasebrae.com.br\/inovacao-e-tecnologia\/ate-9-de-marco-pesquisas-inovadoras-com-potencial-de-negocio-tem-mais-tempo-para-inscricao-no-catalisa-ict\/<\/p>\n<\/div>\n","protected":false},"excerpt":{"rendered":"<p>Prazo foi estendido pelo Sebrae. A startup Living Out \u00e9<span class=\"excerpt-hellip\"> [\u2026]<\/span><\/p>\n","protected":false},"author":8,"featured_media":49181,"comment_status":"closed","ping_status":"closed","sticky":false,"template":"","format":"standard","meta":{"footnotes":"","_links_to":"","_links_to_target":""},"categories":[3,383,414],"tags":[],"calendar":[],"_links":{"self":[{"href":"https:\/\/anprotec.org.br\/site\/wp-json\/wp\/v2\/posts\/49180"}],"collection":[{"href":"https:\/\/anprotec.org.br\/site\/wp-json\/wp\/v2\/posts"}],"about":[{"href":"https:\/\/anprotec.org.br\/site\/wp-json\/wp\/v2\/types\/post"}],"author":[{"embeddable":true,"href":"https:\/\/anprotec.org.br\/site\/wp-json\/wp\/v2\/users\/8"}],"replies":[{"embeddable":true,"href":"https:\/\/anprotec.org.br\/site\/wp-json\/wp\/v2\/comments?post=49180"}],"version-history":[{"count":2,"href":"https:\/\/anprotec.org.br\/site\/wp-json\/wp\/v2\/posts\/49180\/revisions"}],"predecessor-version":[{"id":49184,"href":"https:\/\/anprotec.org.br\/site\/wp-json\/wp\/v2\/posts\/49180\/revisions\/49184"}],"wp:featuredmedia":[{"embeddable":true,"href":"https:\/\/anprotec.org.br\/site\/wp-json\/wp\/v2\/media\/49181"}],"wp:attachment":[{"href":"https:\/\/anprotec.org.br\/site\/wp-json\/wp\/v2\/media?parent=49180"}],"wp:term":[{"taxonomy":"category","embeddable":true,"href":"https:\/\/anprotec.org.br\/site\/wp-json\/wp\/v2\/categories?post=49180"},{"taxonomy":"post_tag","embeddable":true,"href":"https:\/\/anprotec.org.br\/site\/wp-json\/wp\/v2\/tags?post=49180"},{"taxonomy":"calendar","embeddable":true,"href":"https:\/\/anprotec.org.br\/site\/wp-json\/wp\/v2\/calendar?post=49180"}],"curies":[{"name":"wp","href":"https:\/\/api.w.org\/{rel}","templated":true}]}}