{"id":49154,"date":"2025-02-11T16:39:17","date_gmt":"2025-02-11T19:39:17","guid":{"rendered":"https:\/\/anprotec.org.br\/site\/?p=49154"},"modified":"2025-02-21T18:05:19","modified_gmt":"2025-02-21T21:05:19","slug":"inscricoes-abertas-para-bolsa-de-pos-doutorado-em-projeto-sobre-ambientes-de-inovacao","status":"publish","type":"post","link":"https:\/\/anprotec.org.br\/site\/2025\/02\/inscricoes-abertas-para-bolsa-de-pos-doutorado-em-projeto-sobre-ambientes-de-inovacao\/","title":{"rendered":"Inscri\u00e7\u00f5es abertas para bolsa de p\u00f3s-doutorado em projeto sobre Ambientes de Inova\u00e7\u00e3o"},"content":{"rendered":"<div class=\"wp-block-image\"><img decoding=\"async\" loading=\"lazy\" class=\"wp-image-49155 aligncenter\" src=\"https:\/\/anprotec.org.br\/site\/wp-content\/uploads\/2025\/02\/transferir-2-300x42.jpg\" alt=\"\" width=\"707\" height=\"99\" srcset=\"https:\/\/anprotec.org.br\/site\/wp-content\/uploads\/2025\/02\/transferir-2-300x42.jpg 300w, https:\/\/anprotec.org.br\/site\/wp-content\/uploads\/2025\/02\/transferir-2-260x37.jpg 260w, https:\/\/anprotec.org.br\/site\/wp-content\/uploads\/2025\/02\/transferir-2-50x7.jpg 50w, https:\/\/anprotec.org.br\/site\/wp-content\/uploads\/2025\/02\/transferir-2-150x21.jpg 150w, https:\/\/anprotec.org.br\/site\/wp-content\/uploads\/2025\/02\/transferir-2.jpg 596w\" sizes=\"(max-width: 707px) 100vw, 707px\" \/><\/div>\n<p><span style=\"font-weight: 400;\">A pesquisa &#8220;Modelos inovadores de ambientes de inova\u00e7\u00e3o \u2013 perspectiva global&#8221;, que integra o projeto &#8220;Avalia\u00e7\u00e3o de Ambientes de Inova\u00e7\u00e3o: Modelos, Indicadores e Pr\u00e1ticas&#8221; (processo FAPESP 2023\/10212-7), est\u00e1 com inscri\u00e7\u00f5es abertas para uma bolsa de p\u00f3s-doutorado.<\/span><\/p>\n<p><span style=\"font-weight: 400;\">O projeto tem como objetivo aprimorar a gest\u00e3o, o investimento e a execu\u00e7\u00e3o de a\u00e7\u00f5es que fortalecem o ecossistema de inova\u00e7\u00e3o do Estado de S\u00e3o Paulo, que conta com mais de 70 ambientes de inova\u00e7\u00e3o, incluindo parques tecnol\u00f3gicos, centros de inova\u00e7\u00e3o, incubadoras de empresas e n\u00facleos de inova\u00e7\u00e3o tecnol\u00f3gica.<\/span><\/p>\n<p><span style=\"font-weight: 400;\">O bolsista selecionado atuar\u00e1 na constru\u00e7\u00e3o de modelos de governan\u00e7a, desenvolvimento de indicadores, instrumentos de pol\u00edtica e ferramentas de gest\u00e3o p\u00fablica, considerando as particularidades regionais. Al\u00e9m disso, ser\u00e1 respons\u00e1vel por analisar e integrar pr\u00e1ticas globais, garantindo que o Estado de S\u00e3o Paulo acompanhe as tend\u00eancias internacionais em inova\u00e7\u00e3o, com foco no desenvolvimento regional.<\/span><\/p>\n<p><span style=\"font-weight: 400;\">Detalhes da oportunidade:\u00a0<\/span><\/p>\n<ul>\n<li style=\"font-weight: 400;\" aria-level=\"1\"><span style=\"font-weight: 400;\">Local de atua\u00e7\u00e3o: Faculdade de Economia, Administra\u00e7\u00e3o e Contabilidade e Atu\u00e1ria (FEA) da Universidade de S\u00e3o Paulo (USP)<\/span><\/li>\n<li style=\"font-weight: 400;\" aria-level=\"1\"><span style=\"font-weight: 400;\">\u00a0Dura\u00e7\u00e3o: 24 meses<\/span><\/li>\n<li style=\"font-weight: 400;\" aria-level=\"1\"><span style=\"font-weight: 400;\">Valor da bolsa: R$ 12.000,00 mensais<\/span><\/li>\n<li style=\"font-weight: 400;\" aria-level=\"1\"><span style=\"font-weight: 400;\">Prazo para inscri\u00e7\u00e3o: 21 de fevereiro de 2025<\/span><\/li>\n<\/ul>\n<p><span style=\"font-weight: 400;\">Como se candidatar<\/span><\/p>\n<p><span style=\"font-weight: 400;\">Os interessados devem enviar candidatura contendo:<\/span><\/p>\n<ul>\n<li style=\"font-weight: 400;\" aria-level=\"1\"><span style=\"font-weight: 400;\">Link para acesso ao curr\u00edculo Lattes;<\/span><\/li>\n<li style=\"font-weight: 400;\" aria-level=\"1\"><span style=\"font-weight: 400;\">Carta justificando o interesse no projeto;<\/span><\/li>\n<li style=\"font-weight: 400;\" aria-level=\"1\"><span style=\"font-weight: 400;\">Plano de pesquisa alinhado ao projeto.<\/span><\/li>\n<\/ul>\n<p><span style=\"font-weight: 400;\">Os documentos devem ser enviados para o professor Guilherme Ary Plonski pelo e-mail plonski2@usp.br, com c\u00f3pia para npgctusp@usp.br. Informa\u00e7\u00f5es adicionais podem ser solicitadas \u00e0 coordena\u00e7\u00e3o do projeto pelo e-mail plonski2@usp.br.<\/span><\/p>\n<p><span style=\"font-weight: 400;\">Essa \u00e9 uma excelente oportunidade para pesquisadores que desejam contribuir para o fortalecimento dos ambientes de inova\u00e7\u00e3o e para o desenvolvimento de pol\u00edticas p\u00fablicas no Estado de S\u00e3o Paulo!<\/span><\/p>\n","protected":false},"excerpt":{"rendered":"<p>A pesquisa &#8220;Modelos inovadores de ambientes de inova\u00e7\u00e3o \u2013 perspectiva<span class=\"excerpt-hellip\"> [\u2026]<\/span><\/p>\n","protected":false},"author":8,"featured_media":49159,"comment_status":"closed","ping_status":"closed","sticky":false,"template":"","format":"standard","meta":{"footnotes":"","_links_to":"","_links_to_target":""},"categories":[3,383,414],"tags":[],"calendar":[],"_links":{"self":[{"href":"https:\/\/anprotec.org.br\/site\/wp-json\/wp\/v2\/posts\/49154"}],"collection":[{"href":"https:\/\/anprotec.org.br\/site\/wp-json\/wp\/v2\/posts"}],"about":[{"href":"https:\/\/anprotec.org.br\/site\/wp-json\/wp\/v2\/types\/post"}],"author":[{"embeddable":true,"href":"https:\/\/anprotec.org.br\/site\/wp-json\/wp\/v2\/users\/8"}],"replies":[{"embeddable":true,"href":"https:\/\/anprotec.org.br\/site\/wp-json\/wp\/v2\/comments?post=49154"}],"version-history":[{"count":2,"href":"https:\/\/anprotec.org.br\/site\/wp-json\/wp\/v2\/posts\/49154\/revisions"}],"predecessor-version":[{"id":49161,"href":"https:\/\/anprotec.org.br\/site\/wp-json\/wp\/v2\/posts\/49154\/revisions\/49161"}],"wp:featuredmedia":[{"embeddable":true,"href":"https:\/\/anprotec.org.br\/site\/wp-json\/wp\/v2\/media\/49159"}],"wp:attachment":[{"href":"https:\/\/anprotec.org.br\/site\/wp-json\/wp\/v2\/media?parent=49154"}],"wp:term":[{"taxonomy":"category","embeddable":true,"href":"https:\/\/anprotec.org.br\/site\/wp-json\/wp\/v2\/categories?post=49154"},{"taxonomy":"post_tag","embeddable":true,"href":"https:\/\/anprotec.org.br\/site\/wp-json\/wp\/v2\/tags?post=49154"},{"taxonomy":"calendar","embeddable":true,"href":"https:\/\/anprotec.org.br\/site\/wp-json\/wp\/v2\/calendar?post=49154"}],"curies":[{"name":"wp","href":"https:\/\/api.w.org\/{rel}","templated":true}]}}