{"id":49124,"date":"2025-02-03T16:26:57","date_gmt":"2025-02-03T19:26:57","guid":{"rendered":"https:\/\/anprotec.org.br\/site\/?p=49124"},"modified":"2025-02-21T18:04:36","modified_gmt":"2025-02-21T21:04:36","slug":"programa-e-goias-abre-edital-para-startups-e-empresas-inovadoras-de-todo-brasil-com-apoio-de-ate-r-20-mil","status":"publish","type":"post","link":"https:\/\/anprotec.org.br\/site\/2025\/02\/programa-e-goias-abre-edital-para-startups-e-empresas-inovadoras-de-todo-brasil-com-apoio-de-ate-r-20-mil\/","title":{"rendered":"Programa e-Goi\u00e1s abre edital para startups e empresas inovadoras de todo Brasil, com apoio de at\u00e9 R$ 20 mil"},"content":{"rendered":"<div class=\"wp-block-image\"><img decoding=\"async\" loading=\"lazy\" class=\"wp-image-49126 aligncenter\" src=\"https:\/\/anprotec.org.br\/site\/wp-content\/uploads\/2025\/02\/E-goias-Transformacao-Digital-3-240x300.png\" alt=\"\" width=\"406\" height=\"508\" srcset=\"https:\/\/anprotec.org.br\/site\/wp-content\/uploads\/2025\/02\/E-goias-Transformacao-Digital-3-240x300.png 240w, https:\/\/anprotec.org.br\/site\/wp-content\/uploads\/2025\/02\/E-goias-Transformacao-Digital-3-819x1024.png 819w, https:\/\/anprotec.org.br\/site\/wp-content\/uploads\/2025\/02\/E-goias-Transformacao-Digital-3-768x960.png 768w, https:\/\/anprotec.org.br\/site\/wp-content\/uploads\/2025\/02\/E-goias-Transformacao-Digital-3-117x146.png 117w, https:\/\/anprotec.org.br\/site\/wp-content\/uploads\/2025\/02\/E-goias-Transformacao-Digital-3-40x50.png 40w, https:\/\/anprotec.org.br\/site\/wp-content\/uploads\/2025\/02\/E-goias-Transformacao-Digital-3-60x75.png 60w, https:\/\/anprotec.org.br\/site\/wp-content\/uploads\/2025\/02\/E-goias-Transformacao-Digital-3.png 1080w\" sizes=\"(max-width: 406px) 100vw, 406px\" \/><\/div>\n<p><i><span style=\"font-weight: 400;\">O edital est\u00e1 com inscri\u00e7\u00f5es abertas at\u00e9 o dia 17\/02, para empresas que oferecerem solu\u00e7\u00f5es aos desafios propostos por neg\u00f3cios goianos<\/span><\/i><\/p>\n<p><span style=\"font-weight: 400;\">Est\u00e1 lan\u00e7ada a chamada para solu\u00e7\u00f5es do 1\u00ba ciclo do e-Goi\u00e1s, programa realizado e executado pelo Hub Goi\u00e1s e pela Secretaria de Estado de Ci\u00eancia, Tecnologia e Inova\u00e7\u00e3o do Estado de Goi\u00e1s (SECTI). Startups e empresas inovadoras de todo Brasil podem inscrever suas solu\u00e7\u00f5es para um dos 9 desafios tecnol\u00f3gicos apresentados no edital, enfrentados por micro, pequenas e m\u00e9dias empresas (MPME\u2019s) goianas. O programa oferece at\u00e9 R$ 20 mil por contrato para implementa\u00e7\u00e3o de solu\u00e7\u00f5es, al\u00e9m da possibilidade de contrata\u00e7\u00e3o definitiva pelas MPME\u2019s.\u00a0\u00a0<\/span><\/p>\n<p><span style=\"font-weight: 400;\">O e-Goi\u00e1s \u00e9 um programa de inova\u00e7\u00e3o aberta e transforma\u00e7\u00e3o digital que tem o objetivo de resolver desafios tecnol\u00f3gicos enfrentados por empresas goianas, promovendo a colabora\u00e7\u00e3o com startups e\u00a0 empresas inovadoras. Ap\u00f3s a abertura de chamada para MPME\u2019s e uma imers\u00e3o com as selecionadas, foi realizado um diagn\u00f3stico detalhado de suas necessidades e desafios.\u00a0<\/span><\/p>\n<p><span style=\"font-weight: 400;\">Agora, o programa entra na fase de contrata\u00e7\u00e3o de solu\u00e7\u00f5es para os 9 desafios e busca startups, f\u00e1bricas de software\u00a0 ou empresas inovadoras que atuem com:<\/span><\/p>\n<ul>\n<li style=\"list-style-type: none;\">\n<ul>\n<li style=\"font-weight: 400;\" aria-level=\"1\"><b>Solu\u00e7\u00f5es de Estrat\u00e9gia De Marketing<\/b><span style=\"font-weight: 400;\"> \u2013 para um cliente do segmento de Biocosm\u00e9ticos<\/span><\/li>\n<li style=\"font-weight: 400;\" aria-level=\"1\"><b>Solu\u00e7\u00f5es de Fluxo de Processos e Comunica\u00e7\u00e3o com\u00a0 foco em coleta e An\u00e1lise de Dados<\/b><span style=\"font-weight: 400;\"> \u2013 para um cliente segmento de Arquitetura<\/span><\/li>\n<li style=\"font-weight: 400;\" aria-level=\"1\"><b>Gest\u00e3o da Comunica\u00e7\u00e3o Interna <\/b><span style=\"font-weight: 400;\">\u2013 para um cliente no segmento de Cl\u00ednica de Sa\u00fade<\/span><\/li>\n<li style=\"font-weight: 400;\" aria-level=\"1\"><b>Automatiza\u00e7\u00e3o de Reservas<\/b><span style=\"font-weight: 400;\"> \u2013 para um cliente no segmento de Coworking<\/span><\/li>\n<li style=\"font-weight: 400;\" aria-level=\"1\"><b>Atendimento, Capta\u00e7\u00e3o de Cliente e Gest\u00e3o de Portf\u00f3lio<\/b><span style=\"font-weight: 400;\"> \u2013 para um cliente no segmento de Papelaria Artesanal<\/span><\/li>\n<li style=\"font-weight: 400;\" aria-level=\"1\"><b>Gerenciamento de Estoque e Log\u00edstica<\/b><span style=\"font-weight: 400;\"> \u2013 para um cliente no segmento de Distribui\u00e7\u00e3o Hospitalar<\/span><\/li>\n<\/ul>\n<\/li>\n<\/ul>\n<ul>\n<li aria-level=\"1\"><b>Plataforma para Psicanalistas<\/b><\/li>\n<\/ul>\n<ul>\n<li aria-level=\"1\"><b>Otimiza\u00e7\u00e3o e Automa\u00e7\u00e3o na Produ\u00e7\u00e3o de J\u00f3ias<\/b><\/li>\n<\/ul>\n<ul>\n<li style=\"font-weight: 400;\" aria-level=\"1\"><b>Gest\u00e3o e Opera\u00e7\u00e3o de Franquias<\/b><span style=\"font-weight: 400;\"> \u2013 para um cliente no segmento de Sorvetes e A\u00e7a\u00ed<\/span><\/li>\n<\/ul>\n<p><span style=\"font-weight: 400;\">Startups e empresas inovadoras de todo Brasil podem conferir o edital completo e\u00a0 inscrever suas solu\u00e7\u00f5es para os desafios no site do Hub Goi\u00e1s at\u00e9 o dia 17 de fevereiro: <\/span><a href=\"http:\/\/hubgoias.org\/e-goias\"><span style=\"font-weight: 400;\">hubgoias.org\/e-goias<\/span><\/a><\/p>\n<p>&nbsp;<\/p>\n","protected":false},"excerpt":{"rendered":"<p>O edital est\u00e1 com inscri\u00e7\u00f5es abertas at\u00e9 o dia 17\/02,<span class=\"excerpt-hellip\"> [\u2026]<\/span><\/p>\n","protected":false},"author":8,"featured_media":49125,"comment_status":"closed","ping_status":"closed","sticky":false,"template":"","format":"standard","meta":{"footnotes":"","_links_to":"","_links_to_target":""},"categories":[3,383,414],"tags":[],"calendar":[],"_links":{"self":[{"href":"https:\/\/anprotec.org.br\/site\/wp-json\/wp\/v2\/posts\/49124"}],"collection":[{"href":"https:\/\/anprotec.org.br\/site\/wp-json\/wp\/v2\/posts"}],"about":[{"href":"https:\/\/anprotec.org.br\/site\/wp-json\/wp\/v2\/types\/post"}],"author":[{"embeddable":true,"href":"https:\/\/anprotec.org.br\/site\/wp-json\/wp\/v2\/users\/8"}],"replies":[{"embeddable":true,"href":"https:\/\/anprotec.org.br\/site\/wp-json\/wp\/v2\/comments?post=49124"}],"version-history":[{"count":2,"href":"https:\/\/anprotec.org.br\/site\/wp-json\/wp\/v2\/posts\/49124\/revisions"}],"predecessor-version":[{"id":49128,"href":"https:\/\/anprotec.org.br\/site\/wp-json\/wp\/v2\/posts\/49124\/revisions\/49128"}],"wp:featuredmedia":[{"embeddable":true,"href":"https:\/\/anprotec.org.br\/site\/wp-json\/wp\/v2\/media\/49125"}],"wp:attachment":[{"href":"https:\/\/anprotec.org.br\/site\/wp-json\/wp\/v2\/media?parent=49124"}],"wp:term":[{"taxonomy":"category","embeddable":true,"href":"https:\/\/anprotec.org.br\/site\/wp-json\/wp\/v2\/categories?post=49124"},{"taxonomy":"post_tag","embeddable":true,"href":"https:\/\/anprotec.org.br\/site\/wp-json\/wp\/v2\/tags?post=49124"},{"taxonomy":"calendar","embeddable":true,"href":"https:\/\/anprotec.org.br\/site\/wp-json\/wp\/v2\/calendar?post=49124"}],"curies":[{"name":"wp","href":"https:\/\/api.w.org\/{rel}","templated":true}]}}