{"id":49102,"date":"2025-01-29T17:20:57","date_gmt":"2025-01-29T20:20:57","guid":{"rendered":"https:\/\/anprotec.org.br\/site\/?p=49102"},"modified":"2025-02-21T17:25:54","modified_gmt":"2025-02-21T20:25:54","slug":"inovativa-brasil-abre-pre-inscricoes-para-o-ciclo-de-aceleracao-2025","status":"publish","type":"post","link":"https:\/\/anprotec.org.br\/site\/2025\/01\/inovativa-brasil-abre-pre-inscricoes-para-o-ciclo-de-aceleracao-2025\/","title":{"rendered":"InovAtiva Brasil abre pr\u00e9-inscri\u00e7\u00f5es para o ciclo de acelera\u00e7\u00e3o 2025"},"content":{"rendered":"<div class=\"wp-block-image\">\n<div class=\"wp-block-image\"><img decoding=\"async\" loading=\"lazy\" class=\"wp-image-49104 aligncenter\" src=\"https:\/\/anprotec.org.br\/site\/wp-content\/uploads\/2025\/01\/transferir-1.jpg\" alt=\"\" width=\"439\" height=\"292\" srcset=\"https:\/\/anprotec.org.br\/site\/wp-content\/uploads\/2025\/01\/transferir-1.jpg 275w, https:\/\/anprotec.org.br\/site\/wp-content\/uploads\/2025\/01\/transferir-1-219x146.jpg 219w, https:\/\/anprotec.org.br\/site\/wp-content\/uploads\/2025\/01\/transferir-1-50x33.jpg 50w, https:\/\/anprotec.org.br\/site\/wp-content\/uploads\/2025\/01\/transferir-1-113x75.jpg 113w\" sizes=\"(max-width: 439px) 100vw, 439px\" \/><\/div>\n<\/div>\n<p><span style=\"font-weight: 400;\">O InovAtiva Brasil, reconhecido como o maior programa de acelera\u00e7\u00e3o de startups da Am\u00e9rica Latina, anuncia a abertura das pr\u00e9-inscri\u00e7\u00f5es para seu ciclo de 2025. Empreendedores de todo o pa\u00eds que desejam impulsionar seus neg\u00f3cios inovadores podem se cadastrar para serem notificados sobre as pr\u00f3ximas oportunidades e o in\u00edcio oficial das inscri\u00e7\u00f5es.<\/span><\/p>\n<p><span style=\"font-weight: 400;\">Totalmente gratuito e equity-free, o programa realiza dois ciclos anuais, selecionando at\u00e9 220 startups em cada um. Ao longo dos anos, o InovAtiva Brasil j\u00e1 acelerou mais de 4.400 startups e recebeu mais de 21.300 projetos submetidos.<\/span><\/p>\n<p><span style=\"font-weight: 400;\">As empresas participantes t\u00eam acesso a uma s\u00e9rie de benef\u00edcios, incluindo:<\/span><\/p>\n<ul>\n<li style=\"font-weight: 400;\" aria-level=\"1\"><span style=\"font-weight: 400;\">Mentorias Individuais e Coletivas: Sess\u00f5es com especialistas renomados em empreendedorismo e inova\u00e7\u00e3o, oferecendo orienta\u00e7\u00f5es personalizadas para o desenvolvimento do neg\u00f3cio.<\/span><\/li>\n<li style=\"font-weight: 400;\" aria-level=\"1\"><span style=\"font-weight: 400;\">Conex\u00e3o com o Ecossistema: Oportunidades de apresentar o neg\u00f3cio a investidores, fundos, aceleradoras e grandes empresas, ampliando as chances de parcerias estrat\u00e9gicas.<\/span><\/li>\n<li style=\"font-weight: 400;\" aria-level=\"1\"><span style=\"font-weight: 400;\">Visibilidade: Destaque nos principais canais de comunica\u00e7\u00e3o do InovAtiva, como redes sociais, newsletters e imprensa nacional, aumentando a exposi\u00e7\u00e3o da startup no mercado.<\/span><\/li>\n<li style=\"font-weight: 400;\" aria-level=\"1\"><span style=\"font-weight: 400;\">Eventos Exclusivos: Participa\u00e7\u00e3o em eventos como o InovAtiva Day e o InovAtiva Experience, que promovem networking e aprendizado com outros empreendedores e profissionais do setor.<\/span><\/li>\n<\/ul>\n<p><span style=\"font-weight: 400;\">O programa oferece duas trilhas principais de acelera\u00e7\u00e3o:<\/span><\/p>\n<p><b>InovAtiva Brasil<\/b><span style=\"font-weight: 400;\">: voltado para startups de todas as \u00e1reas de atua\u00e7\u00e3o que estejam nas fases de valida\u00e7\u00e3o, opera\u00e7\u00e3o ou tra\u00e7\u00e3o.<\/span><\/p>\n<p><b>InovAtiva de Impacto:<\/b><span style=\"font-weight: 400;\"> voltado para startups que t\u00eam como miss\u00e3o gerar impacto social ou ambiental positivo, tamb\u00e9m contemplando neg\u00f3cios em fase de valida\u00e7\u00e3o, opera\u00e7\u00e3o ou tra\u00e7\u00e3o.<\/span><\/p>\n<p><span style=\"font-weight: 400;\">Para se manter informado e garantir sua participa\u00e7\u00e3o no pr\u00f3ximo ciclo, os interessados devem realizar a pr\u00e9-inscri\u00e7\u00e3o no site oficial do InovAtiva Brasil.<\/span><\/p>\n<p><span style=\"font-weight: 400;\">N\u00e3o perca a chance de acelerar seu neg\u00f3cio com o apoio de um dos programas mais renomados do ecossistema de inova\u00e7\u00e3o brasileiro.<\/span><\/p>\n<p><span style=\"font-weight: 400;\">Fa\u00e7a sua pr\u00e9-inscri\u00e7\u00e3o e esteja preparado para as oportunidades que o InovAtiva Brasil oferece.<\/span><\/p>\n<p><span style=\"font-weight: 400;\"> Acesse: https:\/\/www.inovativa.online\/pre-inscricoes\/<\/span><\/p>\n","protected":false},"excerpt":{"rendered":"<p>O InovAtiva Brasil, reconhecido como o maior programa de acelera\u00e7\u00e3o<span class=\"excerpt-hellip\"> [\u2026]<\/span><\/p>\n","protected":false},"author":8,"featured_media":49104,"comment_status":"closed","ping_status":"closed","sticky":false,"template":"","format":"standard","meta":{"footnotes":"","_links_to":"","_links_to_target":""},"categories":[3,383],"tags":[],"calendar":[],"_links":{"self":[{"href":"https:\/\/anprotec.org.br\/site\/wp-json\/wp\/v2\/posts\/49102"}],"collection":[{"href":"https:\/\/anprotec.org.br\/site\/wp-json\/wp\/v2\/posts"}],"about":[{"href":"https:\/\/anprotec.org.br\/site\/wp-json\/wp\/v2\/types\/post"}],"author":[{"embeddable":true,"href":"https:\/\/anprotec.org.br\/site\/wp-json\/wp\/v2\/users\/8"}],"replies":[{"embeddable":true,"href":"https:\/\/anprotec.org.br\/site\/wp-json\/wp\/v2\/comments?post=49102"}],"version-history":[{"count":1,"href":"https:\/\/anprotec.org.br\/site\/wp-json\/wp\/v2\/posts\/49102\/revisions"}],"predecessor-version":[{"id":49105,"href":"https:\/\/anprotec.org.br\/site\/wp-json\/wp\/v2\/posts\/49102\/revisions\/49105"}],"wp:featuredmedia":[{"embeddable":true,"href":"https:\/\/anprotec.org.br\/site\/wp-json\/wp\/v2\/media\/49104"}],"wp:attachment":[{"href":"https:\/\/anprotec.org.br\/site\/wp-json\/wp\/v2\/media?parent=49102"}],"wp:term":[{"taxonomy":"category","embeddable":true,"href":"https:\/\/anprotec.org.br\/site\/wp-json\/wp\/v2\/categories?post=49102"},{"taxonomy":"post_tag","embeddable":true,"href":"https:\/\/anprotec.org.br\/site\/wp-json\/wp\/v2\/tags?post=49102"},{"taxonomy":"calendar","embeddable":true,"href":"https:\/\/anprotec.org.br\/site\/wp-json\/wp\/v2\/calendar?post=49102"}],"curies":[{"name":"wp","href":"https:\/\/api.w.org\/{rel}","templated":true}]}}