{"id":4909,"date":"2013-11-22T10:05:24","date_gmt":"2013-11-22T13:05:24","guid":{"rendered":"http:\/\/anprotec.org.br\/site\/?p=4909"},"modified":"2013-11-22T10:06:19","modified_gmt":"2013-11-22T13:06:19","slug":"bh-tec-lanca-edital-para-a-fase-ii-do-parque","status":"publish","type":"post","link":"https:\/\/anprotec.org.br\/site\/2013\/11\/bh-tec-lanca-edital-para-a-fase-ii-do-parque\/","title":{"rendered":"<!--:pt-->BH-TEC lan\u00e7a edital para a Fase II do parque<!--:-->"},"content":{"rendered":"<p><!--:pt--><\/p>\n<p dir=\"ltr\" style=\"text-align: justify;\"><img decoding=\"async\" loading=\"lazy\" class=\"alignleft size-thumbnail wp-image-4912\" alt=\"\" src=\"https:\/\/anprotec.org.br\/site\/wp-content\/uploads\/2013\/11\/20131122-Master-Plan-Fase-II-do-BH-TEC_baixaresolu\u00e7\u00e3o1-270x160.jpg\" width=\"270\" height=\"160\" \/>O <a href=\"http:\/\/www.bhtec.org.br\/\" target=\"_blank\">Parque Tecnol\u00f3gico de Belo Horizonte<\/a> (BH-TEC) divulgou, no \u00faltimo dia 19, o edital de sele\u00e7\u00e3o do parceiro imobili\u00e1rio que construir\u00e1 os cinco edif\u00edcios da segunda fase do parque. A conclus\u00e3o do complexo \u2013 que somar\u00e1 um total de 207mil m\u00b2 \u2013 est\u00e1 programada para 2018 e o investimento total do parceiro pode chegar a R$464 milh\u00f5es. Os interessados t\u00eam at\u00e9 o pr\u00f3ximo dia 19 para entregar a proposta e demais documentos especificados no edital, que est\u00e1 dispon\u00edvel <a href=\"http:\/\/www.bhtec.org.br\/documentos.php\" target=\"_blank\">online<\/a>.<\/p>\n<p style=\"text-align: justify;\">Para o diretor presidente do BH-TEC, Ronaldo Pena, a participa\u00e7\u00e3o de um parceiro privado na constru\u00e7\u00e3o da Fase II do parque \u00e9 pioneira no pa\u00eds, e, al\u00e9m de n\u00e3o comprometer recursos p\u00fablicos, vai acelerar a implanta\u00e7\u00e3o dos edif\u00edcios. O primeiro pr\u00e9dio a ser constru\u00eddo ter\u00e1 60mil m\u00b2, sendo 30mil m\u00b2 de \u00e1rea loc\u00e1vel. As empresas de base tecnol\u00f3gica dever\u00e3o ocupar, no m\u00ednimo, 70% dessa \u00e1rea, ficando os outros 30% para empresas de servi\u00e7os. O parceiro imobili\u00e1rio ter\u00e1 o direito de operar cada um dos edif\u00edcios por um per\u00edodo de 30 anos, incluindo o tempo de constru\u00e7\u00e3o.<\/p>\n<p style=\"text-align: justify;\">Durante o primeiro semestre deste ano, o BH-TEC realizou uma consulta com as empresas de tecnologia da regi\u00e3o sobre o interesse em se instalarem no parque. De acordo com o resultado, a demanda para loca\u00e7\u00e3o no primeiro pr\u00e9dio somou 38.595 m\u00b2, superando a \u00e1rea loc\u00e1vel.<\/p>\n<p style=\"text-align: justify;\"><em>*Com informa\u00e7\u00f5es e imagem do BH-TEC<\/em><\/p>\n<p><!--:--><\/p>\n","protected":false},"excerpt":{"rendered":"<p><!--:pt-->A chamada p\u00fablica definir\u00e1 o parceiro imobili\u00e1rio que construir\u00e1 a os novos 207mil m\u00b2 do parque de Belo Horizonte (MG). Os interessados t\u00eam at\u00e9 o pr\u00f3ximo dia 19 para entregar a proposta.<!--:--><\/p>\n","protected":false},"author":8,"featured_media":4912,"comment_status":"open","ping_status":"open","sticky":false,"template":"","format":"standard","meta":{"footnotes":"","_links_to":"","_links_to_target":""},"categories":[3],"tags":[],"calendar":[],"_links":{"self":[{"href":"https:\/\/anprotec.org.br\/site\/wp-json\/wp\/v2\/posts\/4909"}],"collection":[{"href":"https:\/\/anprotec.org.br\/site\/wp-json\/wp\/v2\/posts"}],"about":[{"href":"https:\/\/anprotec.org.br\/site\/wp-json\/wp\/v2\/types\/post"}],"author":[{"embeddable":true,"href":"https:\/\/anprotec.org.br\/site\/wp-json\/wp\/v2\/users\/8"}],"replies":[{"embeddable":true,"href":"https:\/\/anprotec.org.br\/site\/wp-json\/wp\/v2\/comments?post=4909"}],"version-history":[{"count":2,"href":"https:\/\/anprotec.org.br\/site\/wp-json\/wp\/v2\/posts\/4909\/revisions"}],"predecessor-version":[{"id":4914,"href":"https:\/\/anprotec.org.br\/site\/wp-json\/wp\/v2\/posts\/4909\/revisions\/4914"}],"wp:featuredmedia":[{"embeddable":true,"href":"https:\/\/anprotec.org.br\/site\/wp-json\/wp\/v2\/media\/4912"}],"wp:attachment":[{"href":"https:\/\/anprotec.org.br\/site\/wp-json\/wp\/v2\/media?parent=4909"}],"wp:term":[{"taxonomy":"category","embeddable":true,"href":"https:\/\/anprotec.org.br\/site\/wp-json\/wp\/v2\/categories?post=4909"},{"taxonomy":"post_tag","embeddable":true,"href":"https:\/\/anprotec.org.br\/site\/wp-json\/wp\/v2\/tags?post=4909"},{"taxonomy":"calendar","embeddable":true,"href":"https:\/\/anprotec.org.br\/site\/wp-json\/wp\/v2\/calendar?post=4909"}],"curies":[{"name":"wp","href":"https:\/\/api.w.org\/{rel}","templated":true}]}}