{"id":49019,"date":"2025-01-15T14:36:52","date_gmt":"2025-01-15T17:36:52","guid":{"rendered":"https:\/\/anprotec.org.br\/site\/?p=49019"},"modified":"2025-02-21T17:27:51","modified_gmt":"2025-02-21T20:27:51","slug":"com-apoio-do-sebrae-mais-de-64-mil-pessoas-foram-impactadas-em-eventos-de-startups-em-2024","status":"publish","type":"post","link":"https:\/\/anprotec.org.br\/site\/2025\/01\/com-apoio-do-sebrae-mais-de-64-mil-pessoas-foram-impactadas-em-eventos-de-startups-em-2024\/","title":{"rendered":"Com apoio do Sebrae, mais de 64 mil pessoas foram impactadas em eventos de startups em 2024"},"content":{"rendered":"<div class=\"wp-block-image\"><img decoding=\"async\" loading=\"lazy\" class=\"aligncenter wp-image-48621 size-full\" src=\"https:\/\/anprotec.org.br\/site\/wp-content\/uploads\/2024\/10\/Depositphotos_7511552_XL-scaled-e1729715556981.jpg\" alt=\"\" width=\"800\" height=\"531\" \/><\/div>\n<p>&nbsp;<\/p>\n<p style=\"text-align: left;\">Conhe\u00e7a os n\u00fameros alcan\u00e7ados e os planos para o futuro do ecossistema de startups da institui\u00e7\u00e3o<\/p>\n<p>Incentivar, desenvolver e oferecer suporte para as startups \u00e9 um dos compromissos do Sebrae. Por isso, ao longo do ano de 2024, a institui\u00e7\u00e3o promoveu e apoiou diversos eventos voltados para esse p\u00fablico, como o Startup Summit, o Neon e o Startup Day, que reuniram mais de 64 mil pessoas em cerca de 200 munic\u00edpios espalhados pelo Brasil.<\/p>\n<p><span style=\"font-weight: 400;\">As iniciativas voltadas para esse p\u00fablico foram intensificadas e pulverizadas pelo pa\u00eds todo e somaram uma base de dados de 17 mil startups. <\/span>Somente o Programa Startup Nordeste somou quase 3 mil inscri\u00e7\u00f5es e pr\u00e9-acelerou 1,6 mil startups.<\/p>\n<p>Em 2024 foi o ano tamb\u00e9m do lan\u00e7amento da primeira edi\u00e7\u00e3o do Pr\u00eamio Sebrae Startups, que contabilizou mais de 3,3 mil empresas inscritas. A premia\u00e7\u00e3o teve como objetivo impulsionar a inova\u00e7\u00e3o e o desenvolvimento de solu\u00e7\u00f5es que contribuem para a transforma\u00e7\u00e3o econ\u00f4mica e social do pa\u00eds. Al\u00e9m disso, o Sebrae promoveu o lan\u00e7amento das vitrines de Startups de Impacto Social e Ambiental e das govtechs.<\/p>\n<p>&#8220;Estamos muito felizes com os resultados alcan\u00e7ados neste ano e queremos ainda mais para o ano que vem! Nossa expectativa \u00e9 ter 20 mil startups na nossa base, acelerar 800 empresas no Startup Nordeste e ter uma nova edi\u00e7\u00e3o do Pr\u00eamio Sebrae Startups com 5 mil <span class=\"quote-end\">inscritos&#8221;,\u00a0<\/span>Paulo Puppin, coordenador de programas de Startups e Ecossistemas de Inova\u00e7\u00e3o do Sebrae.<\/p>\n<p>Para 2025, Puppin conta que a ideia tamb\u00e9m \u00e9 lan\u00e7ar um projeto-piloto para idea\u00e7\u00e3o de startups em institui\u00e7\u00f5es de ensino superior com 2 mil neg\u00f3cios inovadores ideados.<\/p>\n<p><strong>Internacional<\/strong><\/p>\n<p>As a\u00e7\u00f5es n\u00e3o foram intensificadas apenas no Brasil e o Sebrae trabalhou para fortalecer internacionalmente o ecossistema de startups. Foram US$ 233 milh\u00f5es em neg\u00f3cios fechados nas iniciativas de internacionaliza\u00e7\u00e3o. O Observat\u00f3rio de Startups, uma plataforma de dados do Sebrae que democratiza o acesso a informa\u00e7\u00f5es sobre startups, teve 58 mil acessos em 27 pa\u00edses, como EUA, China, Portugal, Israel e \u00cdndia.<\/p>\n<p>Fonte: Ag\u00eancia Sebrae<\/p>\n","protected":false},"excerpt":{"rendered":"<p>&nbsp; Conhe\u00e7a os n\u00fameros alcan\u00e7ados e os planos para o<span class=\"excerpt-hellip\"> [\u2026]<\/span><\/p>\n","protected":false},"author":8,"featured_media":48624,"comment_status":"closed","ping_status":"closed","sticky":false,"template":"","format":"standard","meta":{"footnotes":"","_links_to":"","_links_to_target":""},"categories":[3,414],"tags":[],"calendar":[],"_links":{"self":[{"href":"https:\/\/anprotec.org.br\/site\/wp-json\/wp\/v2\/posts\/49019"}],"collection":[{"href":"https:\/\/anprotec.org.br\/site\/wp-json\/wp\/v2\/posts"}],"about":[{"href":"https:\/\/anprotec.org.br\/site\/wp-json\/wp\/v2\/types\/post"}],"author":[{"embeddable":true,"href":"https:\/\/anprotec.org.br\/site\/wp-json\/wp\/v2\/users\/8"}],"replies":[{"embeddable":true,"href":"https:\/\/anprotec.org.br\/site\/wp-json\/wp\/v2\/comments?post=49019"}],"version-history":[{"count":1,"href":"https:\/\/anprotec.org.br\/site\/wp-json\/wp\/v2\/posts\/49019\/revisions"}],"predecessor-version":[{"id":49020,"href":"https:\/\/anprotec.org.br\/site\/wp-json\/wp\/v2\/posts\/49019\/revisions\/49020"}],"wp:featuredmedia":[{"embeddable":true,"href":"https:\/\/anprotec.org.br\/site\/wp-json\/wp\/v2\/media\/48624"}],"wp:attachment":[{"href":"https:\/\/anprotec.org.br\/site\/wp-json\/wp\/v2\/media?parent=49019"}],"wp:term":[{"taxonomy":"category","embeddable":true,"href":"https:\/\/anprotec.org.br\/site\/wp-json\/wp\/v2\/categories?post=49019"},{"taxonomy":"post_tag","embeddable":true,"href":"https:\/\/anprotec.org.br\/site\/wp-json\/wp\/v2\/tags?post=49019"},{"taxonomy":"calendar","embeddable":true,"href":"https:\/\/anprotec.org.br\/site\/wp-json\/wp\/v2\/calendar?post=49019"}],"curies":[{"name":"wp","href":"https:\/\/api.w.org\/{rel}","templated":true}]}}