{"id":48981,"date":"2024-12-18T15:47:46","date_gmt":"2024-12-18T18:47:46","guid":{"rendered":"https:\/\/anprotec.org.br\/site\/?p=48981"},"modified":"2025-02-21T17:21:38","modified_gmt":"2025-02-21T20:21:38","slug":"fndct-executa-100-dos-recursos-disponibilizados-para-2024","status":"publish","type":"post","link":"https:\/\/anprotec.org.br\/site\/2024\/12\/fndct-executa-100-dos-recursos-disponibilizados-para-2024\/","title":{"rendered":"FNDCT executa 100% dos recursos disponibilizados para 2024"},"content":{"rendered":"<div class=\"wp-block-image\"><img decoding=\"async\" loading=\"lazy\" class=\"wp-image-48982 aligncenter\" src=\"https:\/\/anprotec.org.br\/site\/wp-content\/uploads\/2024\/12\/363af3dd-1b6c-4d92-9fa9-bc984b5b70ce-300x200.jpeg\" alt=\"\" width=\"488\" height=\"325\" srcset=\"https:\/\/anprotec.org.br\/site\/wp-content\/uploads\/2024\/12\/363af3dd-1b6c-4d92-9fa9-bc984b5b70ce-300x200.jpeg 300w, https:\/\/anprotec.org.br\/site\/wp-content\/uploads\/2024\/12\/363af3dd-1b6c-4d92-9fa9-bc984b5b70ce-219x146.jpeg 219w, https:\/\/anprotec.org.br\/site\/wp-content\/uploads\/2024\/12\/363af3dd-1b6c-4d92-9fa9-bc984b5b70ce-50x33.jpeg 50w, https:\/\/anprotec.org.br\/site\/wp-content\/uploads\/2024\/12\/363af3dd-1b6c-4d92-9fa9-bc984b5b70ce-113x75.jpeg 113w, https:\/\/anprotec.org.br\/site\/wp-content\/uploads\/2024\/12\/363af3dd-1b6c-4d92-9fa9-bc984b5b70ce.jpeg 768w\" sizes=\"(max-width: 488px) 100vw, 488px\" \/><\/div>\n<p>An\u00fancio foi feito durante reuni\u00e3o extraordin\u00e1ria do Conselho Diretor do fundo e confirmou a execu\u00e7\u00e3o dos R$ 12 bilh\u00f5es em investimento em C,T&amp;I<\/p>\n<p>O Conselho Diretor do Fundo Nacional de Desenvolvimento Cient\u00edfico e Tecnol\u00f3gico (FNDCT) confirmou a execu\u00e7\u00e3o total dos R$ 12,7 bilh\u00f5es de recursos previstos para o fundo em 2024, marcando um investimento recorde em projetos de ci\u00eancia, tecnologia e inova\u00e7\u00e3o (C,T&amp;I). O an\u00fancio foi feito durante uma reuni\u00e3o extraordin\u00e1ria do Conselho, realizada nesta quarta-feira (11).<\/p>\n<p>\u201cEstamos crescendo a cada ano. O or\u00e7amento de 2023 foi de R$ 10 bilh\u00f5es, deste ano foi de R$ 12,7 bilh\u00f5es e n\u00f3s executamos integralmente. Isso mostra que h\u00e1 amplo campo para expans\u00e3o dos investimentos do fundo, as necessidades s\u00e3o muitas e precisam de mais investimentos para serem atendidas\u201d, destacou o secret\u00e1rio-executivo do MCTI, Luis Fernandes, que tamb\u00e9m \u00e9 presidente do Conselho Diretor.<\/p>\n<p>A ministra da Ci\u00eancia, Tecnologia e Inova\u00e7\u00e3o, Luciana Santos, tamb\u00e9m celebrou os avan\u00e7os alcan\u00e7ados pela pasta. \u201cPodemos afirmar que nunca se investiu tanto em ci\u00eancia, tecnologia e inova\u00e7\u00e3o no pa\u00eds. Inserimos programas no PAC, realizamos um dos maiores recursos na \u00e1rea e promovemos a\u00e7\u00f5es para combater as desigualdades regionais. Tamb\u00e9m estamos enfrentando os desafios da transi\u00e7\u00e3o energ\u00e9tica e da transforma\u00e7\u00e3o digital\u201d, afirmou.<\/p>\n<p>Durante a reuni\u00e3o, foi discutida a continuidade da revis\u00e3o dos programas do FNDCT. A previs\u00e3o \u00e9 de que as delibera\u00e7\u00f5es sobre esse processo ocorram a partir de fevereiro do pr\u00f3ximo ano. Outro ponto debatido foi a cria\u00e7\u00e3o de um grupo de trabalho para a revis\u00e3o dos normativos infralegais de governan\u00e7a do fundo.<\/p>\n<p>Luciana Santos encerrou o encontro enfatizando o trabalho realizado para a constru\u00e7\u00e3o de pol\u00edticas p\u00fablicas para C,T&amp;I. \u201cAgrade\u00e7o muito ao exerc\u00edcio de di\u00e1logo deste conselho garantindo uma atua\u00e7\u00e3o consequente dos recursos p\u00fablicos do povo brasileiro para o fomento da ci\u00eancia, tecnologia e inova\u00e7\u00e3o do pa\u00eds\u201d, disse.<\/p>\n<p><b>Or\u00e7amento 2025<\/b><\/p>\n<p>O or\u00e7amento do FNDCT para 2025 ser\u00e1 preservado integralmente e dever\u00e1 ser ampliado. A informa\u00e7\u00e3o foi feita pelo secret\u00e1rio-executivo do MCTI, Luis Fernandes. O valor do fundo para o pr\u00f3ximo ano ser\u00e1 definido no Projeto de Lei Or\u00e7ament\u00e1ria (PLOA), que est\u00e1 em discuss\u00e3o pelo Congresso Nacional.<\/p>\n<p><b>Livro Lil\u00e1s<\/b><\/p>\n<p>Ao final do encontro, houve a apresenta\u00e7\u00e3o do Livro Lil\u00e1s, com uma apresenta\u00e7\u00e3o dos trabalhos da 5\u00aa Confer\u00eancia Nacional de Ci\u00eancia, Tecnologia e Inova\u00e7\u00e3o (5CNCTI). O livro cont\u00e9m o relat\u00f3rio geral da confer\u00eancia e um conjunto de recomenda\u00e7\u00f5es sobre os diversos temas debatidos por especialistas e autoridades de todas as regi\u00f5es do pa\u00eds.<\/p>\n<p>Mat\u00e9ria: https:\/\/www.gov.br\/mcti\/pt-br\/acompanhe-o-mcti\/noticias\/2024\/12\/fndct-executa-100-dos-recursos-disponibilizados-para-2024<\/p>\n","protected":false},"excerpt":{"rendered":"<p>An\u00fancio foi feito durante reuni\u00e3o extraordin\u00e1ria do Conselho Diretor do<span class=\"excerpt-hellip\"> [\u2026]<\/span><\/p>\n","protected":false},"author":8,"featured_media":48984,"comment_status":"closed","ping_status":"closed","sticky":false,"template":"","format":"standard","meta":{"footnotes":"","_links_to":"","_links_to_target":""},"categories":[3,414],"tags":[],"calendar":[],"_links":{"self":[{"href":"https:\/\/anprotec.org.br\/site\/wp-json\/wp\/v2\/posts\/48981"}],"collection":[{"href":"https:\/\/anprotec.org.br\/site\/wp-json\/wp\/v2\/posts"}],"about":[{"href":"https:\/\/anprotec.org.br\/site\/wp-json\/wp\/v2\/types\/post"}],"author":[{"embeddable":true,"href":"https:\/\/anprotec.org.br\/site\/wp-json\/wp\/v2\/users\/8"}],"replies":[{"embeddable":true,"href":"https:\/\/anprotec.org.br\/site\/wp-json\/wp\/v2\/comments?post=48981"}],"version-history":[{"count":2,"href":"https:\/\/anprotec.org.br\/site\/wp-json\/wp\/v2\/posts\/48981\/revisions"}],"predecessor-version":[{"id":48985,"href":"https:\/\/anprotec.org.br\/site\/wp-json\/wp\/v2\/posts\/48981\/revisions\/48985"}],"wp:featuredmedia":[{"embeddable":true,"href":"https:\/\/anprotec.org.br\/site\/wp-json\/wp\/v2\/media\/48984"}],"wp:attachment":[{"href":"https:\/\/anprotec.org.br\/site\/wp-json\/wp\/v2\/media?parent=48981"}],"wp:term":[{"taxonomy":"category","embeddable":true,"href":"https:\/\/anprotec.org.br\/site\/wp-json\/wp\/v2\/categories?post=48981"},{"taxonomy":"post_tag","embeddable":true,"href":"https:\/\/anprotec.org.br\/site\/wp-json\/wp\/v2\/tags?post=48981"},{"taxonomy":"calendar","embeddable":true,"href":"https:\/\/anprotec.org.br\/site\/wp-json\/wp\/v2\/calendar?post=48981"}],"curies":[{"name":"wp","href":"https:\/\/api.w.org\/{rel}","templated":true}]}}