{"id":48926,"date":"2024-12-11T17:40:07","date_gmt":"2024-12-11T20:40:07","guid":{"rendered":"https:\/\/anprotec.org.br\/site\/?p=48926"},"modified":"2025-02-21T17:24:08","modified_gmt":"2025-02-21T20:24:08","slug":"conferencia-anprotec-destaca-ambientes-de-inovacao-na-midia","status":"publish","type":"post","link":"https:\/\/anprotec.org.br\/site\/2024\/12\/conferencia-anprotec-destaca-ambientes-de-inovacao-na-midia\/","title":{"rendered":"Confer\u00eancia Anprotec destaca ambientes de inova\u00e7\u00e3o na m\u00eddia"},"content":{"rendered":"<p>&nbsp;<\/p>\n<div class=\"wp-block-image\"><img decoding=\"async\" loading=\"lazy\" class=\" wp-image-48927 aligncenter\" src=\"https:\/\/anprotec.org.br\/site\/wp-content\/uploads\/2024\/12\/PARCERIA-PIT-E-ANPROTEC_1-300x300.png\" alt=\"\" width=\"372\" height=\"372\" srcset=\"https:\/\/anprotec.org.br\/site\/wp-content\/uploads\/2024\/12\/PARCERIA-PIT-E-ANPROTEC_1-300x300.png 300w, https:\/\/anprotec.org.br\/site\/wp-content\/uploads\/2024\/12\/PARCERIA-PIT-E-ANPROTEC_1-1024x1024.png 1024w, https:\/\/anprotec.org.br\/site\/wp-content\/uploads\/2024\/12\/PARCERIA-PIT-E-ANPROTEC_1-768x768.png 768w, https:\/\/anprotec.org.br\/site\/wp-content\/uploads\/2024\/12\/PARCERIA-PIT-E-ANPROTEC_1-146x146.png 146w, https:\/\/anprotec.org.br\/site\/wp-content\/uploads\/2024\/12\/PARCERIA-PIT-E-ANPROTEC_1-50x50.png 50w, https:\/\/anprotec.org.br\/site\/wp-content\/uploads\/2024\/12\/PARCERIA-PIT-E-ANPROTEC_1-75x75.png 75w, https:\/\/anprotec.org.br\/site\/wp-content\/uploads\/2024\/12\/PARCERIA-PIT-E-ANPROTEC_1-85x85.png 85w, https:\/\/anprotec.org.br\/site\/wp-content\/uploads\/2024\/12\/PARCERIA-PIT-E-ANPROTEC_1-80x80.png 80w, https:\/\/anprotec.org.br\/site\/wp-content\/uploads\/2024\/12\/PARCERIA-PIT-E-ANPROTEC_1.png 1081w\" sizes=\"(max-width: 372px) 100vw, 372px\" \/><\/div>\n<p><span style=\"font-weight: 400;\">A Confer\u00eancia Anprotec 2024 teve uma ampla repercuss\u00e3o na imprensa e nos canais de parceiros do ecossistema de inova\u00e7\u00e3o. Nos 4 dias de evento, mais de 50 mat\u00e9rias foram publicadas, repercutindo o encontro.<\/span><\/p>\n<p><span style=\"font-weight: 400;\">Um dos primeiro destaques do evento ficou com o F\u00f3rum Sebrae de Inova\u00e7\u00e3o que, com o lan\u00e7amento do novo edital do Catalisa ICT, ganhou reportagens na <\/span><a href=\"https:\/\/revistapegn.globo.com\/negocios\/noticia\/2024\/12\/empresas-deep-techs-reunem-especialistas-e-alta-tecnologia.ghtml\"><span style=\"font-weight: 400;\">Pequenas Empresas Grandes Neg\u00f3cios<\/span><\/a><span style=\"font-weight: 400;\">, <\/span><a href=\"https:\/\/agenciabrasil.ebc.com.br\/economia\/noticia\/2024-12\/empresas-deep-techs-reunem-especialistas-e-alta-tecnologia\"><span style=\"font-weight: 400;\">Ag\u00eancia Brasil<\/span><\/a><span style=\"font-weight: 400;\"> e <\/span><a href=\"https:\/\/to.agenciasebrae.com.br\/inovacao-e-tecnologia\/forum-sebrae-de-inovacao-tem-lancamento-do-novo-ciclo-do-catalisa-ict-e-celebra-resultados-transformadores\/\"><span style=\"font-weight: 400;\">Ag\u00eancia Sebrae de Not\u00edcias<\/span><\/a><span style=\"font-weight: 400;\">.<\/span><\/p>\n<p><span style=\"font-weight: 400;\">O movimento de parques tecnol\u00f3gicos tamb\u00e9m foi destaque. A <\/span><a href=\"https:\/\/agenciabrasil.ebc.com.br\/geral\/noticia\/2024-12\/ambiente-de-inovacao-no-desenvolvimento-do-pais-e-tema-de-encontro\"><span style=\"font-weight: 400;\">Ag\u00eancia Brasil<\/span><\/a> <span style=\"font-weight: 400;\">destacou os debates da Confer\u00eancia Anprotec quanto a participa\u00e7\u00e3o dos ambientes de inova\u00e7\u00e3o no desenvolvimento do pa\u00eds. O ve\u00edculo tamb\u00e9m deu destaque para a\u00e7\u00f5es que fomentam a <\/span><a href=\"https:\/\/agenciabrasil.ebc.com.br\/meio-ambiente\/noticia\/2024-12\/produto-da-amazonia-precisa-agregar-valor-na-regiao-diz-especialista\"><span style=\"font-weight: 400;\">inova\u00e7\u00e3o na Amaz\u00f4nia<\/span><\/a><span style=\"font-weight: 400;\">.\u00a0<\/span><\/p>\n<p><span style=\"font-weight: 400;\">O organizador local do evento tamb\u00e9m repercutiu os acontecimentos do evento. O evento refor\u00e7ou a import\u00e2ncia que foi para eles receber a <\/span><a href=\"https:\/\/pitsjc.org.br\/noticias\/gerais\/pit-celebra-o-sucesso-da-34a-conferencia-anprotec-e-destaca-sua-relevancia-no-cenario-nacional-de-inovacao\/\"><span style=\"font-weight: 400;\">Confer\u00eancia Anprotec<\/span><\/a><span style=\"font-weight: 400;\"> e ser o espa\u00e7o para tantas trocas de experi\u00eancias.\u00a0<\/span><\/p>\n<p><span style=\"font-weight: 400;\">Universidades que contam com incubadoras, parques tecnol\u00f3gicos ou algum ambiente de inova\u00e7\u00e3o tamb\u00e9m deram espa\u00e7o para a cobertura do evento. As universidades <\/span><a href=\"https:\/\/www.unioeste.br\/portal\/central-de-noticias\/75258-unioeste-marca-presenca-na-34a-conferencia-da-anprotec\"><span style=\"font-weight: 400;\">Unioeste<\/span><\/a><span style=\"font-weight: 400;\">, <\/span><a href=\"https:\/\/www2.ufjf.br\/critt\/2024\/12\/03\/critt-participa-da-34a-conferencia-da-anprotec\/\"><span style=\"font-weight: 400;\">Universidade Federal de Juiz de Fora<\/span><\/a><span style=\"font-weight: 400;\">, <\/span><a href=\"https:\/\/www.upf.br\/noticia\/upf-parque-e-destaque-em-ciencia-tecnologia-e-inovacao-na-conferencia-anprotec-2024\"><span style=\"font-weight: 400;\">Universidade de Passo Fundo<\/span><\/a><span style=\"font-weight: 400;\">, <\/span><a href=\"https:\/\/www.ifes.edu.br\/noticias\/21712-ifes-marca-presenca-na-34-conferencia-anprotec-com-discussoes-sobre-ambientes-de-inovacao\"><span style=\"font-weight: 400;\">Instituto Federal do Esp\u00edrito Santo<\/span><\/a><span style=\"font-weight: 400;\">, <\/span><a href=\"https:\/\/noticias.ufsc.br\/2024\/12\/professor-da-ufsc-recebe-premio-por-artigo-sobre-interacao-entre-universidade-e-mercado\/\"><span style=\"font-weight: 400;\">Universidade Federal de Santa Catarina<\/span><\/a><span style=\"font-weight: 400;\">, <\/span><a href=\"https:\/\/www2.uepg.br\/agipi\/uepg-recebe-certificado-de-ambientes-promotores-de-inovacao-do-estado-do-parana\/\"><span style=\"font-weight: 400;\">Universidade Estadual de Ponta Grossa<\/span><\/a><span style=\"font-weight: 400;\"> e <\/span><a href=\"https:\/\/www.feevale.br\/acontece\/noticias\/feevale-recebe-da-anprotec-certificacao-cerne-4-para-a-sua-incubadora-tecnologica\"><span style=\"font-weight: 400;\">Universidade FEEVALE<\/span><\/a><span style=\"font-weight: 400;\"> destacaram suas participa\u00e7\u00f5es no evento e tamb\u00e9m os pr\u00eamios ganhos.\u00a0\u00a0<\/span><\/p>\n<p><span style=\"font-weight: 400;\">Os ambientes de inova\u00e7\u00e3o tamb\u00e9m destacaram o evento e suas colabora\u00e7\u00f5es nas suas mat\u00e9rias. O <\/span><a href=\"https:\/\/centev.ufv.br\/trabalhos-do-tecnoparq-ganham-reconhecimento-na-principal-conferencia-de-inovacao-do-brasil-conferencia-anprotec-2024\/\"><span style=\"font-weight: 400;\">TecnoPARQ<\/span><\/a><span style=\"font-weight: 400;\"> destacou os trabalhos que ganharam destaque da Chamada de Trabalhos da Confer\u00eancia Anprotec e o <\/span><a href=\"https:\/\/www.tecnosinos.com.br\/news\/carbon-token-recebe-premio-na-conferencia-anprotec-2024\/\"><span style=\"font-weight: 400;\">Tecnosinos <\/span><\/a><span style=\"font-weight: 400;\">deu destaque a startup que venceu, em terceiro lugar, no Pr\u00eamio Anprotec. J\u00e1 o <\/span><a href=\"https:\/\/pctguama.org.br\/2024\/12\/07\/pct-guama-anuncia-projetos-cientificos-vencedores-da-34a-conferencia-anprotec\/\"><span style=\"font-weight: 400;\">PCT Guam\u00e1<\/span><\/a><span style=\"font-weight: 400;\"> destacou sua participa\u00e7\u00e3o na Comiss\u00e3o Cient\u00edfica do evento que anunciou os vencedores da Chamada de Trabalhos.\u00a0<\/span><\/p>\n<p><span style=\"font-weight: 400;\">As repercuss\u00f5es t\u00e3o positivas encerram o evento com muita alegria e satisfa\u00e7\u00e3o para a Anprotec, que se dedica a realizar um evento de muito conhecimento, inova\u00e7\u00e3o e experi\u00eancias cada vez melhor.\u00a0<\/span><\/p>\n<p><span style=\"font-weight: 400;\">A Confer\u00eancia Anprotec 2024 foi um evento realizado pela Anprotec, em parceria com o Sebrae, e foi sediado pelo Parque de Inova\u00e7\u00e3o Tecnol\u00f3gica de S\u00e3o Jos\u00e9 dos Campos e tem como patrocinadores a Finep e CNPq, do MCTI, al\u00e9m de Confea, Crea e M\u00fatua.<\/span><\/p>\n<p>&nbsp;<\/p>\n","protected":false},"excerpt":{"rendered":"<p>&nbsp; A Confer\u00eancia Anprotec 2024 teve uma ampla repercuss\u00e3o na<span class=\"excerpt-hellip\"> [\u2026]<\/span><\/p>\n","protected":false},"author":8,"featured_media":48927,"comment_status":"closed","ping_status":"closed","sticky":false,"template":"","format":"standard","meta":{"footnotes":"","_links_to":"","_links_to_target":""},"categories":[411,3],"tags":[],"calendar":[],"_links":{"self":[{"href":"https:\/\/anprotec.org.br\/site\/wp-json\/wp\/v2\/posts\/48926"}],"collection":[{"href":"https:\/\/anprotec.org.br\/site\/wp-json\/wp\/v2\/posts"}],"about":[{"href":"https:\/\/anprotec.org.br\/site\/wp-json\/wp\/v2\/types\/post"}],"author":[{"embeddable":true,"href":"https:\/\/anprotec.org.br\/site\/wp-json\/wp\/v2\/users\/8"}],"replies":[{"embeddable":true,"href":"https:\/\/anprotec.org.br\/site\/wp-json\/wp\/v2\/comments?post=48926"}],"version-history":[{"count":2,"href":"https:\/\/anprotec.org.br\/site\/wp-json\/wp\/v2\/posts\/48926\/revisions"}],"predecessor-version":[{"id":48929,"href":"https:\/\/anprotec.org.br\/site\/wp-json\/wp\/v2\/posts\/48926\/revisions\/48929"}],"wp:featuredmedia":[{"embeddable":true,"href":"https:\/\/anprotec.org.br\/site\/wp-json\/wp\/v2\/media\/48927"}],"wp:attachment":[{"href":"https:\/\/anprotec.org.br\/site\/wp-json\/wp\/v2\/media?parent=48926"}],"wp:term":[{"taxonomy":"category","embeddable":true,"href":"https:\/\/anprotec.org.br\/site\/wp-json\/wp\/v2\/categories?post=48926"},{"taxonomy":"post_tag","embeddable":true,"href":"https:\/\/anprotec.org.br\/site\/wp-json\/wp\/v2\/tags?post=48926"},{"taxonomy":"calendar","embeddable":true,"href":"https:\/\/anprotec.org.br\/site\/wp-json\/wp\/v2\/calendar?post=48926"}],"curies":[{"name":"wp","href":"https:\/\/api.w.org\/{rel}","templated":true}]}}