{"id":48912,"date":"2024-12-11T13:53:18","date_gmt":"2024-12-11T16:53:18","guid":{"rendered":"https:\/\/anprotec.org.br\/site\/?p=48912"},"modified":"2025-02-21T17:23:29","modified_gmt":"2025-02-21T20:23:29","slug":"impulso-regional-oferece-premiacoes-que-totalizam-ate-r-660-mil","status":"publish","type":"post","link":"https:\/\/anprotec.org.br\/site\/2024\/12\/impulso-regional-oferece-premiacoes-que-totalizam-ate-r-660-mil\/","title":{"rendered":"Impulso Regional oferece premia\u00e7\u00f5es que totalizam at\u00e9 R$ 660 mil"},"content":{"rendered":"<div class=\"wp-block-image\">\n<div class=\"wp-block-image\"><img decoding=\"async\" loading=\"lazy\" class=\" wp-image-48914 aligncenter\" src=\"https:\/\/anprotec.org.br\/site\/wp-content\/uploads\/2024\/12\/Captura-de-tela-2024-12-11-134325-266x300.png\" alt=\"\" width=\"330\" height=\"372\" srcset=\"https:\/\/anprotec.org.br\/site\/wp-content\/uploads\/2024\/12\/Captura-de-tela-2024-12-11-134325-266x300.png 266w, https:\/\/anprotec.org.br\/site\/wp-content\/uploads\/2024\/12\/Captura-de-tela-2024-12-11-134325-129x146.png 129w, https:\/\/anprotec.org.br\/site\/wp-content\/uploads\/2024\/12\/Captura-de-tela-2024-12-11-134325-44x50.png 44w, https:\/\/anprotec.org.br\/site\/wp-content\/uploads\/2024\/12\/Captura-de-tela-2024-12-11-134325-67x75.png 67w, https:\/\/anprotec.org.br\/site\/wp-content\/uploads\/2024\/12\/Captura-de-tela-2024-12-11-134325.png 650w\" sizes=\"(max-width: 330px) 100vw, 330px\" \/><\/div>\n<\/div>\n<p><i><span style=\"font-weight: 400;\">MIDR, Enap e Impact Hub Basil lan\u00e7am Desafios Acelerados que buscam encontrar solu\u00e7\u00f5es inovadoras para problemas p\u00fablicos\u00a0<\/span><\/i><\/p>\n<p><span style=\"font-weight: 400;\">O Programa Impulso Regional: Acelerando Territ\u00f3rios para a Inova\u00e7\u00e3o est\u00e1 oferecendo premia\u00e7\u00f5es que totalizam at\u00e9 R$ 660 mil, por meio dos Desafios Acelerados. Desenvolvido pelo Minist\u00e9rio da Integra\u00e7\u00e3o e do Desenvolvimento Regional (MIDR), em parceria com a Escola Nacional de Administra\u00e7\u00e3o P\u00fablica (Enap) e o Impact Hub Brasil, os tr\u00eas desafios t\u00eam como objetivo solucionar problemas de ordem p\u00fablica em diversas regi\u00f5es do pa\u00eds. As inscri\u00e7\u00f5es est\u00e3o abertas e v\u00e3o at\u00e9 o dia 18 de dezembro.<\/span><\/p>\n<p><span style=\"font-weight: 400;\">O Impulso Regional \u2013 <\/span><i><span style=\"font-weight: 400;\">Desafios Acelerados<\/span><\/i><span style=\"font-weight: 400;\"> ir\u00e1 disponibilizar apoio t\u00e9cnico e financeiro, promovendo um ciclo de inova\u00e7\u00e3o aberta na primeira etapa e um ciclo de acelera\u00e7\u00e3o na segunda etapa, onde participar\u00e3o apenas as melhores solu\u00e7\u00f5es dos tr\u00eas desafios estrat\u00e9gicos para o desenvolvimento nacional, identificadas na primeira fase.<\/span><\/p>\n<p><span style=\"font-weight: 400;\">O objetivo \u00e9 atrair ideias e projetos que ajudem a resolver quest\u00f5es p\u00fablicas espec\u00edficas e complexas. Cada desafio promove o desenvolvimento sustent\u00e1vel e a melhoria na gest\u00e3o p\u00fablica.<\/span><\/p>\n<p><span style=\"font-weight: 400;\">O primeiro desafio \u00e9 o Ordenamento Territorial no Rio Grande do Sul, que visa desenvolver solu\u00e7\u00f5es para o mapeamento de conflitos e a cria\u00e7\u00e3o de propostas que impactem positivamente o ordenamento territorial. Utilizando dados abertos, as iniciativas devem facilitar a formula\u00e7\u00e3o de pol\u00edticas e a implementa\u00e7\u00e3o de uma agenda de ordenamento territorial para o estado.<\/span><\/p>\n<p><span style=\"font-weight: 400;\">O desafio Desenvolvimento de Capacidades Locais \u00e9 voltado para o fortalecimento das capacidades dos gestores p\u00fablicos locais. O objetivo \u00e9 de buscar solu\u00e7\u00f5es que ajudem esses profissionais a implementar pol\u00edticas p\u00fablicas regionalizadas de forma mais eficaz e escal\u00e1vel. A meta \u00e9 superar a falta de pessoal qualificado e a car\u00eancia de instrumentos, contribuindo para uma gest\u00e3o p\u00fablica sustent\u00e1vel e colaborativa.<\/span><\/p>\n<p><span style=\"font-weight: 400;\">O \u00faltimo desafio tem como foco as Cidades Intermediadoras, buscando explorar o potencial das cidades que desempenham um papel estrat\u00e9gico ao conectar pessoas, neg\u00f3cios e governos, especialmente em regi\u00f5es menos desenvolvidas. A busca \u00e9 por solu\u00e7\u00f5es que ampliem o acesso da popula\u00e7\u00e3o a oportunidades de trabalho, renda e servi\u00e7os essenciais, promovendo, assim, o desenvolvimento socioecon\u00f4mico desses munic\u00edpios.<\/span><\/p>\n<p><span style=\"font-weight: 400;\">A premia\u00e7\u00e3o total de at\u00e9 R$ 660 mil ser\u00e1 distribu\u00edda entre as melhores solu\u00e7\u00f5es. No Ciclo 1, cada uma das tr\u00eas solu\u00e7\u00f5es classificadas nos desafios receber\u00e1 R$ 20 mil. No Ciclo 2, os selecionados ter\u00e3o acesso a um aporte adicional de at\u00e9 R$ 30 mil para aprimoramento das solu\u00e7\u00f5es e uma premia\u00e7\u00e3o especial de R$ 70 mil para as propostas vencedoras ao final do processo de acelera\u00e7\u00e3o.<\/span><\/p>\n<p><span style=\"font-weight: 400;\">Keicielle Schimidt, Coordenadora-Geral de Inova\u00e7\u00e3o Aberta na Diretoria de Inova\u00e7\u00e3o da Enap, explica que <\/span><span style=\"font-weight: 400;\">o ciclo de acelera\u00e7\u00e3o ir\u00e1 contribuir para que as solu\u00e7\u00f5es se tornem servi\u00e7os vi\u00e1veis.<\/span><\/p>\n<p><span style=\"font-weight: 400;\">\u201cNum processo de inova\u00e7\u00e3o aberta, o ciclo de acelera\u00e7\u00e3o \u00e9 um programa que contribui para transformar as solu\u00e7\u00f5es planejadas\/formuladas em produtos ou servi\u00e7os vi\u00e1veis. Nesse processo de acelera\u00e7\u00e3o os participantes ter\u00e3o acesso a mentorias, profissionais especializados, metodologias para o desenvolvimento de modelos de neg\u00f3cio al\u00e9m de uma rede de contatos. A expectativa \u00e9 que, ao final do ciclo, os participantes tenham alcan\u00e7ado\u00a0 um grau de maturidade relevante para as solu\u00e7\u00f5es propostas\u201d, pontua.<\/span><\/p>\n<p><span style=\"font-weight: 400;\">O chamamento p\u00fablico \u00e9 direcionado a empresas, startups, neg\u00f3cios de impacto, Institui\u00e7\u00f5es de Pesquisa Cient\u00edfica e Tecnol\u00f3gica (ICTs) p\u00fablicas e privadas, cooperativas de cr\u00e9dito e organiza\u00e7\u00f5es da sociedade civil, al\u00e9m de cidad\u00e3os brasileiros e estrangeiros maiores de 18 anos.<\/span><\/p>\n<p><span style=\"font-weight: 400;\">As inscri\u00e7\u00f5es s\u00e3o abertas tanto para indiv\u00edduos quanto para equipes, sem limite de membros. Durante o processo de inscri\u00e7\u00e3o, \u00e9 necess\u00e1rio indicar um representante que ser\u00e1 o contato oficial com a organiza\u00e7\u00e3o do evento. Todos os ciclos ser\u00e3o realizados de forma on-line.<\/span><\/p>\n<p><span style=\"font-weight: 400;\">A vice-presidente do Impact Hub Brasil, CEO e s\u00f3cio-fundadora do Impact Bras\u00edlia, Deise Nicoletto, falou da import\u00e2ncia dos desafios de inova\u00e7\u00e3o aberta. \u201c\u00c9 essencial que a sociedade civil se envolva e contribua em desafios como esses, que impactam milhares de pessoas. Acreditamos no poder da colabora\u00e7\u00e3o e de processos coletivos para o desenvolvimento de ideias inovadoras que solucionem problemas de ordem p\u00fablica\u201d, enfatizou.<\/span><\/p>\n<p><span style=\"font-weight: 400;\">Os crit\u00e9rios de avalia\u00e7\u00e3o incluem criatividade, inova\u00e7\u00e3o, ader\u00eancia ao desafio, potencial de escala e viabilidade financeira. As solu\u00e7\u00f5es com maior pontua\u00e7\u00e3o avan\u00e7ar\u00e3o para o Ciclo 2, previsto para ocorrer entre mar\u00e7o e junho de 2025.<\/span><\/p>\n<p><span style=\"font-weight: 400;\">Os interessados devem se inscrever atrav\u00e9s da <\/span><a href=\"https:\/\/appdesafios.enap.gov.br\/desafio\/view\/impulso-regional:-acelerando-territorios-para-a-inovacao-desafios-acelerados\"><span style=\"font-weight: 400;\">Plataforma Desafios<\/span><\/a><span style=\"font-weight: 400;\">, onde estar\u00e3o dispon\u00edveis o <\/span><a href=\"https:\/\/forms.gle\/a29dC5xfPZHr1nM1A\"><span style=\"font-weight: 400;\">formul\u00e1rio de submiss\u00e3o<\/span><\/a><span style=\"font-weight: 400;\"> e os crit\u00e9rios de avalia\u00e7\u00e3o. Cada proposta dever\u00e1 incluir um prot\u00f3tipo da solu\u00e7\u00e3o e um v\u00eddeo pitch de at\u00e9 tr\u00eas minutos, apresentando a inova\u00e7\u00e3o proposta e disponibilizado na plataforma YouTube.<\/span><\/p>\n<p>&nbsp;<\/p>\n<p><b>Servi\u00e7o<\/b><\/p>\n<p><i><span style=\"font-weight: 400;\">Impulso Regional \u2013 Desafios Acelerados <\/span><\/i><span style=\"font-weight: 400;\">\u00a0<\/span><\/p>\n<p><span style=\"font-weight: 400;\">Data das inscri\u00e7\u00f5es: 29 de outubro a 18 de dezembro<\/span><\/p>\n<p><span style=\"font-weight: 400;\">Mais informa\u00e7\u00f5es:\u00a0 <\/span><a href=\"https:\/\/bit.ly\/desafiosacelerados\"><span style=\"font-weight: 400;\">https:\/\/bit.ly\/desafiosacelerados<\/span><\/a><span style=\"font-weight: 400;\">\u00a0<\/span><\/p>\n<p><span style=\"font-weight: 400;\">Inscri\u00e7\u00f5es: <\/span><a href=\"https:\/\/forms.gle\/a29dC5xfPZHr1nM1A\"><span style=\"font-weight: 400;\">https:\/\/forms.gle\/a29dC5xfPZHr1nM1A<\/span><\/a><\/p>\n<p>&nbsp;<\/p>\n","protected":false},"excerpt":{"rendered":"<p>MIDR, Enap e Impact Hub Basil lan\u00e7am Desafios Acelerados que<span class=\"excerpt-hellip\"> [\u2026]<\/span><\/p>\n","protected":false},"author":8,"featured_media":48914,"comment_status":"closed","ping_status":"closed","sticky":false,"template":"","format":"standard","meta":{"footnotes":"","_links_to":"","_links_to_target":""},"categories":[3,383],"tags":[],"calendar":[],"_links":{"self":[{"href":"https:\/\/anprotec.org.br\/site\/wp-json\/wp\/v2\/posts\/48912"}],"collection":[{"href":"https:\/\/anprotec.org.br\/site\/wp-json\/wp\/v2\/posts"}],"about":[{"href":"https:\/\/anprotec.org.br\/site\/wp-json\/wp\/v2\/types\/post"}],"author":[{"embeddable":true,"href":"https:\/\/anprotec.org.br\/site\/wp-json\/wp\/v2\/users\/8"}],"replies":[{"embeddable":true,"href":"https:\/\/anprotec.org.br\/site\/wp-json\/wp\/v2\/comments?post=48912"}],"version-history":[{"count":1,"href":"https:\/\/anprotec.org.br\/site\/wp-json\/wp\/v2\/posts\/48912\/revisions"}],"predecessor-version":[{"id":48915,"href":"https:\/\/anprotec.org.br\/site\/wp-json\/wp\/v2\/posts\/48912\/revisions\/48915"}],"wp:featuredmedia":[{"embeddable":true,"href":"https:\/\/anprotec.org.br\/site\/wp-json\/wp\/v2\/media\/48914"}],"wp:attachment":[{"href":"https:\/\/anprotec.org.br\/site\/wp-json\/wp\/v2\/media?parent=48912"}],"wp:term":[{"taxonomy":"category","embeddable":true,"href":"https:\/\/anprotec.org.br\/site\/wp-json\/wp\/v2\/categories?post=48912"},{"taxonomy":"post_tag","embeddable":true,"href":"https:\/\/anprotec.org.br\/site\/wp-json\/wp\/v2\/tags?post=48912"},{"taxonomy":"calendar","embeddable":true,"href":"https:\/\/anprotec.org.br\/site\/wp-json\/wp\/v2\/calendar?post=48912"}],"curies":[{"name":"wp","href":"https:\/\/api.w.org\/{rel}","templated":true}]}}