{"id":48766,"date":"2024-11-13T13:59:53","date_gmt":"2024-11-13T16:59:53","guid":{"rendered":"https:\/\/anprotec.org.br\/site\/?p=48766"},"modified":"2025-02-21T17:16:16","modified_gmt":"2025-02-21T20:16:16","slug":"anprotec-participa-de-painel-sobre-aceleracao-da-inovacao-aberta-com-foco-na-interacao-ict-empresa-startups-em-encontro-do-fortec","status":"publish","type":"post","link":"https:\/\/anprotec.org.br\/site\/2024\/11\/anprotec-participa-de-painel-sobre-aceleracao-da-inovacao-aberta-com-foco-na-interacao-ict-empresa-startups-em-encontro-do-fortec\/","title":{"rendered":"Anprotec participa de painel sobre acelera\u00e7\u00e3o da inova\u00e7\u00e3o aberta com foco na intera\u00e7\u00e3o ICT-Empresa-Startups em encontro do Fortec"},"content":{"rendered":"<div class=\"wp-block-image\"><\/div>\n<div class=\"wp-block-image\"><img decoding=\"async\" loading=\"lazy\" class=\"aligncenter wp-image-48768 size-full\" src=\"https:\/\/anprotec.org.br\/site\/wp-content\/uploads\/2024\/11\/IMG_1658-scaled-e1731516430367.jpg\" alt=\"\" width=\"800\" height=\"600\" \/><\/div>\n<p>&nbsp;<\/p>\n<p><span style=\"font-weight: 400;\">O XVIII Encontro Nacional FORTEC, realizado de 3 a 6 de novembro no Campus I da Pontif\u00edcia Universidade Cat\u00f3lica de Campinas, destacou o avan\u00e7o da inova\u00e7\u00e3o no Brasil e os desafios futuros em um painel de especialistas intitulado \u201cAcelerando a Inova\u00e7\u00e3o Aberta: Intera\u00e7\u00e3o Inteligente entre Universidade\/ICT\/Empresa\/Startup.\u201d A mesa contou com a participa\u00e7\u00e3o de Adriana Faria, presidente da Anprotec e Diretora Executiva do Parque Tecnol\u00f3gico de Vi\u00e7osa (tecnoPARQ\/UFV), Raquel Chebabi, Diretora do Think Lab Brasil, IBM Research, e membro do Conselho de Administra\u00e7\u00e3o da ANPEI, Elias Ramos de Souza, Diretor de Inova\u00e7\u00e3o na FINEP, e Rafael Pontes, Gerente de Relacionamento Federativo na RNP, sob a modera\u00e7\u00e3o de Ricardo Pereira, Conselheiro Consultivo do FORTEC.<\/span><\/p>\n<p><span style=\"font-weight: 400;\">O evento, organizado pela Associa\u00e7\u00e3o F\u00f3rum Nacional de Gestores de Inova\u00e7\u00e3o e Transfer\u00eancia de Tecnologia (FORTEC), reuniu atores-chave do Sistema Nacional de Inova\u00e7\u00e3o, trazendo uma agenda robusta em Propriedade Intelectual, Transfer\u00eancia de Tecnologia e Inova\u00e7\u00e3o. Sob o tema \u201cInova\u00e7\u00e3o no Brasil: 20 anos de avan\u00e7os e um olhar para o futuro\u201d, o encontro incentivou a colabora\u00e7\u00e3o entre setores governamentais, acad\u00eamicos e industriais para impulsionar a inova\u00e7\u00e3o no Brasil.<\/span><\/p>\n<p><span style=\"font-weight: 400;\">O moderador da mesa, Ricardo Pereira, abriu o painel discutindo as modalidades de inova\u00e7\u00e3o aberta e como diferentes atores podem interagir para impulsionar o setor. Em seguida, Elias Ramos de Souza apresentou o papel estrat\u00e9gico da Finep em fortalecer a colabora\u00e7\u00e3o entre Institui\u00e7\u00f5es de Ci\u00eancia e Tecnologia (ICTs) e o setor empresarial. \u201cA Finep e o Minist\u00e9rio da Ci\u00eancia, Tecnologia e Inova\u00e7\u00e3o (MCTI) t\u00eam priorizado a parceria ICT-Empresa, incentivando a participa\u00e7\u00e3o das ICTs em projetos de pesquisa e desenvolvimento com empresas, uma colabora\u00e7\u00e3o que se tornou crit\u00e9rio obrigat\u00f3rio em editais de subven\u00e7\u00e3o econ\u00f4mica\u201d, explicou Souza. Ele destacou que o n\u00famero de ICTs envolvidas em projetos da Finep cresceu de 73 em 2022 para 96 em 2023, demonstrando o sucesso dos incentivos.<\/span><\/p>\n<p><span style=\"font-weight: 400;\">Raquel Chebabi trouxe a vis\u00e3o da ANPEI sobre a import\u00e2ncia de conectar grandes empresas a startups, fundamental para o aumento da competitividade nacional. Segundo ela, o Brasil melhorou no Global Innovation Index, subindo da 66\u00aa posi\u00e7\u00e3o em 2020 para a 50\u00aa em 2024. Apesar desse avan\u00e7o, Chebabi alertou que 75% das patentes ainda s\u00e3o depositadas por universidades, destacando a necessidade de maior integra\u00e7\u00e3o entre academia e mercado: \u201cO desafio est\u00e1 em aumentar a efici\u00eancia na comunica\u00e7\u00e3o entre esses setores e garantir que a inova\u00e7\u00e3o tenha uma aplica\u00e7\u00e3o pr\u00e1tica\u201d.<\/span><\/p>\n<p><span style=\"font-weight: 400;\">J\u00e1 Adriana Faria, presidente da Anprotec, refor\u00e7ou a import\u00e2ncia de superar o \u201cvale da morte\u201d, uma etapa cr\u00edtica na trajet\u00f3ria das startups que frequentemente as leva ao fracasso devido \u00e0 falta de infraestrutura e financiamento adequados. \u201cEm \u00e1reas de alta complexidade, como biotecnologia e intelig\u00eancia artificial, incubadoras e parques tecnol\u00f3gicos oferecem o suporte essencial em todas as etapas de desenvolvimento das startups\u201d, ressaltou Faria. Ela tamb\u00e9m comentou que, embora o Brasil ocupe a 13\u00aa posi\u00e7\u00e3o mundial em produ\u00e7\u00e3o cient\u00edfica, ainda falta uma conex\u00e3o direta entre pesquisa acad\u00eamica e mercado. Para Adriana, a transfer\u00eancia de tecnologia deve ocorrer desde a g\u00eanese dos projetos de pesquisa, trazendo para este o momento a intera\u00e7\u00e3o entre ICT-Empresa, transformando o tradicional \u201ctechnology push\u201d em um \u201cmarket pull\u201d efetivo, onde a pesquisa \u00e9 orientada pela demanda de mercado.<\/span><\/p>\n<div class=\"wp-block-image\">\n<div class=\"wp-block-image\">\n<div class=\"wp-block-image\"><img decoding=\"async\" loading=\"lazy\" class=\"wp-image-48770 size-full aligncenter\" src=\"https:\/\/anprotec.org.br\/site\/wp-content\/uploads\/2024\/11\/IMG_1660-1-scaled-e1731516837448.jpg\" alt=\"\" width=\"400\" height=\"300\" \/><\/div>\n<\/div>\n<\/div>\n<p>&nbsp;<\/p>\n<p><span style=\"font-weight: 400;\">Ao final do painel, Rafael Pontes, da RNP, destacou que, embora o Brasil tenha um desempenho not\u00e1vel em pesquisa e propriedade intelectual, h\u00e1 uma desconex\u00e3o entre o conhecimento produzido e o mercado. \u201cPrecisamos alinhar o foco de nossas universidades, promovendo a divulga\u00e7\u00e3o das \u00e1reas de compet\u00eancia em que somos excelentes\u201d, afirmou Pontes, propondo que as universidades e ICTs devem anunciar suas \u00e1reas de expertise e valorizar seus resultados para atrair colabora\u00e7\u00f5es estrat\u00e9gicas.<\/span><\/p>\n<p><span style=\"font-weight: 400;\">Com contribui\u00e7\u00f5es relevantes de cada um dos participantes, o painel foi uma oportunidade de reflex\u00e3o sobre o papel fundamental das universidades, ICTs e empresas na acelera\u00e7\u00e3o da inova\u00e7\u00e3o aberta no Brasil. A participa\u00e7\u00e3o da Anprotec refor\u00e7ou a import\u00e2ncia do papel dos ambientes de inova\u00e7\u00e3o, como incubadoras e parques tecnol\u00f3gicos, que se tornam pontos de encontro essenciais entre a pesquisa e o mercado. O evento consolidou o papel do FORTEC como um espa\u00e7o de di\u00e1logo e constru\u00e7\u00e3o conjunta para fortalecer o ecossistema de inova\u00e7\u00e3o brasileiro, incentivando uma colabora\u00e7\u00e3o mais estreita entre os setores e uma melhor compreens\u00e3o do valor estrat\u00e9gico das ICTs e startups no desenvolvimento econ\u00f4mico e social do pa\u00eds.<\/span><\/p>\n<div class=\"wp-block-image\"><img decoding=\"async\" loading=\"lazy\" class=\"aligncenter wp-image-48771 size-full\" src=\"https:\/\/anprotec.org.br\/site\/wp-content\/uploads\/2024\/11\/IMG_1674-scaled-e1731516886407.jpg\" alt=\"\" width=\"400\" height=\"300\" \/><\/div>\n<p>&nbsp;<\/p>\n","protected":false},"excerpt":{"rendered":"<p>&nbsp; O XVIII Encontro Nacional FORTEC, realizado de 3 a<span class=\"excerpt-hellip\"> [\u2026]<\/span><\/p>\n","protected":false},"author":8,"featured_media":48769,"comment_status":"closed","ping_status":"closed","sticky":false,"template":"","format":"standard","meta":{"footnotes":"","_links_to":"","_links_to_target":""},"categories":[416,3],"tags":[],"calendar":[],"_links":{"self":[{"href":"https:\/\/anprotec.org.br\/site\/wp-json\/wp\/v2\/posts\/48766"}],"collection":[{"href":"https:\/\/anprotec.org.br\/site\/wp-json\/wp\/v2\/posts"}],"about":[{"href":"https:\/\/anprotec.org.br\/site\/wp-json\/wp\/v2\/types\/post"}],"author":[{"embeddable":true,"href":"https:\/\/anprotec.org.br\/site\/wp-json\/wp\/v2\/users\/8"}],"replies":[{"embeddable":true,"href":"https:\/\/anprotec.org.br\/site\/wp-json\/wp\/v2\/comments?post=48766"}],"version-history":[{"count":3,"href":"https:\/\/anprotec.org.br\/site\/wp-json\/wp\/v2\/posts\/48766\/revisions"}],"predecessor-version":[{"id":48780,"href":"https:\/\/anprotec.org.br\/site\/wp-json\/wp\/v2\/posts\/48766\/revisions\/48780"}],"wp:featuredmedia":[{"embeddable":true,"href":"https:\/\/anprotec.org.br\/site\/wp-json\/wp\/v2\/media\/48769"}],"wp:attachment":[{"href":"https:\/\/anprotec.org.br\/site\/wp-json\/wp\/v2\/media?parent=48766"}],"wp:term":[{"taxonomy":"category","embeddable":true,"href":"https:\/\/anprotec.org.br\/site\/wp-json\/wp\/v2\/categories?post=48766"},{"taxonomy":"post_tag","embeddable":true,"href":"https:\/\/anprotec.org.br\/site\/wp-json\/wp\/v2\/tags?post=48766"},{"taxonomy":"calendar","embeddable":true,"href":"https:\/\/anprotec.org.br\/site\/wp-json\/wp\/v2\/calendar?post=48766"}],"curies":[{"name":"wp","href":"https:\/\/api.w.org\/{rel}","templated":true}]}}