{"id":48703,"date":"2024-11-01T17:59:40","date_gmt":"2024-11-01T20:59:40","guid":{"rendered":"https:\/\/anprotec.org.br\/site\/?p=48703"},"modified":"2024-11-01T18:01:04","modified_gmt":"2024-11-01T21:01:04","slug":"48703","status":"publish","type":"post","link":"https:\/\/anprotec.org.br\/site\/2024\/11\/48703\/","title":{"rendered":"COPPE &#8211; UFRJ promove evento no dia 13\/11 na Inovateca do Parque Tecnol\u00f3gico"},"content":{"rendered":"<p>&nbsp;<\/p>\n<div class=\"wp-block-image\"><img decoding=\"async\" loading=\"lazy\" class=\" wp-image-48704 aligncenter\" src=\"https:\/\/anprotec.org.br\/site\/wp-content\/uploads\/2024\/11\/o-300x229.png\" alt=\"\" width=\"400\" height=\"305\" srcset=\"https:\/\/anprotec.org.br\/site\/wp-content\/uploads\/2024\/11\/o-300x229.png 300w, https:\/\/anprotec.org.br\/site\/wp-content\/uploads\/2024\/11\/o-191x146.png 191w, https:\/\/anprotec.org.br\/site\/wp-content\/uploads\/2024\/11\/o-50x38.png 50w, https:\/\/anprotec.org.br\/site\/wp-content\/uploads\/2024\/11\/o-98x75.png 98w, https:\/\/anprotec.org.br\/site\/wp-content\/uploads\/2024\/11\/o.png 465w\" sizes=\"(max-width: 400px) 100vw, 400px\" \/><\/div>\n<p>&nbsp;<\/p>\n<p><span style=\"font-weight: 400;\">No dia 13 de novembro, \u00e0s 9h, acontecer\u00e1 a Jornada de Inova\u00e7\u00e3o, um evento voltado para networking e troca de conhecimento. A equipe da COPPE &#8211; UFRJ convida todos a debaterem novas ideias e solu\u00e7\u00f5es na Inovateca, situada no Parque Tecnol\u00f3gico da UFRJ.<\/span><\/p>\n<p><span style=\"font-weight: 400;\">O evento contar\u00e1 com a presen\u00e7a de Rafael Clemente, fundador e CEO da EloGroup, que compartilhar\u00e1 a trajet\u00f3ria da empresa e como tem apoiado clientes em suas jornadas de inova\u00e7\u00e3o e transforma\u00e7\u00e3o digital. A EloGroup j\u00e1 atendeu mais de 300 clientes corporativos, incluindo Petrobras, Coca-Cola e Natura, ajudando-os a desenvolver estrat\u00e9gias inovadoras que aceleram resultados com impacto nacional e internacional.<\/span><\/p>\n<p><span style=\"font-weight: 400;\">Al\u00e9m disso, o time do Instituto de Tecnologia Flextronics (FIT) apresentar\u00e1 o Programa OASIS \u2013 o primeiro programa de acelera\u00e7\u00e3o totalmente hands-on e gratuito do Brasil, com aportes de at\u00e9 R$ 400 mil por startup, sem equity. Essa \u00e9 uma oportunidade \u00fanica para fortalecer o desenvolvimento tecnol\u00f3gico e dar um verdadeiro impulso a quem deseja inovar.<\/span><\/p>\n<p><span style=\"font-weight: 400;\">Interessados podem se inscrever <\/span><a href=\"https:\/\/www.sympla.com.br\/jornadas-de-inovacao-com-elogoup-e-flextronics__2711089\"><span style=\"font-weight: 400;\">aqui<\/span><\/a><span style=\"font-weight: 400;\">!\u00a0<\/span><\/p>\n<p>&nbsp;<\/p>\n","protected":false},"excerpt":{"rendered":"<p>&nbsp; &nbsp; No dia 13 de novembro, \u00e0s 9h, acontecer\u00e1<span class=\"excerpt-hellip\"> [\u2026]<\/span><\/p>\n","protected":false},"author":8,"featured_media":48707,"comment_status":"closed","ping_status":"closed","sticky":false,"template":"","format":"standard","meta":{"footnotes":"","_links_to":"","_links_to_target":""},"categories":[383],"tags":[],"calendar":[],"_links":{"self":[{"href":"https:\/\/anprotec.org.br\/site\/wp-json\/wp\/v2\/posts\/48703"}],"collection":[{"href":"https:\/\/anprotec.org.br\/site\/wp-json\/wp\/v2\/posts"}],"about":[{"href":"https:\/\/anprotec.org.br\/site\/wp-json\/wp\/v2\/types\/post"}],"author":[{"embeddable":true,"href":"https:\/\/anprotec.org.br\/site\/wp-json\/wp\/v2\/users\/8"}],"replies":[{"embeddable":true,"href":"https:\/\/anprotec.org.br\/site\/wp-json\/wp\/v2\/comments?post=48703"}],"version-history":[{"count":2,"href":"https:\/\/anprotec.org.br\/site\/wp-json\/wp\/v2\/posts\/48703\/revisions"}],"predecessor-version":[{"id":48706,"href":"https:\/\/anprotec.org.br\/site\/wp-json\/wp\/v2\/posts\/48703\/revisions\/48706"}],"wp:featuredmedia":[{"embeddable":true,"href":"https:\/\/anprotec.org.br\/site\/wp-json\/wp\/v2\/media\/48707"}],"wp:attachment":[{"href":"https:\/\/anprotec.org.br\/site\/wp-json\/wp\/v2\/media?parent=48703"}],"wp:term":[{"taxonomy":"category","embeddable":true,"href":"https:\/\/anprotec.org.br\/site\/wp-json\/wp\/v2\/categories?post=48703"},{"taxonomy":"post_tag","embeddable":true,"href":"https:\/\/anprotec.org.br\/site\/wp-json\/wp\/v2\/tags?post=48703"},{"taxonomy":"calendar","embeddable":true,"href":"https:\/\/anprotec.org.br\/site\/wp-json\/wp\/v2\/calendar?post=48703"}],"curies":[{"name":"wp","href":"https:\/\/api.w.org\/{rel}","templated":true}]}}