{"id":48676,"date":"2024-10-31T14:19:20","date_gmt":"2024-10-31T17:19:20","guid":{"rendered":"https:\/\/anprotec.org.br\/site\/?p=48676"},"modified":"2025-02-21T16:47:18","modified_gmt":"2025-02-21T19:47:18","slug":"papo-de-inovacao-recebe-adriana-faria-do-tecnoparq-ufv","status":"publish","type":"post","link":"https:\/\/anprotec.org.br\/site\/2024\/10\/papo-de-inovacao-recebe-adriana-faria-do-tecnoparq-ufv\/","title":{"rendered":"Papo de Inova\u00e7\u00e3o recebe Adriana Faria do tecnoPARQ\/UFV"},"content":{"rendered":"<p>&nbsp;<\/p>\n<div class=\"wp-block-image\"><img decoding=\"async\" loading=\"lazy\" class=\" wp-image-48677 aligncenter\" src=\"https:\/\/anprotec.org.br\/site\/wp-content\/uploads\/2024\/10\/adriana-300x247.png\" alt=\"\" width=\"453\" height=\"373\" srcset=\"https:\/\/anprotec.org.br\/site\/wp-content\/uploads\/2024\/10\/adriana-300x247.png 300w, https:\/\/anprotec.org.br\/site\/wp-content\/uploads\/2024\/10\/adriana-1024x842.png 1024w, https:\/\/anprotec.org.br\/site\/wp-content\/uploads\/2024\/10\/adriana-768x631.png 768w, https:\/\/anprotec.org.br\/site\/wp-content\/uploads\/2024\/10\/adriana-178x146.png 178w, https:\/\/anprotec.org.br\/site\/wp-content\/uploads\/2024\/10\/adriana-50x41.png 50w, https:\/\/anprotec.org.br\/site\/wp-content\/uploads\/2024\/10\/adriana-91x75.png 91w, https:\/\/anprotec.org.br\/site\/wp-content\/uploads\/2024\/10\/adriana.png 1123w\" sizes=\"(max-width: 453px) 100vw, 453px\" \/><\/div>\n<p>&nbsp;<\/p>\n<p>N\u00e3o tem como falar em inova\u00e7\u00e3o sem lidar com as empresas. Com essa constata\u00e7\u00e3o, Adriana Ferreira de Faria, professora da Universidade Federal de Vi\u00e7osa (UFV), diretora executiva do Parque Tecnol\u00f3gico de Vi\u00e7osa (tecnoPARQ) e presidente da Associa\u00e7\u00e3o Nacional de Entidades Promotoras de Empreendimentos Inovadores (Anprotec) \u2013 inicia a conversa com gestores e servidores da Funda\u00e7\u00e3o de Amparo \u00e0 Pesquisa do Estado de Minas Gerais (FAPEMIG).<\/p>\n<p>A conversa faz parte do Papo de Inova\u00e7\u00e3o \u2013 projeto que busca ouvir pesquisadores\/ inovadores acerca de sua hist\u00f3ria e sobre como a FAPEMIG ajudou ou atrapalhou sua caminhada profissional.<br \/>\nAdriana relembrou a \u00e9poca em que o tecnoPARQ foi criado, em 2011, quando a Lei de Inova\u00e7\u00e3o n\u00e3o existia. \u201cImaginem como foi falar com a Procuradoria da UFV que ir\u00edamos colocar empresas no parque tecnol\u00f3gico sem licita\u00e7\u00e3o? Tivemos que levar os profissionais da Procuradoria para conhecer os modelos j\u00e1 existentes no pa\u00eds. Se f\u00f4ssemos esperar ter seguran\u00e7a jur\u00eddica naquela \u00e9poca, nada seria feito. Hoje temos 100 empresas vinculadas ao tecnoPARQ\u201d, afirma.<\/p>\n<p>A gestora tamb\u00e9m destacou a cultura inovadora desenvolvida pela UFV, que hoje apresenta a inova\u00e7\u00e3o como seu quarto pilar, ao lado de ensino, pesquisa e extens\u00e3o. \u201cParques tecnol\u00f3gicos s\u00e3o lugares de desenvolvimento, todos s\u00e3o subvencionados com recursos p\u00fablicos. N\u00f3s precisamos de muito investimento em infraestrutura. Criar empresas de base tecnol\u00f3gica \u00e9 algo dif\u00edcil, pois envolve risco iminente. Ter um parque tecnol\u00f3gico no interior \u00e9 ainda mais desafiador, pois n\u00e3o contamos com o corpo industrial das grandes cidades\u201d, lembra.<\/p>\n<p>De acordo com Adriana, para fortalecer a cultura de inova\u00e7\u00e3o no pa\u00eds, \u00e9 preciso sensibilizar alunos e professores para o empreendedorismo, n\u00e3o para ser empres\u00e1rio necessariamente, mas para criar ideias inovadoras. Para isso, \u00e9 importante investir em eventos, programas de acelera\u00e7\u00e3o, incuba\u00e7\u00e3o e em todas as etapas envolvidas no funil de inova\u00e7\u00e3o.<\/p>\n<p>Outro ponto abordado pela pesquisadora foi a import\u00e2ncia de as institui\u00e7\u00f5es de pesquisa e inova\u00e7\u00e3o efetivarem acordos de transfer\u00eancia de tecnologia. Quando \u00f3rg\u00e3os de controle avaliaram a implementa\u00e7\u00e3o do Marco Legal de Ci\u00eancia e Tecnologia, viram que poucas institui\u00e7\u00f5es possuem acordos desse tipo. \u201cSem transfer\u00eancia de tecnologia, a inova\u00e7\u00e3o n\u00e3o acontece. As universidades e parques tecnol\u00f3gicos s\u00e3o fundamentais para preparar os ambientes de inova\u00e7\u00e3o\u201d, refor\u00e7a.<\/p>\n<p><b>Oportunidades de melhoria<\/b><b><br \/>\n<\/b>Adriana considera que iniciativas como Compete Minas, Tecnova e Centelha s\u00e3o muito importantes. Entretanto, h\u00e1 outras quest\u00f5es que a FAPEMIG poderia apoiar para fortalecer a inova\u00e7\u00e3o no Estado. Manter a regularidade dos editais que apoiam ambientes de inova\u00e7\u00e3o, avaliar formas alternativas de contrata\u00e7\u00e3o de profissionais nos Parques Tecnol\u00f3gicos, rever algumas quest\u00f5es do Manual da FAPEMIG, voltar a financiar obras e melhorar continuamente o valor das bolsas s\u00e3o algumas delas.<\/p>\n<p>Texto de: <a href=\"https:\/\/fapemig.br\/pt\/noticias\/1275\/\">https:\/\/fapemig.br\/pt\/noticias\/1275\/<\/a><\/p>\n","protected":false},"excerpt":{"rendered":"<p>&nbsp; &nbsp; N\u00e3o tem como falar em inova\u00e7\u00e3o sem lidar<span class=\"excerpt-hellip\"> [\u2026]<\/span><\/p>\n","protected":false},"author":8,"featured_media":48677,"comment_status":"closed","ping_status":"closed","sticky":false,"template":"","format":"standard","meta":{"footnotes":"","_links_to":"","_links_to_target":""},"categories":[415,3],"tags":[],"calendar":[],"_links":{"self":[{"href":"https:\/\/anprotec.org.br\/site\/wp-json\/wp\/v2\/posts\/48676"}],"collection":[{"href":"https:\/\/anprotec.org.br\/site\/wp-json\/wp\/v2\/posts"}],"about":[{"href":"https:\/\/anprotec.org.br\/site\/wp-json\/wp\/v2\/types\/post"}],"author":[{"embeddable":true,"href":"https:\/\/anprotec.org.br\/site\/wp-json\/wp\/v2\/users\/8"}],"replies":[{"embeddable":true,"href":"https:\/\/anprotec.org.br\/site\/wp-json\/wp\/v2\/comments?post=48676"}],"version-history":[{"count":2,"href":"https:\/\/anprotec.org.br\/site\/wp-json\/wp\/v2\/posts\/48676\/revisions"}],"predecessor-version":[{"id":48679,"href":"https:\/\/anprotec.org.br\/site\/wp-json\/wp\/v2\/posts\/48676\/revisions\/48679"}],"wp:featuredmedia":[{"embeddable":true,"href":"https:\/\/anprotec.org.br\/site\/wp-json\/wp\/v2\/media\/48677"}],"wp:attachment":[{"href":"https:\/\/anprotec.org.br\/site\/wp-json\/wp\/v2\/media?parent=48676"}],"wp:term":[{"taxonomy":"category","embeddable":true,"href":"https:\/\/anprotec.org.br\/site\/wp-json\/wp\/v2\/categories?post=48676"},{"taxonomy":"post_tag","embeddable":true,"href":"https:\/\/anprotec.org.br\/site\/wp-json\/wp\/v2\/tags?post=48676"},{"taxonomy":"calendar","embeddable":true,"href":"https:\/\/anprotec.org.br\/site\/wp-json\/wp\/v2\/calendar?post=48676"}],"curies":[{"name":"wp","href":"https:\/\/api.w.org\/{rel}","templated":true}]}}