{"id":4864,"date":"2013-11-20T13:55:21","date_gmt":"2013-11-20T16:55:21","guid":{"rendered":"http:\/\/anprotec.org.br\/site\/?p=4864"},"modified":"2013-11-27T07:23:18","modified_gmt":"2013-11-27T10:23:18","slug":"ultimos-dias-para-participar-da-pesquisa-da-anprotec","status":"publish","type":"post","link":"https:\/\/anprotec.org.br\/site\/2013\/11\/ultimos-dias-para-participar-da-pesquisa-da-anprotec\/","title":{"rendered":"<!--:pt-->\u00daltimos dias para participar de pesquisa da Anprotec<!--:-->"},"content":{"rendered":"<p><!--:pt--><\/p>\n<p style=\"text-align: justify;\" align=\"center\"><img decoding=\"async\" loading=\"lazy\" class=\"alignleft size-thumbnail wp-image-4751\" alt=\"\" src=\"https:\/\/anprotec.org.br\/site\/wp-content\/uploads\/2013\/11\/shutterstock_124525963_baixaresolu\u00e7\u00e3o-270x160.jpg\" width=\"270\" height=\"160\" \/>Encerra no pr\u00f3ximo dia 25 de novembro, o prazo para participar da pesquisa que est\u00e1 sendo realizada pela Anprotec, em parceria com o Sebrae, com o objetivo de tra\u00e7ar o perfil das empresas graduadas em incubadoras brasileiras. Para colaborar, os gestores desses empreendimentos precisam apenas responder ao question\u00e1rio j\u00e1 enviado pelas incubadoras ou pelo Instituto Christiano Becker de Estudos sobre Desenvolvimento, Empreendedorismo e Inova\u00e7\u00e3o, coordenador da pesquisa. Os resultados coletados \u2013 que ser\u00e3o utilizados de forma geral, sem especificar os nomes e detalhes de cada empresa \u2013 servir\u00e3o para orientar a Associa\u00e7\u00e3o e o Sebrae na busca por pol\u00edticas e programas adequados para empresas inovadoras e que contribuem para o desenvolvimento regional e nacional.<\/p>\n<p style=\"text-align: justify;\">O question\u00e1rio, dispon\u00edvel online somente para as empresas graduadas, cont\u00e9m cerca de 25 itens \u2013 a maioria de preenchimento simples e r\u00e1pido \u2013 que abordam temas diversos, tais como a participa\u00e7\u00e3o da empresa em outros neg\u00f3cios, o recebimento de investimentos de risco e de recursos de fomento, a utiliza\u00e7\u00e3o de cr\u00e9ditos, o lan\u00e7amento e desenvolvimento de produtos e servi\u00e7os, inova\u00e7\u00e3o e obst\u00e1culos.<\/p>\n<p style=\"text-align: justify;\">A Anprotec e o Sebrae est\u00e3o empenhados em mapear a trajet\u00f3ria dos empreendimentos graduados a fim de identificar suas principais conquistas e desafios. No \u00faltimo dia 14 de outubro, em Recife (PE), as duas institui\u00e7\u00f5es reuniram um grupo representativo de empresas no I F\u00f3rum das Empresas Graduadas, que integrou a programa\u00e7\u00e3o pr\u00e9-evento do XXIII Semin\u00e1rio Nacional de Parques Tecnol\u00f3gicos e Incubadoras de Empresas. Na ocasi\u00e3o, as discuss\u00f5es foram focadas, principalmente, em financiamento e internacionaliza\u00e7\u00e3o. Como resultado do F\u00f3rum, as empresas listaram uma s\u00e9rie de a\u00e7\u00f5es indispens\u00e1veis para a gera\u00e7\u00e3o de um ambiente mais favor\u00e1vel ao crescimento de pequenos empreendimentos.<\/p>\n<p><!--:--><\/p>\n","protected":false},"excerpt":{"rendered":"<p><!--:pt-->O prazo para responder ao question\u00e1rio online referente ao estudo sobre o perfil das empresas graduadas por incubadoras brasileiras encerra na pr\u00f3xima segunda-feira. Colabore!<!--:--><\/p>\n","protected":false},"author":8,"featured_media":4751,"comment_status":"open","ping_status":"open","sticky":false,"template":"","format":"standard","meta":{"footnotes":"","_links_to":"","_links_to_target":""},"categories":[3],"tags":[],"calendar":[],"_links":{"self":[{"href":"https:\/\/anprotec.org.br\/site\/wp-json\/wp\/v2\/posts\/4864"}],"collection":[{"href":"https:\/\/anprotec.org.br\/site\/wp-json\/wp\/v2\/posts"}],"about":[{"href":"https:\/\/anprotec.org.br\/site\/wp-json\/wp\/v2\/types\/post"}],"author":[{"embeddable":true,"href":"https:\/\/anprotec.org.br\/site\/wp-json\/wp\/v2\/users\/8"}],"replies":[{"embeddable":true,"href":"https:\/\/anprotec.org.br\/site\/wp-json\/wp\/v2\/comments?post=4864"}],"version-history":[{"count":8,"href":"https:\/\/anprotec.org.br\/site\/wp-json\/wp\/v2\/posts\/4864\/revisions"}],"predecessor-version":[{"id":4948,"href":"https:\/\/anprotec.org.br\/site\/wp-json\/wp\/v2\/posts\/4864\/revisions\/4948"}],"wp:featuredmedia":[{"embeddable":true,"href":"https:\/\/anprotec.org.br\/site\/wp-json\/wp\/v2\/media\/4751"}],"wp:attachment":[{"href":"https:\/\/anprotec.org.br\/site\/wp-json\/wp\/v2\/media?parent=4864"}],"wp:term":[{"taxonomy":"category","embeddable":true,"href":"https:\/\/anprotec.org.br\/site\/wp-json\/wp\/v2\/categories?post=4864"},{"taxonomy":"post_tag","embeddable":true,"href":"https:\/\/anprotec.org.br\/site\/wp-json\/wp\/v2\/tags?post=4864"},{"taxonomy":"calendar","embeddable":true,"href":"https:\/\/anprotec.org.br\/site\/wp-json\/wp\/v2\/calendar?post=4864"}],"curies":[{"name":"wp","href":"https:\/\/api.w.org\/{rel}","templated":true}]}}