{"id":48634,"date":"2024-10-29T17:25:42","date_gmt":"2024-10-29T20:25:42","guid":{"rendered":"https:\/\/anprotec.org.br\/site\/?p=48634"},"modified":"2025-02-21T17:05:38","modified_gmt":"2025-02-21T20:05:38","slug":"diretor-da-anprotec-participa-do-switch-em-singapura","status":"publish","type":"post","link":"https:\/\/anprotec.org.br\/site\/2024\/10\/diretor-da-anprotec-participa-do-switch-em-singapura\/","title":{"rendered":"Diretor da Anprotec participa do SWITCH em Singapura"},"content":{"rendered":"<div class=\"wp-block-image\"><img decoding=\"async\" loading=\"lazy\" class=\"aligncenter wp-image-48636 size-full\" src=\"https:\/\/anprotec.org.br\/site\/wp-content\/uploads\/2024\/10\/WhatsApp-Image-2024-10-29-at-13.34.04-e1730233422216.jpeg\" alt=\"\" width=\"828\" height=\"829\" srcset=\"https:\/\/anprotec.org.br\/site\/wp-content\/uploads\/2024\/10\/WhatsApp-Image-2024-10-29-at-13.34.04-e1730233422216.jpeg 828w, https:\/\/anprotec.org.br\/site\/wp-content\/uploads\/2024\/10\/WhatsApp-Image-2024-10-29-at-13.34.04-e1730233422216-300x300.jpeg 300w, https:\/\/anprotec.org.br\/site\/wp-content\/uploads\/2024\/10\/WhatsApp-Image-2024-10-29-at-13.34.04-e1730233422216-768x769.jpeg 768w, https:\/\/anprotec.org.br\/site\/wp-content\/uploads\/2024\/10\/WhatsApp-Image-2024-10-29-at-13.34.04-e1730233422216-146x146.jpeg 146w, https:\/\/anprotec.org.br\/site\/wp-content\/uploads\/2024\/10\/WhatsApp-Image-2024-10-29-at-13.34.04-e1730233422216-50x50.jpeg 50w, https:\/\/anprotec.org.br\/site\/wp-content\/uploads\/2024\/10\/WhatsApp-Image-2024-10-29-at-13.34.04-e1730233422216-75x75.jpeg 75w, https:\/\/anprotec.org.br\/site\/wp-content\/uploads\/2024\/10\/WhatsApp-Image-2024-10-29-at-13.34.04-e1730233422216-85x85.jpeg 85w, https:\/\/anprotec.org.br\/site\/wp-content\/uploads\/2024\/10\/WhatsApp-Image-2024-10-29-at-13.34.04-e1730233422216-80x80.jpeg 80w\" sizes=\"(max-width: 828px) 100vw, 828px\" \/><\/div>\n<h5 style=\"text-align: center;\"><i><span style=\"font-weight: 400;\">O Diretor de Rela\u00e7\u00f5es Internacionais da Associa\u00e7\u00e3o palestrou com outros profissionais brasileiros em evento internacional<\/span><\/i><\/h5>\n<p><span style=\"font-weight: 400;\">A The Singapore Week of Innovation and Technology (SWITCH) acontece entre os dias 28 e 30 de outubro de 2024 em Singapura. O evento re\u00fane profissionais da \u00e1rea de inova\u00e7\u00e3o e tecnologia do ecossistema de Singapura, mas tamb\u00e9m profissionais de todo o mundo. O Diretor de Rela\u00e7\u00f5es Internacionais da Anprotec, Romildo Toledo, participou do evento na palestra sobre internacionaliza\u00e7\u00e3o dos parques tecnol\u00f3gicos do Brasil.\u00a0<\/span><\/p>\n<p><span style=\"font-weight: 400;\">A palestra \u201cInternationalization of Brazilian Tech Parks: Strategies and Policies for Global Integration\u201d recebeu, al\u00e9m de Romildo, Luciano Mazza, Embaixador da Embaixada Brasileira em Singapura, e Victor Melo, do SEBRAE,\u00a0 no Global Stage. Os palestrantes puderam apresentar as possibilidades para os parques tecnol\u00f3gicos brasileiro expandirem para o mercado internacional e quais as melhores estrat\u00e9gias.\u00a0<\/span><\/p>\n<p><span style=\"font-weight: 400;\">Para Romildo essa participa\u00e7\u00e3o das institui\u00e7\u00f5es e empresas brasileiras \u201c\u00e9 essencial para a expans\u00e3o das startups e parques tecnol\u00f3gicos do Brasil para o mercado internacional. Essa \u00e9 uma oportunidade para conhecer as melhores estrat\u00e9gias e oportunidades para cada neg\u00f3cio\u201d.\u00a0<\/span><\/p>\n<p><span style=\"font-weight: 400;\">O evento se organiza em 3 palcos, Main Stage, Global Stage e Beyond Stage. O Global Stage, onde se apresentaram os brasileiros, \u00e9 destinado a apresentar as oportunidades globais aos participantes. Durante o evento tamb\u00e9m h\u00e1 exposi\u00e7\u00e3o de startups, s\u00e3o cerca de 30 pavilh\u00f5es globais para os participantes explorarem e uma \u00f3tima oportunidade de networking.\u00a0<\/span><\/p>\n<p><b>The Singapore Week of Innovation and Technology<\/b><\/p>\n<p><span style=\"font-weight: 400;\">O foco do evento de inova\u00e7\u00e3o \u00e9 oferecer aos seus participantes a possibilidade de entrar em contato com novas tecnologias, novas ideias e networking, todos a n\u00edvel global. As \u00e1reas de foco das startups s\u00e3o variadas, como solu\u00e7\u00e3o urbana, ci\u00eancia biom\u00e9dica, tecnologia verde e energia.\u00a0<\/span><\/p>\n<p><span style=\"font-weight: 400;\">A The SWITCH Experience \u00e9 dividida em duas categorias: Flagship e Year-Long Innovation Programme. A categoria Flagship \u00e9 o evento realizado entre 28 e 30 de outubro com palestras, exposi\u00e7\u00f5es de startups e investidores. J\u00e1 o Year-Long Programme \u00e9 realizado ao longo de um ano com webinars, programas corporativos e networking com o ecossistema internacional de inova\u00e7\u00e3o.\u00a0<\/span><\/p>\n","protected":false},"excerpt":{"rendered":"<p>O Diretor de Rela\u00e7\u00f5es Internacionais da Associa\u00e7\u00e3o palestrou com outros<span class=\"excerpt-hellip\"> [\u2026]<\/span><\/p>\n","protected":false},"author":8,"featured_media":48635,"comment_status":"closed","ping_status":"closed","sticky":false,"template":"","format":"standard","meta":{"footnotes":"","_links_to":"","_links_to_target":""},"categories":[416,3],"tags":[],"calendar":[],"_links":{"self":[{"href":"https:\/\/anprotec.org.br\/site\/wp-json\/wp\/v2\/posts\/48634"}],"collection":[{"href":"https:\/\/anprotec.org.br\/site\/wp-json\/wp\/v2\/posts"}],"about":[{"href":"https:\/\/anprotec.org.br\/site\/wp-json\/wp\/v2\/types\/post"}],"author":[{"embeddable":true,"href":"https:\/\/anprotec.org.br\/site\/wp-json\/wp\/v2\/users\/8"}],"replies":[{"embeddable":true,"href":"https:\/\/anprotec.org.br\/site\/wp-json\/wp\/v2\/comments?post=48634"}],"version-history":[{"count":2,"href":"https:\/\/anprotec.org.br\/site\/wp-json\/wp\/v2\/posts\/48634\/revisions"}],"predecessor-version":[{"id":48638,"href":"https:\/\/anprotec.org.br\/site\/wp-json\/wp\/v2\/posts\/48634\/revisions\/48638"}],"wp:featuredmedia":[{"embeddable":true,"href":"https:\/\/anprotec.org.br\/site\/wp-json\/wp\/v2\/media\/48635"}],"wp:attachment":[{"href":"https:\/\/anprotec.org.br\/site\/wp-json\/wp\/v2\/media?parent=48634"}],"wp:term":[{"taxonomy":"category","embeddable":true,"href":"https:\/\/anprotec.org.br\/site\/wp-json\/wp\/v2\/categories?post=48634"},{"taxonomy":"post_tag","embeddable":true,"href":"https:\/\/anprotec.org.br\/site\/wp-json\/wp\/v2\/tags?post=48634"},{"taxonomy":"calendar","embeddable":true,"href":"https:\/\/anprotec.org.br\/site\/wp-json\/wp\/v2\/calendar?post=48634"}],"curies":[{"name":"wp","href":"https:\/\/api.w.org\/{rel}","templated":true}]}}