{"id":48630,"date":"2024-10-25T16:15:00","date_gmt":"2024-10-25T19:15:00","guid":{"rendered":"https:\/\/anprotec.org.br\/site\/?p=48630"},"modified":"2025-02-21T16:56:44","modified_gmt":"2025-02-21T19:56:44","slug":"apex-e-softex-selecionam-empresas-e-icts-para-o-mobile-world-congress-2025-em-barcelona","status":"publish","type":"post","link":"https:\/\/anprotec.org.br\/site\/2024\/10\/apex-e-softex-selecionam-empresas-e-icts-para-o-mobile-world-congress-2025-em-barcelona\/","title":{"rendered":"Apex e Softex selecionam empresas e ICTs para o Mobile World Congress 2025 em Barcelona"},"content":{"rendered":"<div class=\"wp-block-image\"><img decoding=\"async\" loading=\"lazy\" class=\"aligncenter wp-image-48631 size-full\" src=\"https:\/\/anprotec.org.br\/site\/wp-content\/uploads\/2024\/10\/EPN_0539-scaled-1024x681-1-e1729883591281.jpg\" alt=\"\" width=\"800\" height=\"532\" \/><\/div>\n<p>&nbsp;<\/p>\n<p style=\"text-align: center;\"><i><span style=\"font-weight: 400;\">O evento acontece em mar\u00e7o de 2025 em Barcelona, Espanha<\/span><\/i><\/p>\n<p><span style=\"font-weight: 400;\">Em parceria, a SOFTEX (Associa\u00e7\u00e3o para Promo\u00e7\u00e3o da Excel\u00eancia do Software Brasileiro) e a Apex-Brasil promovem pelo Brasil IT+ uma miss\u00e3o de startups brasileiras ao Mobile World Congress, em Barcelona na Espanha de 03 a 06 de mar\u00e7o de 2025. Para participar, \u00e9 necess\u00e1rio realizar a inscri\u00e7\u00e3o por formul\u00e1rio. <\/span><a href=\"https:\/\/docs.google.com\/forms\/d\/e\/1FAIpQLScohP2i-os_5r-xd9TYKzVmHNBd6l3zyKqF2ytlz5WK-plBAg\/viewform\"><span style=\"font-weight: 400;\">Clique aqui e se inscreva!<\/span><\/a><\/p>\n<p><span style=\"font-weight: 400;\">A miss\u00e3o tem como objetivo facilitar a participa\u00e7\u00e3o de empresas e Institutos de Ci\u00eancia e Tecnologia (ICTs) do Brasil no evento. Sendo uma \u00f3tima oportunidade para as empresas, na edi\u00e7\u00e3o de 2024 a miss\u00e3o contou com 21 participantes e teve uma gera\u00e7\u00e3o de neg\u00f3cios imediata de cerca de\u00a0 USD 38 milh\u00f5es. Os participantes afirmaram que gostariam de participar numa pr\u00f3xima edi\u00e7\u00e3o.\u00a0<\/span><\/p>\n<p><span style=\"font-weight: 400;\">O Brasil IT+ investe cerca de R$60.000,00 em cada empresa participante para levar ao evento. Al\u00e9m do investimento financeiro, os participantes ter\u00e3o prepara\u00e7\u00e3o para o evento e webinars com representantes do mercado espanhol. As empresas receber\u00e3o 3 (tr\u00eas) credenciais cada e, durante o MWC, poder\u00e3o utilizar a sala de reuni\u00e3o do estande.\u00a0<\/span><\/p>\n<p><span style=\"font-weight: 400;\">A oportunidade exclusiva para assinantes do plano premium do Brasil IT+, \u00e9 um bom caminho para empresas que buscam por networking, internacionaliza\u00e7\u00e3o da empresa, expans\u00e3o estrat\u00e9gica de mercado, visibilidade no mercado europeu e brasileiro. Esta miss\u00e3o busca por empresas que j\u00e1 sejam internacionalizadas ou que querem atuar no mercado internacional.\u00a0<\/span><\/p>\n<p><span style=\"font-weight: 400;\">Ser\u00e3o selecionadas 30 empresas ou ICTs para participar do evento e as inscri\u00e7\u00f5es v\u00e3o at\u00e9 06 de novembro. Para saber mais informa\u00e7\u00f5es e ler o regulamento, acesse <\/span><a href=\"https:\/\/mwc2025.brasilitplus.com\/\"><span style=\"font-weight: 400;\">https:\/\/mwc2025.brasilitplus.com\/<\/span><\/a><span style=\"font-weight: 400;\"> .\u00a0<\/span><\/p>\n","protected":false},"excerpt":{"rendered":"<p>&nbsp; O evento acontece em mar\u00e7o de 2025 em Barcelona,<span class=\"excerpt-hellip\"> [\u2026]<\/span><\/p>\n","protected":false},"author":8,"featured_media":48632,"comment_status":"closed","ping_status":"closed","sticky":false,"template":"","format":"standard","meta":{"footnotes":"","_links_to":"","_links_to_target":""},"categories":[3,383],"tags":[],"calendar":[],"_links":{"self":[{"href":"https:\/\/anprotec.org.br\/site\/wp-json\/wp\/v2\/posts\/48630"}],"collection":[{"href":"https:\/\/anprotec.org.br\/site\/wp-json\/wp\/v2\/posts"}],"about":[{"href":"https:\/\/anprotec.org.br\/site\/wp-json\/wp\/v2\/types\/post"}],"author":[{"embeddable":true,"href":"https:\/\/anprotec.org.br\/site\/wp-json\/wp\/v2\/users\/8"}],"replies":[{"embeddable":true,"href":"https:\/\/anprotec.org.br\/site\/wp-json\/wp\/v2\/comments?post=48630"}],"version-history":[{"count":1,"href":"https:\/\/anprotec.org.br\/site\/wp-json\/wp\/v2\/posts\/48630\/revisions"}],"predecessor-version":[{"id":48633,"href":"https:\/\/anprotec.org.br\/site\/wp-json\/wp\/v2\/posts\/48630\/revisions\/48633"}],"wp:featuredmedia":[{"embeddable":true,"href":"https:\/\/anprotec.org.br\/site\/wp-json\/wp\/v2\/media\/48632"}],"wp:attachment":[{"href":"https:\/\/anprotec.org.br\/site\/wp-json\/wp\/v2\/media?parent=48630"}],"wp:term":[{"taxonomy":"category","embeddable":true,"href":"https:\/\/anprotec.org.br\/site\/wp-json\/wp\/v2\/categories?post=48630"},{"taxonomy":"post_tag","embeddable":true,"href":"https:\/\/anprotec.org.br\/site\/wp-json\/wp\/v2\/tags?post=48630"},{"taxonomy":"calendar","embeddable":true,"href":"https:\/\/anprotec.org.br\/site\/wp-json\/wp\/v2\/calendar?post=48630"}],"curies":[{"name":"wp","href":"https:\/\/api.w.org\/{rel}","templated":true}]}}