{"id":4861,"date":"2013-11-19T12:10:57","date_gmt":"2013-11-19T15:10:57","guid":{"rendered":"http:\/\/anprotec.org.br\/site\/?p=4861"},"modified":"2013-11-19T12:11:36","modified_gmt":"2013-11-19T15:11:36","slug":"itcg-tem-programacao-especial-para-a-sge-2013","status":"publish","type":"post","link":"https:\/\/anprotec.org.br\/site\/2013\/11\/itcg-tem-programacao-especial-para-a-sge-2013\/","title":{"rendered":"<!--:pt-->ITCG tem programa\u00e7\u00e3o especial para a SGE 2013<!--:-->"},"content":{"rendered":"<p><!--:pt--><\/p>\n<p style=\"text-align: justify;\" align=\"center\"><img decoding=\"async\" loading=\"lazy\" class=\"alignleft size-thumbnail wp-image-4745\" alt=\"\" src=\"https:\/\/anprotec.org.br\/site\/wp-content\/uploads\/2013\/11\/20131105-Logo-SGE-270x160.jpg\" width=\"270\" height=\"160\" \/>Potenciais empreendedores, empres\u00e1rios, investidores, pesquisadores e agentes de inova\u00e7\u00e3o da Para\u00edba ter\u00e3o dois dias de atividades intensas nesta <a href=\"http:\/\/www.semanaglobal.org.br\/\" target=\"_blank\">Semana Global do Empreendedorismo<\/a> (SGE). A <a href=\"http:\/\/www.paqtc.org.br\/portal_novo\/3versao\/html_itcg\/incubadora.jsp\" target=\"_blank\">Incubadora Tecnol\u00f3gica de Campina Grande<\/a> (ITCG) programou, com o objetivo de fomentar o surgimento de iniciativas inovadoras e empreendedoras no estado, tr\u00eas palestras, tr\u00eas oficinas e uma mesa redonda para os pr\u00f3ximos dias 21 e 22, no Audit\u00f3rio do Centro de Inova\u00e7\u00e3o e Tecnologia Telmo Ara\u00fajo (Citta), em Campina Grande (PB).<\/p>\n<p style=\"text-align: justify;\">O primeiro dia iniciar\u00e1 \u00e0s 9h30 com a palestra \u201cEcossistemas de neg\u00f3cios inovadores na Para\u00edba\u201d, conduzida por Francilene Garcia, presidente da Anprotec, secret\u00e1ria executiva de Ci\u00eancia Tecnologia e Inova\u00e7\u00e3o da Para\u00edba, diretora geral da <a href=\"http:\/\/www.paqtc.org.br\/\" target=\"_blank\">Funda\u00e7\u00e3o Parque Tecnol\u00f3gico da Para\u00edba<\/a> (PaqTcPB) e professora da <a href=\"http:\/\/www.ufcg.edu.br\/index1.php\" target=\"_blank\">Universidade Federal de Campina Grande<\/a> (UFCG). A programa\u00e7\u00e3o da quinta-feira seguir\u00e1 com uma palestra do <a href=\"http:\/\/www.sebrae.com.br\/\" target=\"_blank\">Servi\u00e7o Brasileiro de Apoio \u00e0s Micro e Pequenas Empresas<\/a>\u00a0(Sebrae) sobre estrat\u00e9gias de sucesso para empres\u00e1rios, \u00e0s 10h45, e encerrar\u00e1 com a oficina \u201cSei planejar\u201d, das 14h \u00e0s 18h, ministrada tamb\u00e9m pelo Sebrae.<\/p>\n<p style=\"text-align: justify;\">Na manh\u00e3 do dia 22, ser\u00e3o oferecidas duas oficinas: \u201cEmpreender atrav\u00e9s do licenciamento de tecnologias\u201d, \u00e0s 9h30, e \u201cDesign thinking \u2013 uma forma inovadora de pensar neg\u00f3cios\u201d, \u00e0s 10h45. A primeira ser\u00e1 ministrada pelo pesquisador em propriedade industrial do <a href=\"http:\/\/www.marcasepatentes.pt\/index.php?section=1\" target=\"_blank\">Instituto Nacional da Propriedade Industrial<\/a> (INPI), Armando de Oliveira Mender Neto, e a segunda pela professora Unidade Acad\u00eamica de Desenho Industrial da UFCG, Cleone Souza.<\/p>\n<p style=\"text-align: justify;\">Das 14h \u00e0s 16h, Hyggo Almeida, professor do Departamento de Sistemas e Computa\u00e7\u00e3o da UFCG, conduzir\u00e1 uma mesa redonda com depoimentos de empreendedores de sucesso sobre suas iniciativas. Estar\u00e3o na discuss\u00e3o o diretor-presidente da <a href=\"http:\/\/www.vaolivre.com.br\/index.html\" target=\"_blank\">V\u00e3o Livre<\/a>, Alexandre Lira, o diretor da\u00a0<a href=\"http:\/\/www.softcomtecnologia.com.br\/index.php\" target=\"_blank\">Softcom Tecnologia<\/a>\u00a0e vice-presidente do <a href=\"http:\/\/www.ppq.com.br\/\" target=\"_blank\">Programa Paraibano da Qualidade<\/a>\u00a0(PPQ), Renato Rodrigues, e o diretor comercial da <a href=\"http:\/\/www.campinafm.com.br\/\" target=\"_blank\">R\u00e1dio Campina FM<\/a>, Felipe Motta. Para encerrar a programa\u00e7\u00e3o do ITCG na SGE 2013, das 16h15 \u00e0s 18h, Luiz Borges de Medeiros Neto, s\u00f3cio e diretor de private equity da <a href=\"http:\/\/www.riobravo.com.br\/default.aspx\" target=\"_blank\">Rio Bravo Investimentos<\/a>, apresentar\u00e1 a palestra \u201cO que um investidor quer saber sobre seu empreendimento\u201d.<\/p>\n<p style=\"text-align: justify;\">Mais informa\u00e7\u00f5es: (83) 21019030 \/ itcg@paqtc.org.br<\/p>\n<p><!--:--><\/p>\n","protected":false},"excerpt":{"rendered":"<p><!--:pt-->A Incubadora Tecnol\u00f3gica de Campina Grande oferecer\u00e1, nos pr\u00f3ximos dias 21 e 22, tr\u00eas palestras, tr\u00eas oficinas e uma mesa redonda. As atividades fazem parte da Semana Global do Empreendedorismo.<!--:--><\/p>\n","protected":false},"author":8,"featured_media":4745,"comment_status":"open","ping_status":"open","sticky":false,"template":"","format":"standard","meta":{"footnotes":"","_links_to":"","_links_to_target":""},"categories":[3],"tags":[],"calendar":[],"_links":{"self":[{"href":"https:\/\/anprotec.org.br\/site\/wp-json\/wp\/v2\/posts\/4861"}],"collection":[{"href":"https:\/\/anprotec.org.br\/site\/wp-json\/wp\/v2\/posts"}],"about":[{"href":"https:\/\/anprotec.org.br\/site\/wp-json\/wp\/v2\/types\/post"}],"author":[{"embeddable":true,"href":"https:\/\/anprotec.org.br\/site\/wp-json\/wp\/v2\/users\/8"}],"replies":[{"embeddable":true,"href":"https:\/\/anprotec.org.br\/site\/wp-json\/wp\/v2\/comments?post=4861"}],"version-history":[{"count":2,"href":"https:\/\/anprotec.org.br\/site\/wp-json\/wp\/v2\/posts\/4861\/revisions"}],"predecessor-version":[{"id":4863,"href":"https:\/\/anprotec.org.br\/site\/wp-json\/wp\/v2\/posts\/4861\/revisions\/4863"}],"wp:featuredmedia":[{"embeddable":true,"href":"https:\/\/anprotec.org.br\/site\/wp-json\/wp\/v2\/media\/4745"}],"wp:attachment":[{"href":"https:\/\/anprotec.org.br\/site\/wp-json\/wp\/v2\/media?parent=4861"}],"wp:term":[{"taxonomy":"category","embeddable":true,"href":"https:\/\/anprotec.org.br\/site\/wp-json\/wp\/v2\/categories?post=4861"},{"taxonomy":"post_tag","embeddable":true,"href":"https:\/\/anprotec.org.br\/site\/wp-json\/wp\/v2\/tags?post=4861"},{"taxonomy":"calendar","embeddable":true,"href":"https:\/\/anprotec.org.br\/site\/wp-json\/wp\/v2\/calendar?post=4861"}],"curies":[{"name":"wp","href":"https:\/\/api.w.org\/{rel}","templated":true}]}}