{"id":48598,"date":"2024-10-23T15:25:25","date_gmt":"2024-10-23T18:25:25","guid":{"rendered":"https:\/\/anprotec.org.br\/site\/?p=48598"},"modified":"2025-02-21T16:57:53","modified_gmt":"2025-02-21T19:57:53","slug":"chamada-publica-investe-valor-recorde-de-r-15-bilhao-em-institutos-nacionais-de-ciencia-e-tecnologia","status":"publish","type":"post","link":"https:\/\/anprotec.org.br\/site\/2024\/10\/chamada-publica-investe-valor-recorde-de-r-15-bilhao-em-institutos-nacionais-de-ciencia-e-tecnologia\/","title":{"rendered":"Chamada p\u00fablica investe valor recorde de R$ 1,5 bilh\u00e3o em Institutos Nacionais de Ci\u00eancia e Tecnologia"},"content":{"rendered":"<div class=\"wp-block-image\"><img decoding=\"async\" loading=\"lazy\" class=\"alignnone size-medium wp-image-48600 aligncenter\" src=\"https:\/\/anprotec.org.br\/site\/wp-content\/uploads\/2024\/10\/A-300x200.jpeg\" alt=\"\" width=\"300\" height=\"200\" srcset=\"https:\/\/anprotec.org.br\/site\/wp-content\/uploads\/2024\/10\/A-300x200.jpeg 300w, https:\/\/anprotec.org.br\/site\/wp-content\/uploads\/2024\/10\/A-219x146.jpeg 219w, https:\/\/anprotec.org.br\/site\/wp-content\/uploads\/2024\/10\/A-50x33.jpeg 50w, https:\/\/anprotec.org.br\/site\/wp-content\/uploads\/2024\/10\/A-113x75.jpeg 113w, https:\/\/anprotec.org.br\/site\/wp-content\/uploads\/2024\/10\/A.jpeg 768w\" sizes=\"(max-width: 300px) 100vw, 300px\" \/><\/div>\n<p>&nbsp;<\/p>\n<p>MCTI, CNPq e parceiros lan\u00e7am nova chamada do Programa INCT para apoiar institutos em todo o pa\u00eds; valor por proposta \u00e9 duplicado, e regi\u00f5es Norte, Nordeste e Centro-Oeste t\u00eam prioridade<\/p>\n<p>Para expandir e consolidar os Institutos Nacionais de Ci\u00eancia e Tecnologia (INCTs) no Brasil, uma nova <a class=\"external-link\" title=\"\" href=\"https:\/\/www.gov.br\/cnpq\/pt-br\/assuntos\/noticias\/cnpq-em-acao\/cnpq-lanca-nova-chamada-para-o-programa-institutos-nacionais-de-ciencia-e-tecnologia-inct\/chamada-cnpq-inct-2024_14-10-2024_final_pub.pdf\" target=\"_blank\" rel=\"noopener\" data-tippreview-enabled=\"false\" data-tippreview-image=\"\" data-tippreview-title=\"\">chamada p\u00fablica<\/a>\u00a0vai investir o valor recorde de R$ 1,5 bilh\u00e3o na cria\u00e7\u00e3o e manuten\u00e7\u00e3o dos institutos. O edital do Programa INCT, iniciativa do Minist\u00e9rio da Ci\u00eancia, Tecnologia e Inova\u00e7\u00e3o (MCTI) executada pelo Conselho Nacional de Desenvolvimento Cient\u00edfico e Tecnol\u00f3gico (CNPq), recebe propostas at\u00e9 9 de dezembro.<\/p>\n<p>O Programa INCT conta atualmente com 202 institutos. A nova chamada dever\u00e1 apoiar, no m\u00ednimo, 100 institutos pelos pr\u00f3ximos cinco anos. Os INCTs atuam em projetos de tem\u00e1ticas complexas e s\u00e3o formados por grandes redes nacionais de pesquisa, com \u00eanfase na coopera\u00e7\u00e3o internacional e voltadas ao desenvolvimento de projetos de alto impacto cient\u00edfico e tecnol\u00f3gico.<\/p>\n<p>\u201cH\u00e1 muito a comemorar. Nesta quinta edi\u00e7\u00e3o temos a maior chamada p\u00fablica do programa, um valor cinco vezes superior ao anunciado na \u00faltima edi\u00e7\u00e3o, em 2022\u201d, celebrou a ministra da Ci\u00eancia, Tecnologia e Inova\u00e7\u00e3o, Luciana Santos, na cerim\u00f4nia de an\u00fancio da chamada p\u00fablica. A ministra destacou os investimentos de diversas institui\u00e7\u00f5es na chamada p\u00fablica. \u201cEsse \u00e9 um arranjo importante. Juntar recursos numa determinada dire\u00e7\u00e3o\u201d, apontou.<\/p>\n<p>O maior aporte de recursos, de R$ 1 bilh\u00e3o, ser\u00e1 do Fundo Nacional de Desenvolvimento Cient\u00edfico e Tecnol\u00f3gico (FNDCT). A Fapesp investe outros R$ 200 milh\u00f5es; a Faperj aporta R$ 150 milh\u00f5es; a Sectis, do Minist\u00e9rio da Sa\u00fade, investe R$ 100 milh\u00f5es; a Capes e a Fapemig aportam R$ 50 milh\u00f5es cada; e a Fapes, R$ 10 milh\u00f5es. Ao longo da execu\u00e7\u00e3o da chamada, funda\u00e7\u00f5es de amparo \u00e0 pesquisa de outros estados podem aderir e aportar mais recursos ao programa.<\/p>\n<p>Presidente da Capes, Denise Pires de Carvalho ressaltou a coopera\u00e7\u00e3o entre as institui\u00e7\u00f5es na chamada p\u00fablica. \u201cEste \u00e9 o s\u00e9culo da coopera\u00e7\u00e3o, e o INCT coloca cientistas atuando em rede, de diferentes regi\u00f5es e institui\u00e7\u00f5es, para responder \u00e0s perguntas da atualidade e aproximar a academia da sociedade\u201d. Denise lembrou que o Programa INCT teve sua primeira edi\u00e7\u00e3o em 2008. \u201cFoi brilhante. Era como se a ci\u00eancia brasileira estivesse entrando no s\u00e9culo 21 e considero um dos editais mais importantes para o pa\u00eds\u201d, afirmou.<\/p>\n<p><strong>Novidades<\/strong><\/p>\n<p>Al\u00e9m do volume in\u00e9dito de investimento, a chamada do Programa INCT traz outras novidades. Pelo menos 30% dos recursos do FNDCT ser\u00e3o destinados a propostas de institui\u00e7\u00f5es localizadas nas regi\u00f5es Norte, Nordeste ou Centro-Oeste, como forma de promover o desenvolvimento cient\u00edfico nessas \u00e1reas e reduzir a desigualdade nacional.<\/p>\n<p>O programa tamb\u00e9m duplica o limite do valor por proposta, que poder\u00e1 ter um or\u00e7amento total de at\u00e9 R$ 15 milh\u00f5es &#8211; mais que o dobro do limite de R$ 7 milh\u00f5es da chamada de 2022. Esses recursos devem englobar aportes em custeio, capital e bolsas, de modo a proporcionar apoio completo para o desenvolvimento das pesquisas selecionadas.<\/p>\n<p>Para a diretora de Apoio aos Ecossistemas de Inova\u00e7\u00e3o do MCTI, Sheila Oliveira, a chamada representa um passo significativo para o fortalecimento da pesquisa e inova\u00e7\u00e3o no Brasil.\u00a0 \u201cOs INCTs desempenham um papel crucial no Sistema Nacional de Ci\u00eancia, Tecnologia e Inova\u00e7\u00e3o, funcionando como catalisadores de conhecimento que promovem a colabora\u00e7\u00e3o entre universidades, centros de pesquisa e o setor produtivo\u201d ressalta.<\/p>\n<p>Segundo a diretora do MCTI, ao integrar esfor\u00e7os de pesquisa e desenvolvimento, os institutos geram ci\u00eancia de alta qualidade, estimulam a forma\u00e7\u00e3o de capital humano qualificado e impulsionam a inova\u00e7\u00e3o nas empresas, permitindo que novas tecnologias e solu\u00e7\u00f5es sejam rapidamente transferidas para o mercado. \u201cEm um cen\u00e1rio global cada vez mais desafiador, o investimento em ci\u00eancia e tecnologia se torna um pilar estrat\u00e9gico para o desenvolvimento sustent\u00e1vel e a transforma\u00e7\u00e3o da economia brasileira\u201d, destaca.<\/p>\n<p><strong>Temas estrat\u00e9gicos<\/strong><\/p>\n<p>A chamada p\u00fablica destaca os temas estrat\u00e9gicos e priorit\u00e1rios para atua\u00e7\u00e3o dos INCTs, entre eles: intelig\u00eancia artificial; transforma\u00e7\u00e3o digital; nanotecnologia e tecnologias qu\u00e2nticas; minerais estrat\u00e9gicos; terapias avan\u00e7adas, medicamentos, vacinas e dispositivos para o Complexo Econ\u00f4mico-Industrial da Sa\u00fade; biotecnologia e uso sustent\u00e1vel da biodiversidade; transi\u00e7\u00e3o para uma matriz energ\u00e9tica sustent\u00e1vel e mudan\u00e7as clim\u00e1ticas.<br \/>\nO coordenador t\u00e9cnico de Programas e Projetos Multic\u00eantricos no CNPq, Alexandre Rodrigues de Oliveira, afirma que a previs\u00e3o \u00e9 de que as propostas aprovadas comecem a vigorar em maio de 2025.\u00a0 \u201cA ideia \u00e9 apoiar pelo menos 100 INCTs pelos pr\u00f3ximos 60 meses\u201d, explica.<\/p>\n<p>Cada INCT dever\u00e1 ser sediado na institui\u00e7\u00e3o \u00e0 qual for vinculado seu coordenador, que deve ser bolsista de produtividade em Pesquisa ou Desenvolvimento Tecnol\u00f3gico do CNPq ou PQ S\u00eanior, ou ter perfil equivalente caso n\u00e3o seja bolsista. A institui\u00e7\u00e3o precisar\u00e1 demonstrar capacidade de captar recursos adicionais e dever\u00e1 trabalhar em conjunto com laborat\u00f3rios ou grupos de outras institui\u00e7\u00f5es, formando redes de pesquisa.<\/p>\n<p>Coordenadores e vice-coordenadores de INCTs contemplados na chamada INCT\u00a0 58\/2022 n\u00e3o poder\u00e3o se apresentar como proponentes de projetos na nova chamada. Todas as propostas ser\u00e3o avaliadas de forma igualit\u00e1ria, independentemente da submiss\u00e3o por grupos que j\u00e1 tiveram INCT aprovados em chamadas anteriores.<\/p>\n<p>O Programa INCT foi criado em 2008, fruto de uma parceria exitosa entre o CNPq e o MCTI, e posteriormente contou com a participa\u00e7\u00e3o das funda\u00e7\u00f5es estaduais de amparo \u00e0 pesquisa. Nos 16 anos de vig\u00eancia do programa, foram estabelecidas mais de 1.835 parcerias nacionais e 1.302 internacionais, incluindo 515 coopera\u00e7\u00f5es com empresas brasileiras e mais de 139 estrangeiras, al\u00e9m da forma\u00e7\u00e3o de pessoas com alto grau de capacita\u00e7\u00e3o e especializa\u00e7\u00e3o em todas as \u00e1reas do conhecimento.<\/p>\n<p>Mat\u00e9ria completa: <a href=\"https:\/\/www.gov.br\/mcti\/pt-br\/acompanhe-o-mcti\/noticias\/2024\/10\/chamada-publica-investe-valor-recorde-de-r-1-5-bilhao-em-institutos-nacionais-de-ciencia-e-tecnologia\">https:\/\/www.gov.br\/mcti\/pt-br\/acompanhe-o-mcti\/noticias\/2024\/10\/chamada-publica-investe-valor-recorde-de-r-1-5-bilhao-em-institutos-nacionais-de-ciencia-e-tecnologia<\/a><\/p>\n","protected":false},"excerpt":{"rendered":"<p>&nbsp; MCTI, CNPq e parceiros lan\u00e7am nova chamada do Programa<span class=\"excerpt-hellip\"> [\u2026]<\/span><\/p>\n","protected":false},"author":8,"featured_media":48600,"comment_status":"closed","ping_status":"closed","sticky":false,"template":"","format":"standard","meta":{"footnotes":"","_links_to":"","_links_to_target":""},"categories":[383,414],"tags":[],"calendar":[],"_links":{"self":[{"href":"https:\/\/anprotec.org.br\/site\/wp-json\/wp\/v2\/posts\/48598"}],"collection":[{"href":"https:\/\/anprotec.org.br\/site\/wp-json\/wp\/v2\/posts"}],"about":[{"href":"https:\/\/anprotec.org.br\/site\/wp-json\/wp\/v2\/types\/post"}],"author":[{"embeddable":true,"href":"https:\/\/anprotec.org.br\/site\/wp-json\/wp\/v2\/users\/8"}],"replies":[{"embeddable":true,"href":"https:\/\/anprotec.org.br\/site\/wp-json\/wp\/v2\/comments?post=48598"}],"version-history":[{"count":2,"href":"https:\/\/anprotec.org.br\/site\/wp-json\/wp\/v2\/posts\/48598\/revisions"}],"predecessor-version":[{"id":48603,"href":"https:\/\/anprotec.org.br\/site\/wp-json\/wp\/v2\/posts\/48598\/revisions\/48603"}],"wp:featuredmedia":[{"embeddable":true,"href":"https:\/\/anprotec.org.br\/site\/wp-json\/wp\/v2\/media\/48600"}],"wp:attachment":[{"href":"https:\/\/anprotec.org.br\/site\/wp-json\/wp\/v2\/media?parent=48598"}],"wp:term":[{"taxonomy":"category","embeddable":true,"href":"https:\/\/anprotec.org.br\/site\/wp-json\/wp\/v2\/categories?post=48598"},{"taxonomy":"post_tag","embeddable":true,"href":"https:\/\/anprotec.org.br\/site\/wp-json\/wp\/v2\/tags?post=48598"},{"taxonomy":"calendar","embeddable":true,"href":"https:\/\/anprotec.org.br\/site\/wp-json\/wp\/v2\/calendar?post=48598"}],"curies":[{"name":"wp","href":"https:\/\/api.w.org\/{rel}","templated":true}]}}