{"id":48595,"date":"2024-10-23T15:18:15","date_gmt":"2024-10-23T18:18:15","guid":{"rendered":"https:\/\/anprotec.org.br\/site\/?p=48595"},"modified":"2025-02-21T16:58:16","modified_gmt":"2025-02-21T19:58:16","slug":"anprotec-participa-de-webinar-no-mes-da-inovacao-promovido-pelo-mcti","status":"publish","type":"post","link":"https:\/\/anprotec.org.br\/site\/2024\/10\/anprotec-participa-de-webinar-no-mes-da-inovacao-promovido-pelo-mcti\/","title":{"rendered":"Anprotec participa de webinar no m\u00eas da Inova\u00e7\u00e3o promovido pelo MCTI"},"content":{"rendered":"<p>&nbsp;<\/p>\n<div class=\"wp-block-image\">\n<div class=\"wp-block-image\"><img decoding=\"async\" loading=\"lazy\" class=\"aligncenter wp-image-48597 size-full\" src=\"https:\/\/anprotec.org.br\/site\/wp-content\/uploads\/2024\/10\/WhatsApp-Image-2024-10-23-at-13.32.26-1-e1729707461464.jpeg\" alt=\"\" width=\"800\" height=\"800\" \/><\/div>\n<\/div>\n<p><span style=\"font-weight: 400;\">O Minist\u00e9rio da Ci\u00eancia, Tecnologia e Inova\u00e7\u00e3o (MCTI) comemora no pr\u00f3ximo 29 de outubro o Dia da Inova\u00e7\u00e3o. Em celebra\u00e7\u00e3o \u00e0 data, ser\u00e1 realizado o\u00a0 \u201cWebinar M\u00eas da Inova\u00e7\u00e3o: Inova\u00e7\u00e3o para um Brasil mais justo, desenvolvido e sustent\u00e1vel\u201d para discutir a import\u00e2ncia da inova\u00e7\u00e3o no desenvolvimento do pa\u00eds. O evento come\u00e7a \u00e0s 14h30 com a participa\u00e7\u00e3o da Ministra Luciana Santos e Daniel Almeida, secret\u00e1rio de Desenvolvimento Tecnol\u00f3gico e Inova\u00e7\u00e3o. Logo ap\u00f3s a abertura, acontecer\u00e3o outras atividades em que a Anprotec marcar\u00e1 presen\u00e7a.\u00a0<\/span><\/p>\n<p><span style=\"font-weight: 400;\">O primeiro painel denominado \u201cEmpresas de base tecnol\u00f3gica: Como a gera\u00e7\u00e3o de empresas inovadoras pode contribuir para o desenvolvimento do pa\u00eds\u201d se inicia \u00e0s 14h45. Nele, estar\u00e3o presentes Adriana Faria, presidente da Anprotec, Ingrid Barth (ABStartups), Fernanda Stiebler (FINEP) e Renato Cabral (Sebrae).\u00a0<\/span><\/p>\n<p><span style=\"font-weight: 400;\">J\u00e1 \u00e0s 16h, acontece o segundo painel intitulado \u201cMiss\u00f5es estrat\u00e9gicas nacionais: como universidades e empresas podem alinhar iniciativas de inova\u00e7\u00e3o e desenvolvimento do Brasil\u201d. Os palestrantes deste bloco s\u00e3o M\u00e1rcio Ramos (CNPq), Guila Calheiros (EMBRAPII), Gesil Amarante (FORTEC) e Marco Braga (ANPEI).\u00a0<\/span><\/p>\n<p><span style=\"font-weight: 400;\">A inova\u00e7\u00e3o influencia cada vez mais o desenvolvimento social e tecnol\u00f3gico das cidades e, dessa maneira, do pa\u00eds.\u00a0 Durante o evento, ser\u00e1 poss\u00edvel compreender de forma mais profunda e com especialistas essa influ\u00eancia e o papel da inova\u00e7\u00e3o, parques tecnol\u00f3gicos e ambientes de inova\u00e7\u00e3o no desenvolvimento social, econ\u00f4mico e tecnol\u00f3gico do pa\u00eds.\u00a0<\/span><\/p>\n<p><span style=\"font-weight: 400;\">Todas estas atividades acontecer\u00e3o no dia 29 de outubro a partir das 14h30 pelo canal do <a href=\"https:\/\/www.youtube.com\/@mcti\" target=\"_blank\" rel=\"noopener\">Youtube do MCTI<\/a>. <\/span><\/p>\n","protected":false},"excerpt":{"rendered":"<p>&nbsp; O Minist\u00e9rio da Ci\u00eancia, Tecnologia e Inova\u00e7\u00e3o (MCTI) comemora<span class=\"excerpt-hellip\"> [\u2026]<\/span><\/p>\n","protected":false},"author":8,"featured_media":48596,"comment_status":"closed","ping_status":"closed","sticky":false,"template":"","format":"standard","meta":{"footnotes":"","_links_to":"","_links_to_target":""},"categories":[416,3],"tags":[],"calendar":[],"_links":{"self":[{"href":"https:\/\/anprotec.org.br\/site\/wp-json\/wp\/v2\/posts\/48595"}],"collection":[{"href":"https:\/\/anprotec.org.br\/site\/wp-json\/wp\/v2\/posts"}],"about":[{"href":"https:\/\/anprotec.org.br\/site\/wp-json\/wp\/v2\/types\/post"}],"author":[{"embeddable":true,"href":"https:\/\/anprotec.org.br\/site\/wp-json\/wp\/v2\/users\/8"}],"replies":[{"embeddable":true,"href":"https:\/\/anprotec.org.br\/site\/wp-json\/wp\/v2\/comments?post=48595"}],"version-history":[{"count":1,"href":"https:\/\/anprotec.org.br\/site\/wp-json\/wp\/v2\/posts\/48595\/revisions"}],"predecessor-version":[{"id":48599,"href":"https:\/\/anprotec.org.br\/site\/wp-json\/wp\/v2\/posts\/48595\/revisions\/48599"}],"wp:featuredmedia":[{"embeddable":true,"href":"https:\/\/anprotec.org.br\/site\/wp-json\/wp\/v2\/media\/48596"}],"wp:attachment":[{"href":"https:\/\/anprotec.org.br\/site\/wp-json\/wp\/v2\/media?parent=48595"}],"wp:term":[{"taxonomy":"category","embeddable":true,"href":"https:\/\/anprotec.org.br\/site\/wp-json\/wp\/v2\/categories?post=48595"},{"taxonomy":"post_tag","embeddable":true,"href":"https:\/\/anprotec.org.br\/site\/wp-json\/wp\/v2\/tags?post=48595"},{"taxonomy":"calendar","embeddable":true,"href":"https:\/\/anprotec.org.br\/site\/wp-json\/wp\/v2\/calendar?post=48595"}],"curies":[{"name":"wp","href":"https:\/\/api.w.org\/{rel}","templated":true}]}}