{"id":48589,"date":"2024-10-23T14:56:10","date_gmt":"2024-10-23T17:56:10","guid":{"rendered":"https:\/\/anprotec.org.br\/site\/?p=48589"},"modified":"2025-02-21T16:58:30","modified_gmt":"2025-02-21T19:58:30","slug":"xv-inovar-seminario-de-empreendedorismo-inovacao-e-desenvolvimento","status":"publish","type":"post","link":"https:\/\/anprotec.org.br\/site\/2024\/10\/xv-inovar-seminario-de-empreendedorismo-inovacao-e-desenvolvimento\/","title":{"rendered":"XV Inovar  &#8211; Semin\u00e1rio de Empreendedorismo, Inova\u00e7\u00e3o e Desenvolvimento"},"content":{"rendered":"<div class=\"wp-block-image\"><img decoding=\"async\" loading=\"lazy\" class=\" wp-image-48590 aligncenter\" src=\"https:\/\/anprotec.org.br\/site\/wp-content\/uploads\/2024\/10\/XV-Inovar-50-1-300x200.jpg\" alt=\"\" width=\"426\" height=\"284\" srcset=\"https:\/\/anprotec.org.br\/site\/wp-content\/uploads\/2024\/10\/XV-Inovar-50-1-300x200.jpg 300w, https:\/\/anprotec.org.br\/site\/wp-content\/uploads\/2024\/10\/XV-Inovar-50-1-1024x683.jpg 1024w, https:\/\/anprotec.org.br\/site\/wp-content\/uploads\/2024\/10\/XV-Inovar-50-1-768x512.jpg 768w, https:\/\/anprotec.org.br\/site\/wp-content\/uploads\/2024\/10\/XV-Inovar-50-1-1536x1024.jpg 1536w, https:\/\/anprotec.org.br\/site\/wp-content\/uploads\/2024\/10\/XV-Inovar-50-1-scaled.jpg 2048w, https:\/\/anprotec.org.br\/site\/wp-content\/uploads\/2024\/10\/XV-Inovar-50-1-219x146.jpg 219w, https:\/\/anprotec.org.br\/site\/wp-content\/uploads\/2024\/10\/XV-Inovar-50-1-50x33.jpg 50w, https:\/\/anprotec.org.br\/site\/wp-content\/uploads\/2024\/10\/XV-Inovar-50-1-113x75.jpg 113w\" sizes=\"(max-width: 426px) 100vw, 426px\" \/><\/div>\n<div><\/div>\n<p><span style=\"font-weight: 400;\">Entre os dias 15 e 16 de outubro, ocorreu o XV Inovar, mais uma edi\u00e7\u00e3o do Semin\u00e1rio de Empreendedorismo, Inova\u00e7\u00e3o e Desenvolvimento,\u00a0 promovido pelo tecnoPARQ, da Universidade Federal de Vi\u00e7osa. O evento atraiu mais de 650 participantes, estudantes, pesquisadores, professores, empres\u00e1rios e p\u00fablico em geral com o semin\u00e1rio que fomentou a cultura empreendedora e o aprimoramento de habilidades essenciais para o crescimento acad\u00eamico e profissional.<\/span><\/p>\n<p><span style=\"font-weight: 400;\">A mesa de abertura teve como integrantes Adriana Ferreira de Faria, Diretora Executiva do TecnoPARQ e presidente da Anprotec,\u00a0 e Demetrius David da Silva, Reitor da Universidade Federal de Vi\u00e7osa.\u00a0<\/span><\/p>\n<p><span style=\"font-weight: 400;\">O evento tamb\u00e9m homenageou Francylara Castro, por seus cinco anos de contribui\u00e7\u00e3o \u00e0 Incubadora do tecnoPARQ, e Adriana Faria, reconhecida pelo Dia dos Professores e por sua nomea\u00e7\u00e3o ao Pr\u00eamio Digital Transformation Awards.<\/span><\/p>\n<p><span style=\"font-weight: 400;\">O XV Inovar<\/span> <span style=\"font-weight: 400;\">foi marcado pela variada programa\u00e7\u00e3o de palestras, pain\u00e9is e workshops. No dia 15, com o tema \u201cInovar e cooperar para desenvolver uma cidade inteligente, pr\u00f3spera e socialmente justa\u201d, o evento enfatizou a import\u00e2ncia de converter desafios locais em oportunidades de progresso.<\/span><\/p>\n<p><span style=\"font-weight: 400;\">E, para finalizar, no dia 16 de outubro, o XV Inovar continuou com workshops que abordaram temas como An\u00e1lise de Dados, Autoconhecimento para l\u00edderes e Sustentabilidade na gest\u00e3o de res\u00edduos. Essas atividades ofereceram ferramentas pr\u00e1ticas para enfrentar os desafios do empreendedorismo e fortalecer o ecossistema de inova\u00e7\u00e3o.<\/span><\/p>\n","protected":false},"excerpt":{"rendered":"<p>Entre os dias 15 e 16 de outubro, ocorreu o<span class=\"excerpt-hellip\"> [\u2026]<\/span><\/p>\n","protected":false},"author":8,"featured_media":48591,"comment_status":"closed","ping_status":"closed","sticky":false,"template":"","format":"standard","meta":{"footnotes":"","_links_to":"","_links_to_target":""},"categories":[3,383],"tags":[],"calendar":[],"_links":{"self":[{"href":"https:\/\/anprotec.org.br\/site\/wp-json\/wp\/v2\/posts\/48589"}],"collection":[{"href":"https:\/\/anprotec.org.br\/site\/wp-json\/wp\/v2\/posts"}],"about":[{"href":"https:\/\/anprotec.org.br\/site\/wp-json\/wp\/v2\/types\/post"}],"author":[{"embeddable":true,"href":"https:\/\/anprotec.org.br\/site\/wp-json\/wp\/v2\/users\/8"}],"replies":[{"embeddable":true,"href":"https:\/\/anprotec.org.br\/site\/wp-json\/wp\/v2\/comments?post=48589"}],"version-history":[{"count":2,"href":"https:\/\/anprotec.org.br\/site\/wp-json\/wp\/v2\/posts\/48589\/revisions"}],"predecessor-version":[{"id":48593,"href":"https:\/\/anprotec.org.br\/site\/wp-json\/wp\/v2\/posts\/48589\/revisions\/48593"}],"wp:featuredmedia":[{"embeddable":true,"href":"https:\/\/anprotec.org.br\/site\/wp-json\/wp\/v2\/media\/48591"}],"wp:attachment":[{"href":"https:\/\/anprotec.org.br\/site\/wp-json\/wp\/v2\/media?parent=48589"}],"wp:term":[{"taxonomy":"category","embeddable":true,"href":"https:\/\/anprotec.org.br\/site\/wp-json\/wp\/v2\/categories?post=48589"},{"taxonomy":"post_tag","embeddable":true,"href":"https:\/\/anprotec.org.br\/site\/wp-json\/wp\/v2\/tags?post=48589"},{"taxonomy":"calendar","embeddable":true,"href":"https:\/\/anprotec.org.br\/site\/wp-json\/wp\/v2\/calendar?post=48589"}],"curies":[{"name":"wp","href":"https:\/\/api.w.org\/{rel}","templated":true}]}}