{"id":48584,"date":"2024-10-15T17:18:37","date_gmt":"2024-10-15T20:18:37","guid":{"rendered":"https:\/\/anprotec.org.br\/site\/?p=48584"},"modified":"2025-02-21T16:58:42","modified_gmt":"2025-02-21T19:58:42","slug":"projeto-ha-ia-capacita-49-ambientes-associados-a-anprotec","status":"publish","type":"post","link":"https:\/\/anprotec.org.br\/site\/2024\/10\/projeto-ha-ia-capacita-49-ambientes-associados-a-anprotec\/","title":{"rendered":"Projeto HA.IA capacita 49 ambientes associados \u00e0 Anprotec"},"content":{"rendered":"<h5><img decoding=\"async\" loading=\"lazy\" class=\"aligncenter wp-image-48585 size-full\" src=\"https:\/\/anprotec.org.br\/site\/wp-content\/uploads\/2024\/10\/Prancheta-1-2-e1729283806654.png\" alt=\"Card de divulga\u00e7\u00e3o projeto HA.IA\" width=\"800\" height=\"800\" \/><\/h5>\n<h5 style=\"text-align: center;\"><i><span style=\"font-weight: 400;\">Iniciativa orientou profissionais para o desenvolvimento das startups com tecnologia de ponta\u00a0<\/span><\/i><\/h5>\n<p><span style=\"font-weight: 400;\">A iniciativa do Centro de Compet\u00eancia EMBRAPII VIRTUS (VIRTUS-CC) da Universidade Federal de Campina Grande (UFCG), apoiada pela Anprotec, finalizou a capacita\u00e7\u00e3o HA.IA com 100% de aproveitamento de seus participantes. O projeto, que teve in\u00edcio em julho, capacitou 145 pessoas de 49 ambientes associados \u00e0 Anprotec em 19 estados diferentes. Entre os crit\u00e9rios de inscri\u00e7\u00e3o estava: ser associado Anprotec e ter o cadastro atualizado no InovaLink.\u00a0<\/span><\/p>\n<p><span style=\"font-weight: 400;\">O HA.IA tinha como objetivo capacitar os profissionais das aceleradoras e incubadoras para facilitar o desenvolvimento das startups com tecnologias de Plataforma de Sensoriamento Inteligente para a Ind\u00fastria. Todas as incubadoras e aceleradoras participantes cumpriram os requisitos de presen\u00e7a, atividades e submeteram o plano de a\u00e7\u00e3o final.\u00a0<\/span><\/p>\n<p><span style=\"font-weight: 400;\">As capacita\u00e7\u00f5es online s\u00edncronas e ass\u00edncronas somaram 50 horas de aprendizado divididos entre tem\u00e1ticas como:\u00a0<\/span><\/p>\n<ul>\n<li style=\"font-weight: 400;\" aria-level=\"1\"><i><span style=\"font-weight: 400;\">Onboarding<\/span><\/i><span style=\"font-weight: 400;\">;\u00a0<\/span><\/li>\n<li style=\"font-weight: 400;\" aria-level=\"1\"><span style=\"font-weight: 400;\">Forma\u00e7\u00e3o e fundamentos de plataformas de hardware inteligente para a ind\u00fastria;<\/span><\/li>\n<li style=\"font-weight: 400;\" aria-level=\"1\"><span style=\"font-weight: 400;\">Tecnologias inteligentes integradas;<\/span><\/li>\n<li style=\"font-weight: 400;\" aria-level=\"1\"><span style=\"font-weight: 400;\">Automa\u00e7\u00e3o e dados;<\/span><\/li>\n<li style=\"font-weight: 400;\" aria-level=\"1\"><span style=\"font-weight: 400;\">Capta\u00e7\u00e3o de recursos para solu\u00e7\u00f5es de inova\u00e7\u00e3o e tecnologia;\u00a0<\/span><\/li>\n<\/ul>\n<p><span style=\"font-weight: 400;\">\u201cEssa foi uma \u00f3tima oportunidade para nossos associados se capacitarem em tecnologias de ponta com foco na Ind\u00fastria 4.0. A parceria com o Centro de Compet\u00eancia EMBRAPII VIRTUS (VIRTUS-CC) foi essencial para enriquecer o conhecimento dos associados sobre sensoreamento remoto e integra\u00e7\u00e3o de tecnologias, dentre outros tema, para o desenvolvimento das suas startups\u201d, comentou Ma\u00edra Nobre, diretora de Redes e Associados, sobre o projeto.\u00a0<\/span><\/p>\n<p><span style=\"font-weight: 400;\">Ao final das capacita\u00e7\u00f5es, os participantes desenvolveram um plano de apoio para startups que produzem software ou hardware inteligente para a ind\u00fastria. Confira os tr\u00eas vencedores:\u00a0<\/span><\/p>\n<p><span style=\"font-weight: 400;\">1\u00ba Lugar: Criatec Incubadora de Empresas de Inova\u00e7\u00e3o Tecnol\u00f3gica<\/span><\/p>\n<p><span style=\"font-weight: 400;\">2\u00ba Lugar: Polo Tecnol\u00f3gico e Criativo da UFPE &#8211; POLOTEC\u00a0<\/span><\/p>\n<p><span style=\"font-weight: 400;\">3\u00ba Lugar:\u00a0 Programa Apollo &#8211; UPF Parque &#8211; Universidade de Passo Fundo<\/span><\/p>\n<p><span style=\"font-weight: 400;\">Os ganhadores receber\u00e3o uma premia\u00e7\u00e3o durante a 34\u00b0 Confer\u00eancia Anprotec, em dezembro.\u00a0<\/span><\/p>\n<p><span style=\"font-weight: 400;\">Os 49 associados certificados pelo projeto HA.IA est\u00e3o listados abaixo:\u00a0<\/span><\/p>\n<ul>\n<li style=\"font-weight: 400;\" aria-level=\"1\"><span style=\"font-weight: 400;\">Ag\u00eancia Nutec de Inova\u00e7\u00e3o\u00a0<\/span><\/li>\n<li style=\"font-weight: 400;\" aria-level=\"1\"><span style=\"font-weight: 400;\">Ambiente de Inova\u00e7\u00e3o- Itec da Universidade Franciscana\u00a0<\/span><\/li>\n<li style=\"font-weight: 400;\" aria-level=\"1\"><span style=\"font-weight: 400;\">Centro de Apoio ao Desenvolvimento Tecnol\u00f3gico &#8211; CDT\/UnB\u00a0<\/span><\/li>\n<li style=\"font-weight: 400;\" aria-level=\"1\"><span style=\"font-weight: 400;\">Centro de Empreendimentos em Inform\u00e1tica &#8211; CEI.UFRGS\u00a0<\/span><\/li>\n<li style=\"font-weight: 400;\" aria-level=\"1\"><span style=\"font-weight: 400;\">Centro Incubador Tecnol\u00f3gico &#8211; Fundetec\u00a0<\/span><\/li>\n<li style=\"font-weight: 400;\" aria-level=\"1\"><span style=\"font-weight: 400;\">CIAEM\u00a0<\/span><\/li>\n<li style=\"font-weight: 400;\" aria-level=\"1\"><span style=\"font-weight: 400;\">Cilla Tech Park\u00a0<\/span><\/li>\n<li style=\"font-weight: 400;\" aria-level=\"1\"><span style=\"font-weight: 400;\">CONECTA UFMA\u00a0<\/span><\/li>\n<li style=\"font-weight: 400;\" aria-level=\"1\"><span style=\"font-weight: 400;\">Criatec Incubadora de Empresas de Inova\u00e7\u00e3o Tecnol\u00f3gica\u00a0<\/span><\/li>\n<li style=\"font-weight: 400;\" aria-level=\"1\"><span style=\"font-weight: 400;\">FabriQ Aceleradora\u00a0<\/span><\/li>\n<li style=\"font-weight: 400;\" aria-level=\"1\"><span style=\"font-weight: 400;\">G\u00eanesis PUC-Rio\u00a0<\/span><\/li>\n<li style=\"font-weight: 400;\" aria-level=\"1\"><span style=\"font-weight: 400;\">GETIN Aceleradora\u00a0<\/span><\/li>\n<li style=\"font-weight: 400;\" aria-level=\"1\"><span style=\"font-weight: 400;\">Incubadora do Parque Tecnol\u00f3gico Horizontes de Inova\u00e7\u00e3o\u00a0<\/span><\/li>\n<li style=\"font-weight: 400;\" aria-level=\"1\"><span style=\"font-weight: 400;\">Hub BHTEC\u00a0<\/span><\/li>\n<li style=\"font-weight: 400;\" aria-level=\"1\"><span style=\"font-weight: 400;\">HUBIZ ACELERADORA DE NEGOCIOS\u00a0<\/span><\/li>\n<li style=\"font-weight: 400;\" aria-level=\"1\"><span style=\"font-weight: 400;\">INCAMP &#8211; Incubadora da Unicamp\u00a0<\/span><\/li>\n<li style=\"font-weight: 400;\" aria-level=\"1\"><span style=\"font-weight: 400;\">Incubadora 14 bis\/ Parqtec\u00a0<\/span><\/li>\n<li style=\"font-weight: 400;\" aria-level=\"1\"><span style=\"font-weight: 400;\">INCUBADORA BIOPARK\u00a0<\/span><\/li>\n<li style=\"font-weight: 400;\" aria-level=\"1\"><span style=\"font-weight: 400;\">Incubadora de Base Tecnol\u00f3gica do Critt &#8211; UFJF\u00a0<\/span><\/li>\n<li style=\"font-weight: 400;\" aria-level=\"1\"><span style=\"font-weight: 400;\">Incubadora de Base tecnol\u00f3gica de S\u00e3o Paulo (USP\/IPEN) \/ Centro de Inova\u00e7\u00e3o Empreendedorismo e Tecnologia (CIETEC)\u00a0<\/span><\/li>\n<li style=\"font-weight: 400;\" aria-level=\"1\"><span style=\"font-weight: 400;\">Incubadora de Desenvolvimento Tecnol\u00f3gico &#8211; INDETEC\u00a0<\/span><\/li>\n<li style=\"font-weight: 400;\" aria-level=\"1\"><span style=\"font-weight: 400;\">Incubadora de Empreendimentos de Impacto do IFAC (INCUBAC)\u00a0<\/span><\/li>\n<li style=\"font-weight: 400;\" aria-level=\"1\"><span style=\"font-weight: 400;\">Incubadora de Empresas de Base Tecnol\u00f3gica da UFLA &#8211; Inbatec\u00a0<\/span><\/li>\n<li style=\"font-weight: 400;\" aria-level=\"1\"><span style=\"font-weight: 400;\">Incubadora de Empresas de Base Tecnol\u00f3gica da Universidade Federal de Alfenas \u2013 NidusTec\u00a0<\/span><\/li>\n<li style=\"font-weight: 400;\" aria-level=\"1\"><span style=\"font-weight: 400;\">Incubadora de Empresas do IF Goiano Campus Rio Verde &#8211; IF FOR BUSINESS\u00a0<\/span><\/li>\n<li style=\"font-weight: 400;\" aria-level=\"1\"><span style=\"font-weight: 400;\">Incubadora de Empresas do IFCE Campus Fortaleza\u00a0<\/span><\/li>\n<li style=\"font-weight: 400;\" aria-level=\"1\"><span style=\"font-weight: 400;\">Incubadora do IFES\u00a0<\/span><\/li>\n<li style=\"font-weight: 400;\" aria-level=\"1\"><span style=\"font-weight: 400;\">Incubadora Santos Dumont | Parque Tecnol\u00f3gico Itaipu\u00a0<\/span><\/li>\n<li style=\"font-weight: 400;\" aria-level=\"1\"><span style=\"font-weight: 400;\">Innovatio\u00a0<\/span><\/li>\n<li style=\"font-weight: 400;\" aria-level=\"1\"><span style=\"font-weight: 400;\">InovaHC Hospital das Cl\u00ednicas da FMUSP (Funda\u00e7\u00e3o Faculdade de Medicina)\u00a0<\/span><\/li>\n<li style=\"font-weight: 400;\" aria-level=\"1\"><span style=\"font-weight: 400;\">TecnoPARQ &#8211; Parque Tecnol\u00f3gico de Vi\u00e7osa\u00a0<\/span><\/li>\n<li style=\"font-weight: 400;\" aria-level=\"1\"><span style=\"font-weight: 400;\">Itec\/UCS\u00a0<\/span><\/li>\n<li style=\"font-weight: 400;\" aria-level=\"1\"><span style=\"font-weight: 400;\">Itecpb &#8211; Incubadora Municipal de Pato Branco\u00a0<\/span><\/li>\n<li style=\"font-weight: 400;\" aria-level=\"1\"><span style=\"font-weight: 400;\">MANAUS TECH HUB (SIDIA INSTITUTO DE CI\u00caNCIA E TECNOLOGIA)\u00a0<\/span><\/li>\n<li style=\"font-weight: 400;\" aria-level=\"1\"><span style=\"font-weight: 400;\">Metr\u00f3pole Parque\u00a0<\/span><\/li>\n<li style=\"font-weight: 400;\" aria-level=\"1\"><span style=\"font-weight: 400;\">Nexus \/ Parque de Inova\u00e7\u00e3o Tecnol\u00f3gica S\u00e3o Jos\u00e9 dos Campos\u00a0<\/span><\/li>\n<li style=\"font-weight: 400;\" aria-level=\"1\"><span style=\"font-weight: 400;\">PCT &#8211; Guam\u00e1\u00a0<\/span><\/li>\n<li style=\"font-weight: 400;\" aria-level=\"1\"><span style=\"font-weight: 400;\">Polo Tecnol\u00f3gico e Criativo da UFPE &#8211; POLOTEC\u00a0<\/span><\/li>\n<li style=\"font-weight: 400;\" aria-level=\"1\"><span style=\"font-weight: 400;\">Porto Digital\u00a0<\/span><\/li>\n<li style=\"font-weight: 400;\" aria-level=\"1\"><span style=\"font-weight: 400;\">Programa Apollo &#8211; UPF Parque &#8211; Universidade de Passo Fundo\u00a0<\/span><\/li>\n<li style=\"font-weight: 400;\" aria-level=\"1\"><span style=\"font-weight: 400;\">Prointec Programa Municipal de Inova\u00e7\u00e3o\/ Incubadora Municipal de Empresas de base tecnol\u00f3gica Sinh\u00e1 Moreira\u00a0<\/span><\/li>\n<li style=\"font-weight: 400;\" aria-level=\"1\"><span style=\"font-weight: 400;\">PROSPECTA &#8211; Incubadora Tecnol\u00f3gica de Botucatu\u00a0<\/span><\/li>\n<li style=\"font-weight: 400;\" aria-level=\"1\"><span style=\"font-weight: 400;\">SUPERA Incubadora\u00a0<\/span><\/li>\n<li style=\"font-weight: 400;\" aria-level=\"1\"><span style=\"font-weight: 400;\">TEC Campos Incubadora\u00a0<\/span><\/li>\n<li style=\"font-weight: 400;\" aria-level=\"1\"><span style=\"font-weight: 400;\">Tiradentes Innovation Cente\u00a0<\/span><\/li>\n<li style=\"font-weight: 400;\" aria-level=\"1\"><span style=\"font-weight: 400;\">Unifor Hub &#8211; Universidade de Fortaleza\u00a0<\/span><\/li>\n<li style=\"font-weight: 400;\" aria-level=\"1\"><span style=\"font-weight: 400;\">Unitec\u00a0<\/span><\/li>\n<li style=\"font-weight: 400;\" aria-level=\"1\"><span style=\"font-weight: 400;\">UNITECNE UNIDADE DE TECNOLOGIA E NEG\u00d3CIOS\u00a0<\/span><\/li>\n<li style=\"font-weight: 400;\" aria-level=\"1\"><span style=\"font-weight: 400;\">VENTIUR INVESTIMENTOS EM NOVOS NEGOCIOS S.A.\u00a0<\/span><\/li>\n<\/ul>\n","protected":false},"excerpt":{"rendered":"<p>Iniciativa orientou profissionais para o desenvolvimento das startups com tecnologia<span class=\"excerpt-hellip\"> [\u2026]<\/span><\/p>\n","protected":false},"author":8,"featured_media":48587,"comment_status":"closed","ping_status":"closed","sticky":false,"template":"","format":"standard","meta":{"footnotes":"","_links_to":"","_links_to_target":""},"categories":[416,415,395,3],"tags":[],"calendar":[],"_links":{"self":[{"href":"https:\/\/anprotec.org.br\/site\/wp-json\/wp\/v2\/posts\/48584"}],"collection":[{"href":"https:\/\/anprotec.org.br\/site\/wp-json\/wp\/v2\/posts"}],"about":[{"href":"https:\/\/anprotec.org.br\/site\/wp-json\/wp\/v2\/types\/post"}],"author":[{"embeddable":true,"href":"https:\/\/anprotec.org.br\/site\/wp-json\/wp\/v2\/users\/8"}],"replies":[{"embeddable":true,"href":"https:\/\/anprotec.org.br\/site\/wp-json\/wp\/v2\/comments?post=48584"}],"version-history":[{"count":2,"href":"https:\/\/anprotec.org.br\/site\/wp-json\/wp\/v2\/posts\/48584\/revisions"}],"predecessor-version":[{"id":48588,"href":"https:\/\/anprotec.org.br\/site\/wp-json\/wp\/v2\/posts\/48584\/revisions\/48588"}],"wp:featuredmedia":[{"embeddable":true,"href":"https:\/\/anprotec.org.br\/site\/wp-json\/wp\/v2\/media\/48587"}],"wp:attachment":[{"href":"https:\/\/anprotec.org.br\/site\/wp-json\/wp\/v2\/media?parent=48584"}],"wp:term":[{"taxonomy":"category","embeddable":true,"href":"https:\/\/anprotec.org.br\/site\/wp-json\/wp\/v2\/categories?post=48584"},{"taxonomy":"post_tag","embeddable":true,"href":"https:\/\/anprotec.org.br\/site\/wp-json\/wp\/v2\/tags?post=48584"},{"taxonomy":"calendar","embeddable":true,"href":"https:\/\/anprotec.org.br\/site\/wp-json\/wp\/v2\/calendar?post=48584"}],"curies":[{"name":"wp","href":"https:\/\/api.w.org\/{rel}","templated":true}]}}