{"id":48561,"date":"2024-10-16T15:15:20","date_gmt":"2024-10-16T18:15:20","guid":{"rendered":"https:\/\/anprotec.org.br\/site\/?p=48561"},"modified":"2025-02-21T17:06:00","modified_gmt":"2025-02-21T20:06:00","slug":"anprotec-contribuira-com-o-modelo-de-governanca-e-gestao-do-hub-de-inovacao-do-amapa","status":"publish","type":"post","link":"https:\/\/anprotec.org.br\/site\/2024\/10\/anprotec-contribuira-com-o-modelo-de-governanca-e-gestao-do-hub-de-inovacao-do-amapa\/","title":{"rendered":"Anprotec contribuir\u00e1 com o modelo de governan\u00e7a e gest\u00e3o do Hub de Inova\u00e7\u00e3o do Amap\u00e1"},"content":{"rendered":"<div class=\"wp-block-image\">\n<div class=\"wp-block-image\"><img decoding=\"async\" loading=\"lazy\" class=\" wp-image-48563 aligncenter\" src=\"https:\/\/anprotec.org.br\/site\/wp-content\/uploads\/2024\/10\/amapa-300x169.jpg\" alt=\"\" width=\"611\" height=\"344\" srcset=\"https:\/\/anprotec.org.br\/site\/wp-content\/uploads\/2024\/10\/amapa-300x169.jpg 300w, https:\/\/anprotec.org.br\/site\/wp-content\/uploads\/2024\/10\/amapa-1024x576.jpg 1024w, https:\/\/anprotec.org.br\/site\/wp-content\/uploads\/2024\/10\/amapa-768x432.jpg 768w, https:\/\/anprotec.org.br\/site\/wp-content\/uploads\/2024\/10\/amapa-260x146.jpg 260w, https:\/\/anprotec.org.br\/site\/wp-content\/uploads\/2024\/10\/amapa-50x28.jpg 50w, https:\/\/anprotec.org.br\/site\/wp-content\/uploads\/2024\/10\/amapa-133x75.jpg 133w, https:\/\/anprotec.org.br\/site\/wp-content\/uploads\/2024\/10\/amapa.jpg 1080w\" sizes=\"(max-width: 611px) 100vw, 611px\" \/><\/div>\n<\/div>\n<p>&nbsp;<\/p>\n<p><span style=\"font-weight: 400;\">A Anprotec contribuir\u00e1 para a implanta\u00e7\u00e3o do primeiro Hub de Inova\u00e7\u00e3o do Amap\u00e1, assumindo um papel fundamental na defini\u00e7\u00e3o de seu modelo de governan\u00e7a e gest\u00e3o. A proposta visa estabelecer diretrizes estrat\u00e9gicas que subsidiem o gestor do ambiente na estrutura\u00e7\u00e3o, gerenciamento e opera\u00e7\u00e3o do hub, garantindo sua efetividade e alinhamento \u00e0s melhores pr\u00e1ticas do setor de inova\u00e7\u00e3o.<\/span><\/p>\n<p><span style=\"font-weight: 400;\">A iniciativa de transformar o antigo Macap\u00e1 Hotel em um complexo de inova\u00e7\u00e3o marca um momento hist\u00f3rico para o Estado. Localizado no Centro de Macap\u00e1 e \u00e0s margens do rio Amazonas, o edif\u00edcio ter\u00e1 sua estrutura requalificada, preservando elementos originais da fachada colonial. As obras come\u00e7aram no \u00faltimo dia 14 de outubro e a previs\u00e3o de entrega \u00e9 para o primeiro semestre de 2025.<\/span><\/p>\n<p><span style=\"font-weight: 400;\">Com um investimento de R$ 6,5 milh\u00f5es, a revitaliza\u00e7\u00e3o do espa\u00e7o, coordenada pela Secretaria de Estado da Infraestrutura (Seinf), busca resgatar n\u00e3o apenas o patrim\u00f4nio arquitet\u00f4nico, mas tamb\u00e9m fomentar o desenvolvimento regional por meio da inova\u00e7\u00e3o e do empreendedorismo.<\/span><\/p>\n<p><span style=\"font-weight: 400;\">O hub foi concebido para abrigar at\u00e9 80 startups em diferentes est\u00e1gios de maturidade.\u00a0<\/span><\/p>\n<p><span style=\"font-weight: 400;\">Al\u00e9m de coworking e laborat\u00f3rios, o ambiente contar\u00e1 com salas de reuni\u00e3o, audit\u00f3rios e espa\u00e7os para capacita\u00e7\u00f5es e eventos como pitch days, mentorias e idea\u00e7\u00f5es. A proposta \u00e9 conectar empresas, institui\u00e7\u00f5es de ci\u00eancia e tecnologia, al\u00e9m de atrair empreendedores, impulsionando a economia local e fomentando o desenvolvimento de novos neg\u00f3cios na regi\u00e3o.<\/span><\/p>\n<p><span style=\"font-weight: 400;\">Segundo David Covre, Secret\u00e1rio de Infraestrutura do Amap\u00e1, a obra \u00e9 uma requalifica\u00e7\u00e3o completa que visa recuperar a ess\u00eancia do edif\u00edcio hist\u00f3rico. \u201cVamos recuperar alguns elementos da fachada, mantendo a originalidade do pr\u00e9dio e transformando o espa\u00e7o para abrigar empresas de tecnologia\u201d, destacou Covre.<\/span><\/p>\n<p><b>Parceria estrat\u00e9gica para fortalecer a inova\u00e7\u00e3o na regi\u00e3o Norte<\/b><\/p>\n<p><span style=\"font-weight: 400;\">A participa\u00e7\u00e3o da Anprotec na cria\u00e7\u00e3o do Hub de Inova\u00e7\u00e3o do Amap\u00e1 reflete seu compromisso em promover ambientes inovadores em todo o Brasil. Ao assumir a responsabilidade de elaborar a governan\u00e7a e o modelo de gest\u00e3o, a Anprotec traz expertise estrat\u00e9gica e operativa para garantir que o hub funcione como um polo din\u00e2mico de inova\u00e7\u00e3o, integrando o setor privado e acad\u00eamico em prol do desenvolvimento sustent\u00e1vel.<\/span><\/p>\n<p><span style=\"font-weight: 400;\">Carlos Alberto Costa, Diretor de Administra\u00e7\u00e3o e Finan\u00e7as da Anprotec, destacou a import\u00e2ncia dessa iniciativa: <\/span><i><span style=\"font-weight: 400;\">\u201cA constru\u00e7\u00e3o do Hub de Inova\u00e7\u00e3o do Amap\u00e1 representa um marco para a inova\u00e7\u00e3o na regi\u00e3o Norte, ampliando as possibilidades de desenvolvimento local e nacional. Este \u00e9 um passo estrat\u00e9gico para fortalecer o empreendedorismo e conectar o Amap\u00e1 a outros ecossistemas de inova\u00e7\u00e3o no Brasil e no mundo. A Anprotec tem a honra de contribuir com a cria\u00e7\u00e3o de um modelo de governan\u00e7a eficiente, que ser\u00e1 a base para a sustentabilidade e sucesso desse ambiente inovador.\u201d<\/span><\/i><\/p>\n<p><span style=\"font-weight: 400;\">Com essa iniciativa, o Amap\u00e1 entra no mapa dos ecossistemas de inova\u00e7\u00e3o brasileiros, destacando-se como uma nova fronteira para o empreendedorismo e a tecnologia na regi\u00e3o Norte. A Anprotec refor\u00e7a sua miss\u00e3o de apoiar ambientes de inova\u00e7\u00e3o que transformam territ\u00f3rios e cidades, contribuindo para um futuro mais inovador e conectado.<\/span><\/p>\n<p><span style=\"font-weight: 400;\">Com informa\u00e7\u00f5es de: <\/span><a href=\"https:\/\/g1.globo.com\/google\/amp\/ap\/amapa\/noticia\/2024\/10\/14\/antigo-macapa-hotel-sera-transformado-no-primeiro-hub-de-inovacao-do-amapa.ghtml\"><span style=\"font-weight: 400;\">https:\/\/g1.globo.com\/google\/amp\/ap\/amapa\/noticia\/2024\/10\/14\/antigo-macapa-hotel-sera-transformado-no-primeiro-hub-de-inovacao-do-amapa.ghtml<\/span><\/a><span style=\"font-weight: 400;\">\u00a0<\/span><\/p>\n","protected":false},"excerpt":{"rendered":"<p>&nbsp; A Anprotec contribuir\u00e1 para a implanta\u00e7\u00e3o do primeiro Hub<span class=\"excerpt-hellip\"> [\u2026]<\/span><\/p>\n","protected":false},"author":8,"featured_media":48563,"comment_status":"closed","ping_status":"closed","sticky":false,"template":"","format":"standard","meta":{"footnotes":"","_links_to":"","_links_to_target":""},"categories":[416,3],"tags":[],"calendar":[],"_links":{"self":[{"href":"https:\/\/anprotec.org.br\/site\/wp-json\/wp\/v2\/posts\/48561"}],"collection":[{"href":"https:\/\/anprotec.org.br\/site\/wp-json\/wp\/v2\/posts"}],"about":[{"href":"https:\/\/anprotec.org.br\/site\/wp-json\/wp\/v2\/types\/post"}],"author":[{"embeddable":true,"href":"https:\/\/anprotec.org.br\/site\/wp-json\/wp\/v2\/users\/8"}],"replies":[{"embeddable":true,"href":"https:\/\/anprotec.org.br\/site\/wp-json\/wp\/v2\/comments?post=48561"}],"version-history":[{"count":2,"href":"https:\/\/anprotec.org.br\/site\/wp-json\/wp\/v2\/posts\/48561\/revisions"}],"predecessor-version":[{"id":48565,"href":"https:\/\/anprotec.org.br\/site\/wp-json\/wp\/v2\/posts\/48561\/revisions\/48565"}],"wp:featuredmedia":[{"embeddable":true,"href":"https:\/\/anprotec.org.br\/site\/wp-json\/wp\/v2\/media\/48563"}],"wp:attachment":[{"href":"https:\/\/anprotec.org.br\/site\/wp-json\/wp\/v2\/media?parent=48561"}],"wp:term":[{"taxonomy":"category","embeddable":true,"href":"https:\/\/anprotec.org.br\/site\/wp-json\/wp\/v2\/categories?post=48561"},{"taxonomy":"post_tag","embeddable":true,"href":"https:\/\/anprotec.org.br\/site\/wp-json\/wp\/v2\/tags?post=48561"},{"taxonomy":"calendar","embeddable":true,"href":"https:\/\/anprotec.org.br\/site\/wp-json\/wp\/v2\/calendar?post=48561"}],"curies":[{"name":"wp","href":"https:\/\/api.w.org\/{rel}","templated":true}]}}