{"id":4848,"date":"2013-11-19T10:36:52","date_gmt":"2013-11-19T13:36:52","guid":{"rendered":"http:\/\/anprotec.org.br\/site\/?p=4848"},"modified":"2013-11-19T10:48:53","modified_gmt":"2013-11-19T13:48:53","slug":"empresas-incubadas-sao-tema-de-bate-papo-com-empresarios","status":"publish","type":"post","link":"https:\/\/anprotec.org.br\/site\/2013\/11\/empresas-incubadas-sao-tema-de-bate-papo-com-empresarios\/","title":{"rendered":"<!--:pt-->Empresas incubadas s\u00e3o tema de bate-papo<!--:-->"},"content":{"rendered":"<p><!--:pt--><\/p>\n<p style=\"text-align: justify;\" align=\"center\"><img decoding=\"async\" loading=\"lazy\" class=\"alignleft size-thumbnail wp-image-4850\" alt=\"\" src=\"https:\/\/anprotec.org.br\/site\/wp-content\/uploads\/2013\/11\/20131119-batepapo_baixaresolu\u00e7\u00e3o-270x160.jpg\" width=\"270\" height=\"160\" \/>Com a inten\u00e7\u00e3o de inspirar e orientar atuais e futuros empreendedores, a incubadora <a href=\"http:\/\/www.miditecnologico.com.br\/index.asp\" target=\"_blank\">MIDI Tecnol\u00f3gico<\/a> e o <a href=\"http:\/\/www.celta.org.br\/index.php\" target=\"_blank\">Centro Empresarial para Labora\u00e7\u00e3o de Tecnologias Avan\u00e7adas<\/a> (Celta), em parceria com o <a href=\"http:\/\/cliquefuturo.org.br\/\" target=\"_blank\">Comit\u00ea para Democratiza\u00e7\u00e3o da Inform\u00e1tica<\/a> (CDI-SC), promovem amanh\u00e3, em Florian\u00f3polis (SC), o Bate-Papo com Empres\u00e1rios. O objetivo \u00e9 apresentar o processo de incuba\u00e7\u00e3o, sanar d\u00favidas, destacar os benef\u00edcios de se iniciar uma empresa com apoio de uma incubadora e compartilhar experi\u00eancias. A participa\u00e7\u00e3o no evento \u00e9 gratuita, basta confirmar presen\u00e7a <a href=\"http:\/\/www.eventick.com.br\/portasabertas\" target=\"_blank\">aqui<\/a>.<\/p>\n<p style=\"text-align: justify;\">A programa\u00e7\u00e3o, que inicia \u00e0s 18h30 no audit\u00f3rio do Celta, \u00e9 composta por uma breve apresenta\u00e7\u00e3o dos palestrantes e uma mesa redonda com tr\u00eas empreendedores de sucesso. Os moderadores do bate-papo ser\u00e3o Gabriel Sant&#8217;Ana, secret\u00e1rio executivo da <a href=\"http:\/\/www.acate.com.br\/\" target=\"_blank\">Associa\u00e7\u00e3o Catarinense de Empresas de Tecnologia<\/a> (Acate) e coordenador do MIDI Tecnol\u00f3gico, Tony Chierighini, diretor executivo da incubadora Celta, e Heitor Blum S.Thiago, presidente do CDI-SC. J\u00e1 a mesa de debatedores ser\u00e1 composta por Guilherme Bernard, presidente da Acate e da empresa graduada <a href=\"http:\/\/www.reason.com.br\/pt\" target=\"_blank\">Reason Tecnologia S.A.<\/a>, S\u00e9rgio Viola, diretor da empresa graduada <a href=\"http:\/\/www.jexperts.com.br\/\" target=\"_blank\">JExperts<\/a>,e Guillaume Barrault, diretor da incubada <a href=\"http:\/\/wavetech-st.com\/\" target=\"_blank\">WaveTech<\/a>.<\/p>\n<p style=\"text-align: justify;\">Antes do Bate-Papo com Empres\u00e1rios, das 9h \u00e0s 17h30, as duas incubadoras far\u00e3o um dia de portas abertas para visita\u00e7\u00e3o, esclarecimentos sobre a incuba\u00e7\u00e3o e consultorias sobre temas como capital de risco, marketing, gest\u00e3o, imprensa, entre outros. Para agendar a visita, entre em contato pelo <a href=\"mailto:secretariamidi@acate.com.br\">secretariamidi@acate.com.br<\/a>.<\/p>\n<p style=\"text-align: justify;\">Os eventos fazem parte da <a href=\"http:\/\/www.semanaglobal.org.br\/\" target=\"_blank\">Semana Global do Empreendedorismo<\/a> (SGE), que ocorre entre os dias 18 e 24 de novembro em mais de 130 pa\u00edses. Em Santa Catarina, a iniciativa \u00e9 coordenada pela <a href=\"www.endeavor.org.br\/\u200e\" target=\"_blank\">Endeavor<\/a>, que est\u00e1 promovendo atividades que fortale\u00e7am a cultura do empreendedorismo em todas as regi\u00f5es do Estado. Em 2012, a SGE mobilizou no Brasil mais de 1,6 milh\u00e3o de pessoas, com quase 4 mil atividades e 550 parceiros.<\/p>\n<p style=\"text-align: justify;\"><i>*Imagem: Shutterstock<\/i><\/p>\n<p><!--:--><\/p>\n","protected":false},"excerpt":{"rendered":"<p><!--:pt-->Empres\u00e1rios e gestores estar\u00e3o reunidos amanh\u00e3, em Florian\u00f3polis, \u00e0s 18h30.  A iniciativa do Celta e do MIDI Tecnol\u00f3gico faz parte da SGE e contar\u00e1 com um dia de incubadoras com portas abertas.<!--:--><\/p>\n","protected":false},"author":8,"featured_media":4850,"comment_status":"open","ping_status":"open","sticky":false,"template":"","format":"standard","meta":{"footnotes":"","_links_to":"","_links_to_target":""},"categories":[3],"tags":[],"calendar":[],"_links":{"self":[{"href":"https:\/\/anprotec.org.br\/site\/wp-json\/wp\/v2\/posts\/4848"}],"collection":[{"href":"https:\/\/anprotec.org.br\/site\/wp-json\/wp\/v2\/posts"}],"about":[{"href":"https:\/\/anprotec.org.br\/site\/wp-json\/wp\/v2\/types\/post"}],"author":[{"embeddable":true,"href":"https:\/\/anprotec.org.br\/site\/wp-json\/wp\/v2\/users\/8"}],"replies":[{"embeddable":true,"href":"https:\/\/anprotec.org.br\/site\/wp-json\/wp\/v2\/comments?post=4848"}],"version-history":[{"count":10,"href":"https:\/\/anprotec.org.br\/site\/wp-json\/wp\/v2\/posts\/4848\/revisions"}],"predecessor-version":[{"id":4860,"href":"https:\/\/anprotec.org.br\/site\/wp-json\/wp\/v2\/posts\/4848\/revisions\/4860"}],"wp:featuredmedia":[{"embeddable":true,"href":"https:\/\/anprotec.org.br\/site\/wp-json\/wp\/v2\/media\/4850"}],"wp:attachment":[{"href":"https:\/\/anprotec.org.br\/site\/wp-json\/wp\/v2\/media?parent=4848"}],"wp:term":[{"taxonomy":"category","embeddable":true,"href":"https:\/\/anprotec.org.br\/site\/wp-json\/wp\/v2\/categories?post=4848"},{"taxonomy":"post_tag","embeddable":true,"href":"https:\/\/anprotec.org.br\/site\/wp-json\/wp\/v2\/tags?post=4848"},{"taxonomy":"calendar","embeddable":true,"href":"https:\/\/anprotec.org.br\/site\/wp-json\/wp\/v2\/calendar?post=4848"}],"curies":[{"name":"wp","href":"https:\/\/api.w.org\/{rel}","templated":true}]}}