{"id":48287,"date":"2024-09-04T16:50:39","date_gmt":"2024-09-04T19:50:39","guid":{"rendered":"https:\/\/anprotec.org.br\/site\/?p=48287"},"modified":"2025-02-21T16:40:43","modified_gmt":"2025-02-21T19:40:43","slug":"estao-abertas-as-inscricoes-para-o-premio-nacional-anprotec-de-empreendedorismo-inovador-2024","status":"publish","type":"post","link":"https:\/\/anprotec.org.br\/site\/2024\/09\/estao-abertas-as-inscricoes-para-o-premio-nacional-anprotec-de-empreendedorismo-inovador-2024\/","title":{"rendered":"Est\u00e3o abertas as inscri\u00e7\u00f5es para o Pr\u00eamio Nacional Anprotec de Empreendedorismo Inovador 2024!"},"content":{"rendered":"<p><strong><img decoding=\"async\" loading=\"lazy\" class=\"aligncenter wp-image-48288\" src=\"https:\/\/anprotec.org.br\/site\/wp-content\/uploads\/2024\/09\/Card_Premio-Nacional-de-Emp.-Inovador-1024x1024.png\" alt=\"Card Pr\u00eamio Nacional Anprotec de Empreendedorismo Inovador 2024\" width=\"800\" height=\"800\" srcset=\"https:\/\/anprotec.org.br\/site\/wp-content\/uploads\/2024\/09\/Card_Premio-Nacional-de-Emp.-Inovador-1024x1024.png 1024w, https:\/\/anprotec.org.br\/site\/wp-content\/uploads\/2024\/09\/Card_Premio-Nacional-de-Emp.-Inovador-300x300.png 300w, https:\/\/anprotec.org.br\/site\/wp-content\/uploads\/2024\/09\/Card_Premio-Nacional-de-Emp.-Inovador-768x768.png 768w, https:\/\/anprotec.org.br\/site\/wp-content\/uploads\/2024\/09\/Card_Premio-Nacional-de-Emp.-Inovador-146x146.png 146w, https:\/\/anprotec.org.br\/site\/wp-content\/uploads\/2024\/09\/Card_Premio-Nacional-de-Emp.-Inovador-50x50.png 50w, https:\/\/anprotec.org.br\/site\/wp-content\/uploads\/2024\/09\/Card_Premio-Nacional-de-Emp.-Inovador-75x75.png 75w, https:\/\/anprotec.org.br\/site\/wp-content\/uploads\/2024\/09\/Card_Premio-Nacional-de-Emp.-Inovador-85x85.png 85w, https:\/\/anprotec.org.br\/site\/wp-content\/uploads\/2024\/09\/Card_Premio-Nacional-de-Emp.-Inovador-80x80.png 80w, https:\/\/anprotec.org.br\/site\/wp-content\/uploads\/2024\/09\/Card_Premio-Nacional-de-Emp.-Inovador.png 1080w\" sizes=\"(max-width: 800px) 100vw, 800px\" \/><\/strong><\/p>\n<p><span style=\"font-weight: 400;\">A Anprotec tem o prazer de anunciar a abertura das inscri\u00e7\u00f5es para o Pr\u00eamio Nacional Anprotec de Empreendedorismo Inovador 2024. Este pr\u00eamio, que ao longo de mais de 15 anos se consolidou como a principal refer\u00eancia para premiar os ambientes de inova\u00e7\u00e3o no Brasil, est\u00e1 sendo retomado com o objetivo de prestigiar e disseminar as melhores iniciativas em incubadoras de empresas, aceleradoras, hubs de inova\u00e7\u00e3o e parques cient\u00edficos e tecnol\u00f3gicos.<\/span><\/p>\n<p><span style=\"font-weight: 400;\">\u201c\u00c9 com grande entusiasmo que retomamos o Pr\u00eamio Nacional Anprotec de Empreendedorismo Inovador, uma celebra\u00e7\u00e3o das iniciativas mais inovadoras e impactantes nos ambientes de inova\u00e7\u00e3o no Brasil. Este pr\u00eamio renasce renovado, mais din\u00e2mico e inclusivo, representando o reconhecimento m\u00e1ximo dos esfor\u00e7os e conquistas que transformam realidades e fomentam o desenvolvimento econ\u00f4mico e social por meio da inova\u00e7\u00e3o. Nosso objetivo \u00e9 que as pr\u00e1ticas premiadas sirvam de benchmark para outros ambientes,\u201d ressalta Adriana Faria, presidente da Anprotec.<\/span><\/p>\n<p><span style=\"font-weight: 400;\">Este ano, o pr\u00eamio foi estruturado para reconhecer cases, programas e iniciativas de impacto em cada categoria, permitindo que a competi\u00e7\u00e3o seja mais justa e homog\u00eanea, independentemente do porte do ambiente de inova\u00e7\u00e3o. Isso assegura que as melhores pr\u00e1ticas possam ser destacadas e compartilhadas, promovendo uma cultura de inova\u00e7\u00e3o inclusiva e diversificada.<\/span><\/p>\n<p><b>Categorias do Pr\u00eamio<\/b><\/p>\n<p><span style=\"font-weight: 400;\">Em 2024, o pr\u00eamio ser\u00e1 concedido nas seguintes categorias:<\/span><\/p>\n<ol>\n<li><b>Incubadora de Empresas &#8211; Trof\u00e9u Adelino Medeiros:<\/b><\/li>\n<\/ol>\n<ul>\n<li><span style=\"font-weight: 400;\">Reconhecimento de programas que tenham criado e implementado projetos capazes de incrementar a taxa de cria\u00e7\u00e3o de novos empreendimentos inovadores no contexto de programas de incuba\u00e7\u00e3o. A premia\u00e7\u00e3o tamb\u00e9m valoriza pr\u00e1ticas inovadoras relevantes nos processos de incuba\u00e7\u00e3o, pr\u00e9-incuba\u00e7\u00e3o, pr\u00e9-acelera\u00e7\u00e3o, sele\u00e7\u00e3o e atra\u00e7\u00e3o de empreendimentos.<\/span><\/li>\n<\/ul>\n<ol start=\"2\">\n<li><b>Aceleradora &#8211; Trof\u00e9u Lynaldo Cavalcanti:<\/b><\/li>\n<\/ol>\n<ul>\n<li><span style=\"font-weight: 400;\">Premia\u00e7\u00e3o para programas que tenham criado e implementado projetos que aumentem significativamente a taxa de novos empreendimentos inovadores atrav\u00e9s do processo de acelera\u00e7\u00e3o. A categoria tamb\u00e9m valoriza pr\u00e1ticas inovadoras, especialmente aquelas relacionadas a estrat\u00e9gias de financiamento e investimento de startups.<\/span><\/li>\n<\/ul>\n<ol start=\"3\">\n<li><b>Hub de Inova\u00e7\u00e3o &#8211; Trof\u00e9u Cristiano Becker:<\/b><\/li>\n<\/ol>\n<ul>\n<li><span style=\"font-weight: 400;\">Reconhecimento para programas que tenham criado e implementado projetos espec\u00edficos que resultem em conex\u00f5es eficazes entre startups, empresas, institui\u00e7\u00f5es de ensino e pesquisa. S\u00e3o valorizadas pr\u00e1ticas que facilitem o desenvolvimento de solu\u00e7\u00f5es e neg\u00f3cios inovadores atrav\u00e9s da colabora\u00e7\u00e3o entre atores do ecossistema de inova\u00e7\u00e3o.<\/span><\/li>\n<\/ul>\n<ol start=\"4\">\n<li><b>Parque Cient\u00edfico e Tecnol\u00f3gico (PCT) &#8211; Trof\u00e9u Telmo Silva Ara\u00fajo:<\/b><\/li>\n<\/ol>\n<ul>\n<li><span style=\"font-weight: 400;\">Premia\u00e7\u00e3o para programas que fomentem a cultura de inova\u00e7\u00e3o e competitividade industrial, contribuindo para o desenvolvimento tecnol\u00f3gico. O pr\u00eamio tamb\u00e9m reconhece projetos que promovam a capacita\u00e7\u00e3o empresarial e a sinergia em atividades de pesquisa cient\u00edfica, desenvolvimento tecnol\u00f3gico e inova\u00e7\u00e3o.<\/span><\/li>\n<\/ul>\n<ol start=\"5\">\n<li><b>Neg\u00f3cios de Impacto &#8211; Trof\u00e9u Carlos Eduardo Negr\u00e3o Bizzotto:<\/b><\/li>\n<\/ol>\n<ul>\n<li><span style=\"font-weight: 400;\">Destinado a empresas incubadas, aceleradas ou residentes em ambientes de inova\u00e7\u00e3o que promovam impacto positivo significativo junto \u00e0 comunidade, seja por meio de solu\u00e7\u00f5es inovadoras, pr\u00e1ticas sustent\u00e1veis e\/ou contribui\u00e7\u00f5es para o desenvolvimento social local.<\/span><\/li>\n<\/ul>\n<p><span style=\"font-weight: 400;\">\u201cConvidamos todos os ambientes de inova\u00e7\u00e3o \u2013 incubadoras, aceleradoras, hubs de inova\u00e7\u00e3o e parques cient\u00edficos e tecnol\u00f3gicos \u2013 a participar e compartilhar suas hist\u00f3rias de sucesso. Este \u00e9 o momento de destacar as pr\u00e1ticas e projetos que est\u00e3o moldando o futuro do nosso ecossistema de inova\u00e7\u00e3o. Contamos com a participa\u00e7\u00e3o de todos para que possamos, juntos, celebrar as melhores iniciativas do pa\u00eds\u201d, compartilha Ma\u00edra Nobre de Castro, Diretora de Redes e Associados da Anprotec.<\/span><\/p>\n<p><b>Prazos e Processo de Inscri\u00e7\u00e3o<\/b><\/p>\n<ul>\n<li><b>Inscri\u00e7\u00f5es:<\/b><span style=\"font-weight: 400;\"> As inscri\u00e7\u00f5es est\u00e3o abertas de 2 de setembro at\u00e9 30 de setembro de 2024. Para se inscrever, os candidatos devem preencher o formul\u00e1rio eletr\u00f4nico dispon\u00edvel aqui e enviar a documenta\u00e7\u00e3o necess\u00e1ria conforme as instru\u00e7\u00f5es.<\/span><\/li>\n<li><b>Avalia\u00e7\u00e3o:<\/b><span style=\"font-weight: 400;\"> A avalia\u00e7\u00e3o ocorrer\u00e1 em tr\u00eas etapas, come\u00e7ando com a an\u00e1lise das propostas por uma banca de avaliadores ad hoc de 10 a 31 de outubro de 2024. Os finalistas ser\u00e3o anunciados em 8 de novembro, e, em seguida, dever\u00e3o enviar um v\u00eddeo de at\u00e9 3 minutos apresentando sua candidatura.<\/span><\/li>\n<li><b>Vota\u00e7\u00e3o:<\/b><span style=\"font-weight: 400;\"> De 18 a 25 de novembro de 2024, ocorrer\u00e1 a vota\u00e7\u00e3o dos associados da Anprotec e a divulga\u00e7\u00e3o nas redes sociais. Os candidatos com maior engajamento e votos receber\u00e3o pontos adicionais na avalia\u00e7\u00e3o final.<\/span><\/li>\n<li><b>Demoday e Premia\u00e7\u00e3o:<\/b><span style=\"font-weight: 400;\"> Os finalistas apresentar\u00e3o suas candidaturas durante o Demoday na 34\u00aa Confer\u00eancia Anprotec de Empreendedorismo e Ambientes de Inova\u00e7\u00e3o, que acontecer\u00e1 em 2 de dezembro de 2024. A premia\u00e7\u00e3o ser\u00e1 realizada no dia 3 de dezembro, em S\u00e3o Jos\u00e9 dos Campos, SP.<\/span><\/li>\n<\/ul>\n<p><b>Pr\u00eamios<\/b><\/p>\n<p><span style=\"font-weight: 400;\">Os vencedores de cada categoria receber\u00e3o um trof\u00e9u espec\u00edfico, certificado, uma inscri\u00e7\u00e3o para a Confer\u00eancia Anprotec de 2025 e um cr\u00e9dito de R$ 1.000,00 para utilizar em atividades da Anprotec.<\/span><\/p>\n<p><span style=\"font-weight: 400;\">N\u00e3o perca a oportunidade de ter o seu trabalho reconhecido nacionalmente! Participe do Pr\u00eamio Nacional Anprotec de Empreendedorismo Inovador 2024 e destaque-se entre os melhores do ecossistema de inova\u00e7\u00e3o.<\/span><\/p>\n<p><strong>Saiba mais atrav\u00e9s do <a href=\"https:\/\/anprotec.org.br\/site\/wp-content\/uploads\/2024\/09\/Regulamento-Premio-Nacional_2024v3_11_06.pdf\">edital<\/a> e inscreva-se <a href=\"https:\/\/inscricaoeletronica.app.br\/anprotec2024\/premio\/\" target=\"_blank\" rel=\"noopener\">aqui<\/a>.<\/strong><\/p>\n","protected":false},"excerpt":{"rendered":"<p>A Anprotec tem o prazer de anunciar a abertura das<span class=\"excerpt-hellip\"> [\u2026]<\/span><\/p>\n","protected":false},"author":8,"featured_media":48289,"comment_status":"closed","ping_status":"closed","sticky":false,"template":"","format":"standard","meta":{"footnotes":"","_links_to":"","_links_to_target":""},"categories":[416,395,3,383],"tags":[],"calendar":[],"_links":{"self":[{"href":"https:\/\/anprotec.org.br\/site\/wp-json\/wp\/v2\/posts\/48287"}],"collection":[{"href":"https:\/\/anprotec.org.br\/site\/wp-json\/wp\/v2\/posts"}],"about":[{"href":"https:\/\/anprotec.org.br\/site\/wp-json\/wp\/v2\/types\/post"}],"author":[{"embeddable":true,"href":"https:\/\/anprotec.org.br\/site\/wp-json\/wp\/v2\/users\/8"}],"replies":[{"embeddable":true,"href":"https:\/\/anprotec.org.br\/site\/wp-json\/wp\/v2\/comments?post=48287"}],"version-history":[{"count":2,"href":"https:\/\/anprotec.org.br\/site\/wp-json\/wp\/v2\/posts\/48287\/revisions"}],"predecessor-version":[{"id":48371,"href":"https:\/\/anprotec.org.br\/site\/wp-json\/wp\/v2\/posts\/48287\/revisions\/48371"}],"wp:featuredmedia":[{"embeddable":true,"href":"https:\/\/anprotec.org.br\/site\/wp-json\/wp\/v2\/media\/48289"}],"wp:attachment":[{"href":"https:\/\/anprotec.org.br\/site\/wp-json\/wp\/v2\/media?parent=48287"}],"wp:term":[{"taxonomy":"category","embeddable":true,"href":"https:\/\/anprotec.org.br\/site\/wp-json\/wp\/v2\/categories?post=48287"},{"taxonomy":"post_tag","embeddable":true,"href":"https:\/\/anprotec.org.br\/site\/wp-json\/wp\/v2\/tags?post=48287"},{"taxonomy":"calendar","embeddable":true,"href":"https:\/\/anprotec.org.br\/site\/wp-json\/wp\/v2\/calendar?post=48287"}],"curies":[{"name":"wp","href":"https:\/\/api.w.org\/{rel}","templated":true}]}}