{"id":48184,"date":"2024-08-14T16:22:31","date_gmt":"2024-08-14T19:22:31","guid":{"rendered":"https:\/\/anprotec.org.br\/site\/?p=48184"},"modified":"2025-02-21T16:32:05","modified_gmt":"2025-02-21T19:32:05","slug":"sebrae-promove-o-startup-summit-acontece-de-14-a-16-de-agosto-em-florianopolis","status":"publish","type":"post","link":"https:\/\/anprotec.org.br\/site\/2024\/08\/sebrae-promove-o-startup-summit-acontece-de-14-a-16-de-agosto-em-florianopolis\/","title":{"rendered":"Sebrae promove o Startup Summit que acontece at\u00e9 16 de agosto em Florian\u00f3polis"},"content":{"rendered":"<p><img decoding=\"async\" loading=\"lazy\" class=\"size-full wp-image-48185 aligncenter\" src=\"https:\/\/anprotec.org.br\/site\/wp-content\/uploads\/2024\/08\/Captura-de-tela-2024-08-13-120442_p24366_cover_image_resized.png.webp\" alt=\"Startup Summit\" width=\"814\" height=\"492\" srcset=\"https:\/\/anprotec.org.br\/site\/wp-content\/uploads\/2024\/08\/Captura-de-tela-2024-08-13-120442_p24366_cover_image_resized.png.webp 814w, https:\/\/anprotec.org.br\/site\/wp-content\/uploads\/2024\/08\/Captura-de-tela-2024-08-13-120442_p24366_cover_image_resized.png-300x181.webp 300w, https:\/\/anprotec.org.br\/site\/wp-content\/uploads\/2024\/08\/Captura-de-tela-2024-08-13-120442_p24366_cover_image_resized.png-768x464.webp 768w, https:\/\/anprotec.org.br\/site\/wp-content\/uploads\/2024\/08\/Captura-de-tela-2024-08-13-120442_p24366_cover_image_resized.png-242x146.webp 242w, https:\/\/anprotec.org.br\/site\/wp-content\/uploads\/2024\/08\/Captura-de-tela-2024-08-13-120442_p24366_cover_image_resized.png-50x30.webp 50w, https:\/\/anprotec.org.br\/site\/wp-content\/uploads\/2024\/08\/Captura-de-tela-2024-08-13-120442_p24366_cover_image_resized.png-124x75.webp 124w\" sizes=\"(max-width: 814px) 100vw, 814px\" \/><\/p>\n<p><em data-reader-unique-id=\"subheadElement\">A edi\u00e7\u00e3o deste ano ocorre de 14 a 16 de agosto em Florian\u00f3polis e contar\u00e1 com mais de 200 palestrantes, pain\u00e9is, rodadas de neg\u00f3cios, e a participa\u00e7\u00e3o de mil empresas<\/em><\/p>\n<p data-reader-unique-id=\"1\">Com mais de 200 palestrantes e expositores e a presen\u00e7a de mil empresas, o Startup Summit 2024 desembarca em Florian\u00f3polis (SC) nesta quarta-feira, 14 de agosto. O encontro entre startups e investidores tem se consolidado como um dos principais eventos do ecossistema de startups no Brasil.<\/p>\n<p data-reader-unique-id=\"5\">A expectativa \u00e9 atrair 10 mil pessoas presencialmente e 30 mil de forma on-line, que ter\u00e3o acesso \u00e0s palestras na plen\u00e1ria, al\u00e9m de mais de 3 mil startupsparticipantes, 200 palestrantes, 150 expositores e 250 fundos de Venture Capital. O evento \u00e9 organizado pelo Sebrae, em parceria com a ACATE (Associa\u00e7\u00e3o Catarinense de Tecnologia).<\/p>\n<p data-reader-unique-id=\"8\">O evento oferece inspira\u00e7\u00e3o com cases de sucesso, palestras, conex\u00e3o com agendas de neg\u00f3cios e oportunidades de networking, com destaque tanto para o cen\u00e1rio nacional quanto para o ecossistema de startups na Am\u00e9rica Latina. Para refor\u00e7ar o compromisso com os pilares de ESG, o Startup Summit 2024 ter\u00e1 uma s\u00e9rie de a\u00e7\u00f5es e medidas pr\u00e1ticas para minimizar o impacto ambiental e promover a responsabilidade social.<\/p>\n<p data-reader-unique-id=\"11\">A abertura do Startup Summit ser\u00e1 \u00e0s 13h e contar\u00e1 com a presen\u00e7a de diretores e do presidente do Sebrae, D\u00e9cio Lima, al\u00e9m de autoridades do governo.<\/p>\n<p data-reader-unique-id=\"13\">O presidente do Sebrae, D\u00e9cio Lima, destaca que o pa\u00eds vive um momento prop\u00edcio para a inova\u00e7\u00e3o e que a presen\u00e7a do Sebrae como apoiador das startups visa ajudar no crescimento econ\u00f4mico, alinhando com isso inova\u00e7\u00e3o, inclus\u00e3o e sustentabilidade.<\/p>\n<blockquote data-reader-unique-id=\"15\">\n<p data-reader-unique-id=\"16\">O Sebrae \u00e9 uma refer\u00eancia quando o assunto \u00e9 <em data-reader-unique-id=\"18\">startups<\/em>. Hoje, representamos a maior plataforma de <em data-reader-unique-id=\"19\">startups<\/em> do pa\u00eds. Por meio dessas empresas, o Brasil vem criando oportunidade e gerando empregos. O mundo da tecnologia n\u00e3o tem volta. O Sebrae sabe disso e cria condi\u00e7\u00f5es para que um maior n\u00famero de empreendedores possa receber o nosso apoio. Com este trabalho, buscamos associar sustentabilidade, inova\u00e7\u00e3o e inclus\u00e3o. O mundo requer solu\u00e7\u00f5es inovadoras.<\/p>\n<p data-reader-unique-id=\"20\"><strong>D\u00e9cio Lima, presidente do Sebrae<\/strong><\/p>\n<p data-reader-unique-id=\"20\">\n<\/blockquote>\n<p data-reader-unique-id=\"21\"><strong data-reader-unique-id=\"22\">Impacto Econ\u00f4mico e Panorama das <em data-reader-unique-id=\"23\">Startups<\/em> no <span data-reader-unique-id=\"24\">Brasil<\/span><\/strong><\/p>\n<p data-reader-unique-id=\"26\">De acordo com o Observat\u00f3rio Sebrae Startups, o Brasil possui mais de 13 mil <em data-reader-unique-id=\"27\">startups<\/em> registradas, com uma taxa de crescimento anual significativa, demonstrando a vitalidade do ecossistema de inova\u00e7\u00e3o no pa\u00eds. O setor tem visto um <mark data-reader-unique-id=\"28\">aumento expressivo nos investimentos, com um total de mais de R$ 46 bilh\u00f5es investidos em 2022<\/mark>, posicionando o Brasil como um dos principais mercados de <em data-reader-unique-id=\"29\">startups<\/em> na Am\u00e9rica Latina.<\/p>\n<p data-reader-unique-id=\"30\">Al\u00e9m disso, <em data-reader-unique-id=\"31\">startups<\/em> brasileiras foram respons\u00e1veis por mais de 100 mil empregos diretos em 2023, contribuindo significativamente para a economia nacional. O Brasil tamb\u00e9m se destaca no empreendedorismo feminino, com um n\u00famero crescente de femtechs e<em data-reader-unique-id=\"32\"> startups<\/em> lideradas por mulheres, um tema que ser\u00e1 abordado durante o evento.<\/p>\n<blockquote data-reader-unique-id=\"33\">\n<p data-reader-unique-id=\"34\">Quem j\u00e1 est\u00e1 no mercado das <em data-reader-unique-id=\"36\">startups<\/em> ou planeja entrar nesse universo, precisa estar atento \u00e0s tend\u00eancias, debates e ideias que v\u00e3o acontecer durante os tr\u00eas dias de programa\u00e7\u00e3o. O Sebrae convidou alguns dos maiores especialistas da atualidade, al\u00e9m de investidores que est\u00e3o em busca de novas oportunidades de neg\u00f3cios. Ainda teremos duas grandes novidades neste ano: o Pr\u00eamio Sebrae Startups e o lan\u00e7amento das vitrines de <em data-reader-unique-id=\"39\">startups<\/em>.<\/p>\n<p data-reader-unique-id=\"40\"><strong>Bruno Quick, diretor t\u00e9cnico do Sebrae<\/strong><\/p>\n<\/blockquote>\n<p data-reader-unique-id=\"41\"><strong data-reader-unique-id=\"42\">Programa\u00e7\u00e3o e Palestrantes em Destaque<\/strong><\/p>\n<p data-reader-unique-id=\"43\">A programa\u00e7\u00e3o do Startup Summit 2024 est\u00e1 repleta de temas atuais e relevantes, distribu\u00eddos em 10 palcos com transmiss\u00e3o online do palco principal. Entre os principais palestrantes, destacam-se:<\/p>\n<p data-reader-unique-id=\"44\">\u2022 S\u00edlvio Meira: IA, inova\u00e7\u00e3o e marketing como diferencial competitivo sustent\u00e1vel<br data-reader-unique-id=\"45\" \/>Quando: 14\/08 \u2013 \u00e0s 14h<\/p>\n<p data-reader-unique-id=\"46\">\u2022 Izabella Camargo: Como crescer sem se encolher?<br data-reader-unique-id=\"47\" \/>Quando: 14\/08 \u2013 \u00e0s 16h05<\/p>\n<p data-reader-unique-id=\"48\">\u2022 Joel Jota: Campe\u00f5es n\u00e3o nascem prontos, o sucesso \u00e9 trein\u00e1vel<br data-reader-unique-id=\"49\" \/>Quando: 14\/08 \u2013 \u00e0s 17h55<\/p>\n<p data-reader-unique-id=\"50\">\u2022 Dafna Blaschkauer: Lideran\u00e7a em alta performance<br data-reader-unique-id=\"51\" \/>Quando: 15\/08 \u2013 \u00e0s 14h<\/p>\n<p data-reader-unique-id=\"52\">\u2022 Helio Azevedo: Arquitetura de vendas: implemente as melhores pr\u00e1ticas de vendas e marketing de multinacionais na sua empresa<br data-reader-unique-id=\"53\" \/>Quando: 15\/08 \u2013 \u00e0s 15h10<\/p>\n<p data-reader-unique-id=\"54\">\u2022 Natalia Beauty: Como construir um ecossistema de neg\u00f3cios bem-sucedido<br data-reader-unique-id=\"55\" \/>Quando: 15\/08 \u2013 \u00e0s 17h55<\/p>\n<p data-reader-unique-id=\"56\">\u2022 Orkut Buyukkoten: Sa\u00fade mental e m\u00eddias sociais<br data-reader-unique-id=\"57\" \/>Quando: 16\/08 \u2013 \u00e0s 14h<\/p>\n<p data-reader-unique-id=\"58\">\u2022 Alfredo Soares: Futuro das vendas \u2013 a Ci\u00eancia de vender melhor<br data-reader-unique-id=\"59\" \/>Quando: 16\/08 \u2013 \u00e0s 15h10<\/p>\n<p data-reader-unique-id=\"60\"><strong data-reader-unique-id=\"61\">Impacto Al\u00e9m do Evento<\/strong><\/p>\n<p data-reader-unique-id=\"62\">Florian\u00f3polis \u00e9 considerada a 2\u00aa cidade mais empreendedora do Brasil, sendo a 1\u00aa no ranking de m\u00e3o de obra qualificada segundo a Endeavor. A capital catarinense possui parques tecnol\u00f3gicos, centros de inova\u00e7\u00e3o e concentra as principais universidades e institutos tecnol\u00f3gicos do estado, com 19 institui\u00e7\u00f5es de ensino superior. J\u00e1 foi considerada como o \u201cVale do Sil\u00edcio\u201d da Am\u00e9rica Latina.<\/p>\n<p data-reader-unique-id=\"65\">A realiza\u00e7\u00e3o do Startup Summit 2024 deve gerar um impacto econ\u00f4mico significativo em Florian\u00f3polis, estimado em R$ 24,48 milh\u00f5es. Al\u00e9m disso, o evento impulsiona a economia local atrav\u00e9s da cria\u00e7\u00e3o de empregos tempor\u00e1rios, aumento do fluxo tur\u00edstico e potenciais investimentos em startupslocais.<\/p>\n<p data-reader-unique-id=\"68\"><strong data-reader-unique-id=\"69\">Mais Informa\u00e7\u00f5es e Inscri\u00e7\u00f5es<\/strong><\/p>\n<p data-reader-unique-id=\"70\">Para conhecer a programa\u00e7\u00e3o completa e fazer sua inscri\u00e7\u00e3o, acesse Startup Summit 2024.\u00a0Saiba mais sobre o trabalho do Sebrae para o ecossistema de <em data-reader-unique-id=\"71\">startups<\/em> em<a href=\"https:\/\/sebrae.com.br\/sites\/PortalSebrae\/sebraestartups\" target=\"_blank\" rel=\"noopener\" data-reader-unique-id=\"72\"> Sebrae Startups.<\/a><\/p>\n<p data-reader-unique-id=\"70\">Com informa\u00e7\u00f5es de Ag\u00eancia Sebrae.<\/p>\n","protected":false},"excerpt":{"rendered":"<p>A edi\u00e7\u00e3o deste ano ocorre de 14 a 16 de<span class=\"excerpt-hellip\"> [\u2026]<\/span><\/p>\n","protected":false},"author":8,"featured_media":48185,"comment_status":"closed","ping_status":"closed","sticky":false,"template":"","format":"standard","meta":{"footnotes":"","_links_to":"","_links_to_target":""},"categories":[3,383],"tags":[],"calendar":[],"_links":{"self":[{"href":"https:\/\/anprotec.org.br\/site\/wp-json\/wp\/v2\/posts\/48184"}],"collection":[{"href":"https:\/\/anprotec.org.br\/site\/wp-json\/wp\/v2\/posts"}],"about":[{"href":"https:\/\/anprotec.org.br\/site\/wp-json\/wp\/v2\/types\/post"}],"author":[{"embeddable":true,"href":"https:\/\/anprotec.org.br\/site\/wp-json\/wp\/v2\/users\/8"}],"replies":[{"embeddable":true,"href":"https:\/\/anprotec.org.br\/site\/wp-json\/wp\/v2\/comments?post=48184"}],"version-history":[{"count":2,"href":"https:\/\/anprotec.org.br\/site\/wp-json\/wp\/v2\/posts\/48184\/revisions"}],"predecessor-version":[{"id":48213,"href":"https:\/\/anprotec.org.br\/site\/wp-json\/wp\/v2\/posts\/48184\/revisions\/48213"}],"wp:featuredmedia":[{"embeddable":true,"href":"https:\/\/anprotec.org.br\/site\/wp-json\/wp\/v2\/media\/48185"}],"wp:attachment":[{"href":"https:\/\/anprotec.org.br\/site\/wp-json\/wp\/v2\/media?parent=48184"}],"wp:term":[{"taxonomy":"category","embeddable":true,"href":"https:\/\/anprotec.org.br\/site\/wp-json\/wp\/v2\/categories?post=48184"},{"taxonomy":"post_tag","embeddable":true,"href":"https:\/\/anprotec.org.br\/site\/wp-json\/wp\/v2\/tags?post=48184"},{"taxonomy":"calendar","embeddable":true,"href":"https:\/\/anprotec.org.br\/site\/wp-json\/wp\/v2\/calendar?post=48184"}],"curies":[{"name":"wp","href":"https:\/\/api.w.org\/{rel}","templated":true}]}}