{"id":47889,"date":"2024-06-11T09:18:48","date_gmt":"2024-06-11T12:18:48","guid":{"rendered":"https:\/\/anprotec.org.br\/site\/?p=47889"},"modified":"2025-02-21T17:58:04","modified_gmt":"2025-02-21T20:58:04","slug":"anprotec-realiza-agenda-em-brasilia-para-tratar-sobre-o-ecossistema-de-inovacao","status":"publish","type":"post","link":"https:\/\/anprotec.org.br\/site\/2024\/06\/anprotec-realiza-agenda-em-brasilia-para-tratar-sobre-o-ecossistema-de-inovacao\/","title":{"rendered":"Anprotec realiza agenda em Bras\u00edlia para tratar sobre o ecossistema de inova\u00e7\u00e3o"},"content":{"rendered":"<p>&nbsp;<\/p>\n<div class=\"wp-block-image\"><img decoding=\"async\" loading=\"lazy\" class=\" wp-image-47864 aligncenter\" src=\"https:\/\/anprotec.org.br\/site\/wp-content\/uploads\/2024\/06\/WhatsApp-Image-2024-06-05-at-15.10.21-1024x461.jpeg\" alt=\"\" width=\"693\" height=\"312\" srcset=\"https:\/\/anprotec.org.br\/site\/wp-content\/uploads\/2024\/06\/WhatsApp-Image-2024-06-05-at-15.10.21-1024x461.jpeg 1024w, https:\/\/anprotec.org.br\/site\/wp-content\/uploads\/2024\/06\/WhatsApp-Image-2024-06-05-at-15.10.21-300x135.jpeg 300w, https:\/\/anprotec.org.br\/site\/wp-content\/uploads\/2024\/06\/WhatsApp-Image-2024-06-05-at-15.10.21-768x346.jpeg 768w, https:\/\/anprotec.org.br\/site\/wp-content\/uploads\/2024\/06\/WhatsApp-Image-2024-06-05-at-15.10.21-1536x692.jpeg 1536w, https:\/\/anprotec.org.br\/site\/wp-content\/uploads\/2024\/06\/WhatsApp-Image-2024-06-05-at-15.10.21-260x117.jpeg 260w, https:\/\/anprotec.org.br\/site\/wp-content\/uploads\/2024\/06\/WhatsApp-Image-2024-06-05-at-15.10.21-50x23.jpeg 50w, https:\/\/anprotec.org.br\/site\/wp-content\/uploads\/2024\/06\/WhatsApp-Image-2024-06-05-at-15.10.21-150x68.jpeg 150w, https:\/\/anprotec.org.br\/site\/wp-content\/uploads\/2024\/06\/WhatsApp-Image-2024-06-05-at-15.10.21.jpeg 1600w\" sizes=\"(max-width: 693px) 100vw, 693px\" \/><\/div>\n<p><span style=\"font-weight: 400;\">A presidente da Anprotec, Adriana Faria, participou ao longo da \u00faltima semana de uma s\u00e9rie de reuni\u00f5es com institui\u00e7\u00f5es e representantes governamentais para discutir temas relacionados ao ecossistema de inova\u00e7\u00e3o.<\/span><\/p>\n<p><span style=\"font-weight: 400;\">No primeiro compromisso da agenda, Adriana se reuniu com membros do Minist\u00e9rio da Ci\u00eancia, Tecnologia e Inova\u00e7\u00e3o (MCTI) em que destacou a import\u00e2ncia da rela\u00e7\u00e3o entre a Anprotec e o MCTI, assim como o apoio do minist\u00e9rio aos ambientes de inova\u00e7\u00e3o brasileiros. Adriana Faria tamb\u00e9m enfatizou a necessidade de atualizar as plataformas InovaLink e InovaData para mapear o ecossistema de inova\u00e7\u00e3o ativo no pa\u00eds.<\/span><\/p>\n<div class=\"wp-block-image\"><img decoding=\"async\" loading=\"lazy\" class=\"wp-image-47891 aligncenter\" src=\"https:\/\/anprotec.org.br\/site\/wp-content\/uploads\/2024\/06\/MRE-1024x768.jpeg\" alt=\"\" width=\"580\" height=\"435\" srcset=\"https:\/\/anprotec.org.br\/site\/wp-content\/uploads\/2024\/06\/MRE-1024x768.jpeg 1024w, https:\/\/anprotec.org.br\/site\/wp-content\/uploads\/2024\/06\/MRE-300x225.jpeg 300w, https:\/\/anprotec.org.br\/site\/wp-content\/uploads\/2024\/06\/MRE-768x576.jpeg 768w, https:\/\/anprotec.org.br\/site\/wp-content\/uploads\/2024\/06\/MRE-1536x1152.jpeg 1536w, https:\/\/anprotec.org.br\/site\/wp-content\/uploads\/2024\/06\/MRE-195x146.jpeg 195w, https:\/\/anprotec.org.br\/site\/wp-content\/uploads\/2024\/06\/MRE-50x38.jpeg 50w, https:\/\/anprotec.org.br\/site\/wp-content\/uploads\/2024\/06\/MRE-100x75.jpeg 100w, https:\/\/anprotec.org.br\/site\/wp-content\/uploads\/2024\/06\/MRE-960x720.jpeg 960w, https:\/\/anprotec.org.br\/site\/wp-content\/uploads\/2024\/06\/MRE.jpeg 1600w\" sizes=\"(max-width: 580px) 100vw, 580px\" \/><\/div>\n<p><span style=\"font-weight: 400;\">Estiveram presentes nas reuni\u00f5es Guila Calheiros, secret\u00e1rio de Desenvolvimento Tecnol\u00f3gico e Inova\u00e7\u00e3o; Sheila Oliveira Pires, diretora do Departamento de Apoio aos Ecossistemas de Inova\u00e7\u00e3o; P\u00fablio Vieira Valadares, coordenador-Geral de Ambientes Inovadores e Startups (CGAI); al\u00e9m de Luis Gustavo Peles, consultor da Anprotec.<\/span><\/p>\n<p><span style=\"font-weight: 400;\">A segunda reuni\u00e3o contou com temas como a prepara\u00e7\u00e3o do Dia da Inova\u00e7\u00e3o Brasil-Nairobi que ir\u00e1 ocorrer durante a Miss\u00e3o Internacional Anprotec, que acontece em parceria com o Minist\u00e9rio das Rela\u00e7\u00f5es Exteriores (MRE), o planejamento de uma confer\u00eancia internacional da Anprotec e do interesse de receber representantes dos BRICS em painel dedicado ao tema, al\u00e9m do interesse de desenvolver novo programa de softlanding &#8211; com orienta\u00e7\u00e3o a atra\u00e7\u00e3o de empreendimentos inovadores estrangeiros para o Brasil.<\/span><\/p>\n<p><span style=\"font-weight: 400;\">Neste encontro estiveram presentes Carlos Eduardo Higa Matsumoto, chefe da Assessoria Especial de Assuntos Internacionais (ASSIN) &#8211; MCTI; Luciano Mazza de Andrade, diretor do Departamento de Ci\u00eancia, Tecnologia, Inova\u00e7\u00e3o e Propriedade Intelectual do Itamaraty; Rafael Leal, Chefe da Divis\u00e3o de Ci\u00eancia, Tecnologia e Inova\u00e7\u00e3o do Minist\u00e9rio das Rela\u00e7\u00f5es Exteriores; Guilherme Fitzgibbon Alves Pereira,\u00a0 Primeiro-secret\u00e1rio, subchefe da Divis\u00e3o de Ci\u00eancia, Tecnologia e Inova\u00e7\u00e3o do MRE; Fl\u00e1vio Guion Correia, diplomata e <\/span><span style=\"font-weight: 400;\">Gustavo Cocentino, Assessor, <\/span><span style=\"font-weight: 400;\">na ASSIN do MCTI<\/span><\/p>\n<div class=\"wp-block-image\"><img decoding=\"async\" loading=\"lazy\" class=\"size-full wp-image-47890 aligncenter\" src=\"https:\/\/anprotec.org.br\/site\/wp-content\/uploads\/2024\/06\/mctit-1.png\" alt=\"\" width=\"640\" height=\"400\" srcset=\"https:\/\/anprotec.org.br\/site\/wp-content\/uploads\/2024\/06\/mctit-1.png 640w, https:\/\/anprotec.org.br\/site\/wp-content\/uploads\/2024\/06\/mctit-1-300x188.png 300w, https:\/\/anprotec.org.br\/site\/wp-content\/uploads\/2024\/06\/mctit-1-234x146.png 234w, https:\/\/anprotec.org.br\/site\/wp-content\/uploads\/2024\/06\/mctit-1-50x31.png 50w, https:\/\/anprotec.org.br\/site\/wp-content\/uploads\/2024\/06\/mctit-1-120x75.png 120w\" sizes=\"(max-width: 640px) 100vw, 640px\" \/><\/div>\n<p><span style=\"font-weight: 400;\">Na quinta-feira (6), a Anprotec participou do evento de <\/span><a href=\"https:\/\/anprotec.org.br\/site\/2024\/06\/anprotec-participa-de-evento-de-lancamento-de-guia-de-entendimentos-sobre-marco-legal-da-cti\/\"><span style=\"font-weight: 400;\">lan\u00e7amento do Guia de Entendimentos sobre conflito de interesses no Marco Legal de Ci\u00eancia, Tecnologia e Inova\u00e7\u00e3o (MLCTI)<\/span><\/a><span style=\"font-weight: 400;\">. O documento tem o objetivo de esclarecer quest\u00f5es pr\u00e1ticas da aplica\u00e7\u00e3o da lei, dirimir conflitos e garantir seguran\u00e7a jur\u00eddica a pesquisadores e gestores de institui\u00e7\u00f5es de pesquisa no uso dos instrumentos da legisla\u00e7\u00e3o. A presidente da Anprotec, Adriana Faria, participou do evento, representando a Associa\u00e7\u00e3o no painel \u201cVis\u00e3o dos atores do SNCTI\u201d, em que ressaltou o impacto do guia para os atores do ecossistema de inova\u00e7\u00e3o.<\/span><\/p>\n<div class=\"wp-block-image\"><img decoding=\"async\" loading=\"lazy\" class=\" wp-image-47892 aligncenter\" src=\"https:\/\/anprotec.org.br\/site\/wp-content\/uploads\/2024\/06\/Vitor-Lippi-768x1024.jpeg\" alt=\"\" width=\"300\" height=\"400\" srcset=\"https:\/\/anprotec.org.br\/site\/wp-content\/uploads\/2024\/06\/Vitor-Lippi-768x1024.jpeg 768w, https:\/\/anprotec.org.br\/site\/wp-content\/uploads\/2024\/06\/Vitor-Lippi-225x300.jpeg 225w, https:\/\/anprotec.org.br\/site\/wp-content\/uploads\/2024\/06\/Vitor-Lippi-1152x1536.jpeg 1152w, https:\/\/anprotec.org.br\/site\/wp-content\/uploads\/2024\/06\/Vitor-Lippi-110x146.jpeg 110w, https:\/\/anprotec.org.br\/site\/wp-content\/uploads\/2024\/06\/Vitor-Lippi-38x50.jpeg 38w, https:\/\/anprotec.org.br\/site\/wp-content\/uploads\/2024\/06\/Vitor-Lippi-56x75.jpeg 56w, https:\/\/anprotec.org.br\/site\/wp-content\/uploads\/2024\/06\/Vitor-Lippi.jpeg 1200w\" sizes=\"(max-width: 300px) 100vw, 300px\" \/><\/div>\n<p><span style=\"font-weight: 400;\">O pr\u00f3ximo compromisso da Anprotec foi com o deputado federal Vitor Lippi (PSDB) em que a presidente da Anprotec apresentou informa\u00e7\u00f5es setoriais sobre o ecossistema de inova\u00e7\u00e3o e sobre as dificuldades das universidades na produ\u00e7\u00e3o e desenvolvimento de pesquisa por meio\u00a0 de capta\u00e7\u00e3o de bolsistas. A reuni\u00e3o teve como objetivo buscar um arcabou\u00e7o na lei para encontrar melhorias e est\u00edmulos na transfer\u00eancia de tecnologia dentro das universidades.<\/span><\/p>\n<div class=\"wp-block-image\"><img decoding=\"async\" loading=\"lazy\" class=\"wp-image-47893 aligncenter\" src=\"https:\/\/anprotec.org.br\/site\/wp-content\/uploads\/2024\/06\/MAPA-1024x768.jpeg\" alt=\"\" width=\"524\" height=\"393\" srcset=\"https:\/\/anprotec.org.br\/site\/wp-content\/uploads\/2024\/06\/MAPA-1024x768.jpeg 1024w, https:\/\/anprotec.org.br\/site\/wp-content\/uploads\/2024\/06\/MAPA-300x225.jpeg 300w, https:\/\/anprotec.org.br\/site\/wp-content\/uploads\/2024\/06\/MAPA-768x576.jpeg 768w, https:\/\/anprotec.org.br\/site\/wp-content\/uploads\/2024\/06\/MAPA-1536x1152.jpeg 1536w, https:\/\/anprotec.org.br\/site\/wp-content\/uploads\/2024\/06\/MAPA-195x146.jpeg 195w, https:\/\/anprotec.org.br\/site\/wp-content\/uploads\/2024\/06\/MAPA-50x38.jpeg 50w, https:\/\/anprotec.org.br\/site\/wp-content\/uploads\/2024\/06\/MAPA-100x75.jpeg 100w, https:\/\/anprotec.org.br\/site\/wp-content\/uploads\/2024\/06\/MAPA-960x720.jpeg 960w, https:\/\/anprotec.org.br\/site\/wp-content\/uploads\/2024\/06\/MAPA.jpeg 1600w\" sizes=\"(max-width: 524px) 100vw, 524px\" \/><\/div>\n","protected":false},"excerpt":{"rendered":"<p>&nbsp; A presidente da Anprotec, Adriana Faria, participou ao longo<span class=\"excerpt-hellip\"> [\u2026]<\/span><\/p>\n","protected":false},"author":8,"featured_media":47890,"comment_status":"closed","ping_status":"closed","sticky":false,"template":"","format":"standard","meta":{"footnotes":"","_links_to":"","_links_to_target":""},"categories":[416,395,3],"tags":[],"calendar":[],"_links":{"self":[{"href":"https:\/\/anprotec.org.br\/site\/wp-json\/wp\/v2\/posts\/47889"}],"collection":[{"href":"https:\/\/anprotec.org.br\/site\/wp-json\/wp\/v2\/posts"}],"about":[{"href":"https:\/\/anprotec.org.br\/site\/wp-json\/wp\/v2\/types\/post"}],"author":[{"embeddable":true,"href":"https:\/\/anprotec.org.br\/site\/wp-json\/wp\/v2\/users\/8"}],"replies":[{"embeddable":true,"href":"https:\/\/anprotec.org.br\/site\/wp-json\/wp\/v2\/comments?post=47889"}],"version-history":[{"count":2,"href":"https:\/\/anprotec.org.br\/site\/wp-json\/wp\/v2\/posts\/47889\/revisions"}],"predecessor-version":[{"id":47895,"href":"https:\/\/anprotec.org.br\/site\/wp-json\/wp\/v2\/posts\/47889\/revisions\/47895"}],"wp:featuredmedia":[{"embeddable":true,"href":"https:\/\/anprotec.org.br\/site\/wp-json\/wp\/v2\/media\/47890"}],"wp:attachment":[{"href":"https:\/\/anprotec.org.br\/site\/wp-json\/wp\/v2\/media?parent=47889"}],"wp:term":[{"taxonomy":"category","embeddable":true,"href":"https:\/\/anprotec.org.br\/site\/wp-json\/wp\/v2\/categories?post=47889"},{"taxonomy":"post_tag","embeddable":true,"href":"https:\/\/anprotec.org.br\/site\/wp-json\/wp\/v2\/tags?post=47889"},{"taxonomy":"calendar","embeddable":true,"href":"https:\/\/anprotec.org.br\/site\/wp-json\/wp\/v2\/calendar?post=47889"}],"curies":[{"name":"wp","href":"https:\/\/api.w.org\/{rel}","templated":true}]}}