{"id":47856,"date":"2024-06-05T14:58:04","date_gmt":"2024-06-05T17:58:04","guid":{"rendered":"https:\/\/anprotec.org.br\/site\/?p=47856"},"modified":"2025-02-21T17:56:39","modified_gmt":"2025-02-21T20:56:39","slug":"inscricoes-abertas-para-o-santander-x-award-2024","status":"publish","type":"post","link":"https:\/\/anprotec.org.br\/site\/2024\/06\/inscricoes-abertas-para-o-santander-x-award-2024\/","title":{"rendered":"Inscri\u00e7\u00f5es abertas para o Santander X Award 2024"},"content":{"rendered":"<div class=\"wp-block-image\"><img decoding=\"async\" loading=\"lazy\" class=\"size-large wp-image-47857 aligncenter\" src=\"https:\/\/anprotec.org.br\/site\/wp-content\/uploads\/2024\/06\/card1-1-1024x1024.jpg\" alt=\"\" width=\"1024\" height=\"1024\" srcset=\"https:\/\/anprotec.org.br\/site\/wp-content\/uploads\/2024\/06\/card1-1-1024x1024.jpg 1024w, https:\/\/anprotec.org.br\/site\/wp-content\/uploads\/2024\/06\/card1-1-300x300.jpg 300w, https:\/\/anprotec.org.br\/site\/wp-content\/uploads\/2024\/06\/card1-1-768x768.jpg 768w, https:\/\/anprotec.org.br\/site\/wp-content\/uploads\/2024\/06\/card1-1-1536x1536.jpg 1536w, https:\/\/anprotec.org.br\/site\/wp-content\/uploads\/2024\/06\/card1-1-scaled.jpg 2048w, https:\/\/anprotec.org.br\/site\/wp-content\/uploads\/2024\/06\/card1-1-146x146.jpg 146w, https:\/\/anprotec.org.br\/site\/wp-content\/uploads\/2024\/06\/card1-1-50x50.jpg 50w, https:\/\/anprotec.org.br\/site\/wp-content\/uploads\/2024\/06\/card1-1-75x75.jpg 75w, https:\/\/anprotec.org.br\/site\/wp-content\/uploads\/2024\/06\/card1-1-85x85.jpg 85w, https:\/\/anprotec.org.br\/site\/wp-content\/uploads\/2024\/06\/card1-1-80x80.jpg 80w\" sizes=\"(max-width: 1024px) 100vw, 1024px\" \/><\/div>\n<p><span style=\"font-weight: 400;\">Est\u00e1 pronto para acelerar sua ideia ou neg\u00f3cio? Temos uma not\u00edcia incr\u00edvel: as inscri\u00e7\u00f5es para o Santander X Award 2024 est\u00e3o abertas!<\/span><span style=\"font-weight: 400;\"><\/p>\n<p><\/span><\/p>\n<p><b><i>Por que participar?<\/i><\/b><\/p>\n<p><b>Acelera\u00e7\u00e3o Online Gratuita:<\/b><span style=\"font-weight: 400;\"> \u00c9 s\u00f3 inscrever o seu projeto universit\u00e1rio, startup ou fintech at\u00e9 o dia 10 de Julho e para receber a acelera\u00e7\u00e3o online gratuitamente.<\/span><\/p>\n<p><b> Mentorias Personalizadas: <\/b><span style=\"font-weight: 400;\">As 30 melhores solu\u00e7\u00f5es ter\u00e3o acesso a mentorias exclusivas com especialistas de inova\u00e7\u00e3o da Ace Cortex.<\/span><\/p>\n<p><b> Pr\u00eamios em Dinheiro:<\/b><span style=\"font-weight: 400;\">\u00a0 R$ 270 mil em pr\u00eamios, distribu\u00eddos para os 9 ganhadores!<\/span><span style=\"font-weight: 400;\"><\/p>\n<p><\/span><\/p>\n<p><b><i>Benef\u00edcio Exclusivo<\/i><\/b><span style=\"font-weight: 400;\"><\/p>\n<p><\/span><\/p>\n<p><span style=\"font-weight: 400;\">Todas as startups que se inscreverem at\u00e9 o dia 10\/07 ter\u00e3o acesso \u00e0 acelera\u00e7\u00e3o online da ACE Cortex, cobrindo temas como idea\u00e7\u00e3o, valida\u00e7\u00e3o, neg\u00f3cio, produto, marketing, jur\u00eddico, cont\u00e1bil e fundraising.<\/span><span style=\"font-weight: 400;\"><br \/>\n<\/span><\/p>\n<p><span style=\"font-weight: 400;\"> N\u00e3o Perca Tempo!\u00a0<\/span><\/p>\n<p><span style=\"font-weight: 400;\">Acesse o link abaixo e fa\u00e7a sua inscri\u00e7\u00e3o agora mesmo.\u00a0<\/span><\/p>\n<p><span style=\"font-weight: 400;\">N\u00e3o deixe passar essa oportunidade \u00fanica de impulsionar seu projeto!<\/span><\/p>\n<p><span style=\"font-weight: 400;\">Link: <\/span><a href=\"https:\/\/tinyurl.com\/4trntpd8\"><span style=\"font-weight: 400;\">https:\/\/tinyurl.com\/4trntpd8<\/span><\/a><\/p>\n","protected":false},"excerpt":{"rendered":"<p>Est\u00e1 pronto para acelerar sua ideia ou neg\u00f3cio? Temos uma<span class=\"excerpt-hellip\"> [\u2026]<\/span><\/p>\n","protected":false},"author":8,"featured_media":47858,"comment_status":"closed","ping_status":"closed","sticky":false,"template":"","format":"standard","meta":{"footnotes":"","_links_to":"","_links_to_target":""},"categories":[3,383],"tags":[],"calendar":[],"_links":{"self":[{"href":"https:\/\/anprotec.org.br\/site\/wp-json\/wp\/v2\/posts\/47856"}],"collection":[{"href":"https:\/\/anprotec.org.br\/site\/wp-json\/wp\/v2\/posts"}],"about":[{"href":"https:\/\/anprotec.org.br\/site\/wp-json\/wp\/v2\/types\/post"}],"author":[{"embeddable":true,"href":"https:\/\/anprotec.org.br\/site\/wp-json\/wp\/v2\/users\/8"}],"replies":[{"embeddable":true,"href":"https:\/\/anprotec.org.br\/site\/wp-json\/wp\/v2\/comments?post=47856"}],"version-history":[{"count":2,"href":"https:\/\/anprotec.org.br\/site\/wp-json\/wp\/v2\/posts\/47856\/revisions"}],"predecessor-version":[{"id":47860,"href":"https:\/\/anprotec.org.br\/site\/wp-json\/wp\/v2\/posts\/47856\/revisions\/47860"}],"wp:featuredmedia":[{"embeddable":true,"href":"https:\/\/anprotec.org.br\/site\/wp-json\/wp\/v2\/media\/47858"}],"wp:attachment":[{"href":"https:\/\/anprotec.org.br\/site\/wp-json\/wp\/v2\/media?parent=47856"}],"wp:term":[{"taxonomy":"category","embeddable":true,"href":"https:\/\/anprotec.org.br\/site\/wp-json\/wp\/v2\/categories?post=47856"},{"taxonomy":"post_tag","embeddable":true,"href":"https:\/\/anprotec.org.br\/site\/wp-json\/wp\/v2\/tags?post=47856"},{"taxonomy":"calendar","embeddable":true,"href":"https:\/\/anprotec.org.br\/site\/wp-json\/wp\/v2\/calendar?post=47856"}],"curies":[{"name":"wp","href":"https:\/\/api.w.org\/{rel}","templated":true}]}}