{"id":47848,"date":"2024-06-05T11:11:34","date_gmt":"2024-06-05T14:11:34","guid":{"rendered":"https:\/\/anprotec.org.br\/site\/?p=47848"},"modified":"2025-02-21T17:55:25","modified_gmt":"2025-02-21T20:55:25","slug":"mcti-anuncia-credito-de-r-15-bilhao-para-empresas-inovadoras-do-rs","status":"publish","type":"post","link":"https:\/\/anprotec.org.br\/site\/2024\/06\/mcti-anuncia-credito-de-r-15-bilhao-para-empresas-inovadoras-do-rs\/","title":{"rendered":"MCTI anuncia cr\u00e9dito de R$ 1,5 bilh\u00e3o para empresas inovadoras do RS"},"content":{"rendered":"<div class=\"documentDescription\">\n<div class=\"wp-block-image\"><img decoding=\"async\" loading=\"lazy\" class=\"size-full wp-image-47849 aligncenter\" src=\"https:\/\/anprotec.org.br\/site\/wp-content\/uploads\/2024\/06\/mcc.png\" alt=\"\" width=\"756\" height=\"497\" srcset=\"https:\/\/anprotec.org.br\/site\/wp-content\/uploads\/2024\/06\/mcc.png 756w, https:\/\/anprotec.org.br\/site\/wp-content\/uploads\/2024\/06\/mcc-300x197.png 300w, https:\/\/anprotec.org.br\/site\/wp-content\/uploads\/2024\/06\/mcc-222x146.png 222w, https:\/\/anprotec.org.br\/site\/wp-content\/uploads\/2024\/06\/mcc-50x33.png 50w, https:\/\/anprotec.org.br\/site\/wp-content\/uploads\/2024\/06\/mcc-114x75.png 114w\" sizes=\"(max-width: 756px) 100vw, 756px\" \/><\/div>\n<\/div>\n<div><\/div>\n<div class=\"documentDescription\"><em>Ao todo o governo federal disponibilizar\u00e1 R$ 15 bilh\u00f5es em linhas de cr\u00e9dito para empresas do Rio Grande do Sul<\/em><\/div>\n<div><\/div>\n<div id=\"viewlet-above-content-body\">O governo federal anunciou nesta quarta-feira, 28, em solenidade no Pal\u00e1cio do Planalto, um conjunto de novas medidas de apoio \u00e0 popula\u00e7\u00e3o e \u00e0 reconstru\u00e7\u00e3o do Rio Grande do Sul (RS).\u00a0 A ministra da Ci\u00eancia, Tecnologia e Inova\u00e7\u00e3o (MCTI), Luciana Santos, destacou as a\u00e7\u00f5es de abertura de uma linha de cr\u00e9dito emergencial no valor de R$ 1,5 bilh\u00e3o para empresas de inova\u00e7\u00e3o no estado e investimentos de R$ 65 milh\u00f5es para reparos de equipamentos de centros de pesquisa.\u201cA ci\u00eancia est\u00e1 mobilizada desde o in\u00edcio, salvando vidas na medida em que fornece dados meteorol\u00f3gicos e sobre as \u00e1reas inundadas para que o governo tome decis\u00f5es e efetive a ajuda ao estado\u201d, afirmou a ministra. Ela explicou que o novo cr\u00e9dito emergencial para empresas ga\u00fachas contar\u00e1 com recursos da Financiadora de Estudos e Projetos (Finep), via operadoras locais, e 50% dos recursos v\u00e3o para micro, pequenas e m\u00e9dias empresas.<\/p>\n<p>O conjunto de iniciativas do MCTI para o estado inclui a antecipa\u00e7\u00e3o do pagamento de bolsas e aux\u00edlios do CNPq, j\u00e1 realizado, e a prorroga\u00e7\u00e3o do prazo de 5.532 bolsas de inicia\u00e7\u00e3o cient\u00edfica.<\/p>\n<p><b>Novo paradigma<\/b><\/p>\n<p>Na solenidade, realizada um m\u00eas depois do in\u00edcio das fortes chuvas e cheias que afetam o Rio Grande do Sul, o presidente Luiz In\u00e1cio Lula da Silva refor\u00e7ou o compromisso do governo federal em ajudar o estado. \u201cMudamos o paradigma de tratar de problemas clim\u00e1ticos neste pa\u00eds. A partir de agora, qualquer regi\u00e3o que tiver um problema clim\u00e1tico ter\u00e1 de ter uma a\u00e7\u00e3o especial\u201d, afirmou.<\/p>\n<p>Segundo Lula, o enfrentamento \u00e0 crise no Rio Grande do Sul mostra que o trabalho conjunto realizado com governo do estado e prefeituras produz resultados eficazes e mais r\u00e1pidos. \u201dO que queremos \u00e9 recuperar o direito do povo ga\u00facho de respirar, de poder olhar para o lado e recuperar o direito de ir e vir\u201d, apontou.<\/p>\n<p>A secret\u00e1ria-executiva da Casa Civil, Miriam Belchior, fez um balan\u00e7o das v\u00e1rias a\u00e7\u00f5es do governo federal de ajuda estado at\u00e9 o momento, dividido em cinco eixos: Resposta emergencial ao desastre; Cuidado com as pessoas; Apoio \u00e0s empresas; Medidas para o governo do RS; medidas institucionais.<\/p>\n<p>A cerim\u00f4nia de an\u00fancio das novas medidas contou tamb\u00e9m com as presen\u00e7as do vice-presidente Geraldo Alckmin, do ministro da Agricultura, Carlos F\u00e1varo, e do secret\u00e1rio-executivo do Minist\u00e9rio da Fazenda, Dario Durigan.<\/p>\n<p><b>A\u00e7\u00f5es do MCTI para o Rio Grande do Sul:<\/b><\/p>\n<p><b>&#8211; Prorroga\u00e7\u00e3o de prazo de bolsas e aux\u00edlios do CNPq<\/b><\/p>\n<ul>\n<li><b>5.532 bolsas<\/b>: Inicia\u00e7\u00e3o Cient\u00edfica, Mestrado, Doutorado, e Fomento Tecnol\u00f3gico do CNPq (excluindo as bolsas PQ e DT)<\/li>\n<li>Prorroga\u00e7\u00e3o por 2<b>\u00a0<\/b>meses (igual a Capes). O per\u00edodo da prorroga\u00e7\u00e3o ser\u00e1 analisado caso a caso (por demanda), institui\u00e7\u00f5es a partir dos crit\u00e9rios fornecidos pelo CNPq.<\/li>\n<li>Para al\u00e9m deste prazo, a vig\u00eancia das bolsas poder\u00e1 ser reavaliada e prorrogada por per\u00edodo igual ao da interrup\u00e7\u00e3o das atividades acad\u00eamicas nas institui\u00e7\u00f5es nas regi\u00f5es atingidas.<\/li>\n<\/ul>\n<p><b>&#8211; Programa de Financiamento de Empresas Inovadoras<\/b><\/p>\n<ul>\n<li>Em at\u00e9 R$ 1,5 bilh\u00e3o (cr\u00e9dito \/ reembols\u00e1vel), a taxa TR, predominantemente via Banrisul (cerca de R$ 1 bilh\u00e3o).<\/li>\n<li>60 % dos recursos v\u00e3o para Micro, Pequenas e M\u00e9dias Empresas.<\/li>\n<li>Do total de recursos solicitados pelas empresas em uma proposta, at\u00e9 40% poder\u00e1 ser utilizado em capital de giro associado aos investimentos em infraestrutura de PD&amp;I.<\/li>\n<li>S\u00e3o eleg\u00edveis como empresas inovadoras aquelas que nos \u00faltimos 10 anos receberam financiamento da Embrapii, BNDES, Lei do Bem, Finep.<\/li>\n<li>N\u00e3o ser\u00e3o necess\u00e1rios projetos detalhados nas propostas de solicita\u00e7\u00e3o de recursos\/apoio.<\/li>\n<li>Crit\u00e9rios de concess\u00e3o ser\u00e3o limitados \u00e0s empresas atingidas.<\/li>\n<\/ul>\n<p><b>&#8211; Programa de Reparos Emergenciais de Equipamentos para ICTs \u2013 via Finep<\/b><\/p>\n<ul>\n<li>Valor inicial de R$ 50 milh\u00f5es do FNDCT<\/li>\n<\/ul>\n<p><b>&#8211; Programa de Reparos Emergenciais de Equipamentos para Pesquisadores \u2013 via CNPq.<\/b><\/p>\n<ul>\n<li>Valor de R$ 15 milh\u00f5es do FNDCT<\/li>\n<\/ul>\n<p>Fonte: MCTI<\/p>\n<\/div>\n","protected":false},"excerpt":{"rendered":"<p>Ao todo o governo federal disponibilizar\u00e1 R$ 15 bilh\u00f5es em<span class=\"excerpt-hellip\"> [\u2026]<\/span><\/p>\n","protected":false},"author":8,"featured_media":47849,"comment_status":"closed","ping_status":"closed","sticky":false,"template":"","format":"standard","meta":{"footnotes":"","_links_to":"","_links_to_target":""},"categories":[3,383],"tags":[],"calendar":[],"_links":{"self":[{"href":"https:\/\/anprotec.org.br\/site\/wp-json\/wp\/v2\/posts\/47848"}],"collection":[{"href":"https:\/\/anprotec.org.br\/site\/wp-json\/wp\/v2\/posts"}],"about":[{"href":"https:\/\/anprotec.org.br\/site\/wp-json\/wp\/v2\/types\/post"}],"author":[{"embeddable":true,"href":"https:\/\/anprotec.org.br\/site\/wp-json\/wp\/v2\/users\/8"}],"replies":[{"embeddable":true,"href":"https:\/\/anprotec.org.br\/site\/wp-json\/wp\/v2\/comments?post=47848"}],"version-history":[{"count":1,"href":"https:\/\/anprotec.org.br\/site\/wp-json\/wp\/v2\/posts\/47848\/revisions"}],"predecessor-version":[{"id":47850,"href":"https:\/\/anprotec.org.br\/site\/wp-json\/wp\/v2\/posts\/47848\/revisions\/47850"}],"wp:featuredmedia":[{"embeddable":true,"href":"https:\/\/anprotec.org.br\/site\/wp-json\/wp\/v2\/media\/47849"}],"wp:attachment":[{"href":"https:\/\/anprotec.org.br\/site\/wp-json\/wp\/v2\/media?parent=47848"}],"wp:term":[{"taxonomy":"category","embeddable":true,"href":"https:\/\/anprotec.org.br\/site\/wp-json\/wp\/v2\/categories?post=47848"},{"taxonomy":"post_tag","embeddable":true,"href":"https:\/\/anprotec.org.br\/site\/wp-json\/wp\/v2\/tags?post=47848"},{"taxonomy":"calendar","embeddable":true,"href":"https:\/\/anprotec.org.br\/site\/wp-json\/wp\/v2\/calendar?post=47848"}],"curies":[{"name":"wp","href":"https:\/\/api.w.org\/{rel}","templated":true}]}}