{"id":47828,"date":"2024-05-29T11:29:14","date_gmt":"2024-05-29T14:29:14","guid":{"rendered":"https:\/\/anprotec.org.br\/site\/?p=47828"},"modified":"2025-02-21T17:54:54","modified_gmt":"2025-02-21T20:54:54","slug":"grupos-de-trabalho-comecam-a-discutir-acoes-de-inovacao-ciencia-e-tecnologia-para-reconstrucao-do-rs","status":"publish","type":"post","link":"https:\/\/anprotec.org.br\/site\/2024\/05\/grupos-de-trabalho-comecam-a-discutir-acoes-de-inovacao-ciencia-e-tecnologia-para-reconstrucao-do-rs\/","title":{"rendered":"Grupos de trabalho come\u00e7am a discutir a\u00e7\u00f5es de inova\u00e7\u00e3o, ci\u00eancia e tecnologia para reconstru\u00e7\u00e3o do RS"},"content":{"rendered":"<div class=\"wp-block-image\"><img decoding=\"async\" loading=\"lazy\" class=\" wp-image-47829 alignleft\" src=\"https:\/\/anprotec.org.br\/site\/wp-content\/uploads\/2024\/05\/sict.png\" alt=\"\" width=\"346\" height=\"216\" srcset=\"https:\/\/anprotec.org.br\/site\/wp-content\/uploads\/2024\/05\/sict.png 708w, https:\/\/anprotec.org.br\/site\/wp-content\/uploads\/2024\/05\/sict-300x187.png 300w, https:\/\/anprotec.org.br\/site\/wp-content\/uploads\/2024\/05\/sict-234x146.png 234w, https:\/\/anprotec.org.br\/site\/wp-content\/uploads\/2024\/05\/sict-50x31.png 50w, https:\/\/anprotec.org.br\/site\/wp-content\/uploads\/2024\/05\/sict-120x75.png 120w\" sizes=\"(max-width: 346px) 100vw, 346px\" \/><\/div>\n<p class=\"artigo__subtitulo\"><em>Reuni\u00f5es iniciais, organizadas pela Sict, ocorrem nesta ter\u00e7a e quarta-feira<\/em><\/p>\n<p>Os grupos de trabalho (GTs) definidos pela Secretaria de Inova\u00e7\u00e3o, Ci\u00eancia e Tecnologia (Sict) e pelo Conselho Estadual de Inova\u00e7\u00e3o, Ci\u00eancia e Tecnologia deram in\u00edcio aos debates sobre a\u00e7\u00f5es de mitiga\u00e7\u00e3o, resili\u00eancia e reconstru\u00e7\u00e3o do Rio Grande do Sul\u00a0nesta ter\u00e7a-feira (28). O objetivo das reuni\u00f5es \u00e9 idealizar e propor projetos alinhados aos quatro eixos do Plano Rio Grande &#8211; Emergencial, Reconstru\u00e7\u00e3o, Rio Grande do Sul do Futuro e Mapeamento de Oportunidades\u00a0de Recursos.<\/p>\n<p>Os\u00a0GTs\u00a0s\u00e3o compostos por diversos atores do Sistema Ga\u00facho de Ci\u00eancia, Tecnologia e Inova\u00e7\u00e3o, vinculados a universidades, ambientes de inova\u00e7\u00e3o, startups\u00a0e outras institui\u00e7\u00f5es. A\u00a0Sict\u00a0est\u00e1 organizando\u00a0o fluxo de trabalho, e o Conselho Estadual\u00a0ir\u00e1\u00a0reunir as propostas geradas\u00a0nos\u00a0GTs\u00a0e fazer a interlocu\u00e7\u00e3o com os\u00a0gestores do Plano Rio Grande.<\/p>\n<p>\u201cEstamos vivendo um momento extremamente desafiador. No \u00e2mbito da\u00a0Sict, alinhados \u00e0s discuss\u00f5es do governo como um todo, pensamos em como poder\u00edamos contribuir articulando nosso Sistema Ga\u00facho de Ci\u00eancia, Tecnologia e Inova\u00e7\u00e3o. Agora, nos grupos de trabalho, queremos construir juntos propostas de a\u00e7\u00f5es e projetos dentro da l\u00f3gica de cada eixo\u201d, explicou a titular da\u00a0Sict, Simone\u00a0St\u00fclp.<\/p>\n<p>Conforme destacou a secret\u00e1ria, a\u00a0\u00e1rea de inova\u00e7\u00e3o, ci\u00eancia e tecnologia tem muito a contribuir neste momento\u00a0de emerg\u00eancia clim\u00e1tica: \u201cTemos uma academia extremamente fortalecida em diferentes regi\u00f5es\u00a0do estado, al\u00e9m de um\u00a0conjunto robusto\u00a0de ambientes de inova\u00e7\u00e3o.\u00a0Com a participa\u00e7\u00e3o de representantes desses diversos setores, poderemos pensar no futuro\u00a0do Rio Grande do Sul\u00a0a partir desta nova realidade&#8221;, comentou Simone.<\/p>\n<p>Os\u00a0GTs\u00a0Mapeamento\u00a0de Oportunidades de Recursos, voltado para a\u00e7\u00f5es de capta\u00e7\u00e3o de recursos,\u00a0e Rio Grande do Sul do Futuro, focado em a\u00e7\u00f5es de longo prazo,\u00a0tiveram seus primeiros encontros nesta ter\u00e7a (28). J\u00e1\u00a0os\u00a0GTs\u00a0Emergencial, de a\u00e7\u00f5es de curto prazo,\u00a0e Reconstru\u00e7\u00e3o, de a\u00e7\u00f5es de m\u00e9dio prazo,\u00a0re\u00fanem-se\u00a0pela primeira vez nesta quarta (29).\u00a0A din\u00e2mica\u00a0deste momento inicial\u00a0envolve introdu\u00e7\u00e3o dos temas e apresenta\u00e7\u00e3o dos participantes.<\/p>\n<p>Ao longo das pr\u00f3ximas semanas,\u00a0os grupos v\u00e3o se dedicar \u00e0 constru\u00e7\u00e3o colaborativa\u00a0de\u00a0propostas de\u00a0projetos\u00a0multidisciplinares. Na sequ\u00eancia, essas proposi\u00e7\u00f5es\u00a0ser\u00e3o\u00a0encaminhadas, via Conselho Estadual\u00a0Inova\u00e7\u00e3o, Ci\u00eancia e Tecnologia,\u00a0como\u00a0subs\u00eddio para\u00a0o Plano Rio Grande\u00a0e demais \u00f3rg\u00e3os que trabalham na reconstru\u00e7\u00e3o do estado.<\/p>\n<p>Fonte: SICT<\/p>\n","protected":false},"excerpt":{"rendered":"<p>Reuni\u00f5es iniciais, organizadas pela Sict, ocorrem nesta ter\u00e7a e quarta-feira<span class=\"excerpt-hellip\"> [\u2026]<\/span><\/p>\n","protected":false},"author":8,"featured_media":47829,"comment_status":"closed","ping_status":"closed","sticky":false,"template":"","format":"standard","meta":{"footnotes":"","_links_to":"","_links_to_target":""},"categories":[3,414],"tags":[],"calendar":[],"_links":{"self":[{"href":"https:\/\/anprotec.org.br\/site\/wp-json\/wp\/v2\/posts\/47828"}],"collection":[{"href":"https:\/\/anprotec.org.br\/site\/wp-json\/wp\/v2\/posts"}],"about":[{"href":"https:\/\/anprotec.org.br\/site\/wp-json\/wp\/v2\/types\/post"}],"author":[{"embeddable":true,"href":"https:\/\/anprotec.org.br\/site\/wp-json\/wp\/v2\/users\/8"}],"replies":[{"embeddable":true,"href":"https:\/\/anprotec.org.br\/site\/wp-json\/wp\/v2\/comments?post=47828"}],"version-history":[{"count":1,"href":"https:\/\/anprotec.org.br\/site\/wp-json\/wp\/v2\/posts\/47828\/revisions"}],"predecessor-version":[{"id":47830,"href":"https:\/\/anprotec.org.br\/site\/wp-json\/wp\/v2\/posts\/47828\/revisions\/47830"}],"wp:featuredmedia":[{"embeddable":true,"href":"https:\/\/anprotec.org.br\/site\/wp-json\/wp\/v2\/media\/47829"}],"wp:attachment":[{"href":"https:\/\/anprotec.org.br\/site\/wp-json\/wp\/v2\/media?parent=47828"}],"wp:term":[{"taxonomy":"category","embeddable":true,"href":"https:\/\/anprotec.org.br\/site\/wp-json\/wp\/v2\/categories?post=47828"},{"taxonomy":"post_tag","embeddable":true,"href":"https:\/\/anprotec.org.br\/site\/wp-json\/wp\/v2\/tags?post=47828"},{"taxonomy":"calendar","embeddable":true,"href":"https:\/\/anprotec.org.br\/site\/wp-json\/wp\/v2\/calendar?post=47828"}],"curies":[{"name":"wp","href":"https:\/\/api.w.org\/{rel}","templated":true}]}}