{"id":47807,"date":"2024-05-24T09:16:04","date_gmt":"2024-05-24T12:16:04","guid":{"rendered":"https:\/\/anprotec.org.br\/site\/?p=47807"},"modified":"2025-02-21T17:54:23","modified_gmt":"2025-02-21T20:54:23","slug":"anprotec-realiza-primeira-reuniao-do-grupo-estendido-de-dirigentes","status":"publish","type":"post","link":"https:\/\/anprotec.org.br\/site\/2024\/05\/anprotec-realiza-primeira-reuniao-do-grupo-estendido-de-dirigentes\/","title":{"rendered":"Anprotec realiza primeira reuni\u00e3o do Grupo Estendido de Dirigentes"},"content":{"rendered":"<p>&nbsp;<\/p>\n<div class=\"wp-block-image\"><img decoding=\"async\" loading=\"lazy\" class=\" wp-image-47808 alignleft\" src=\"https:\/\/anprotec.org.br\/site\/wp-content\/uploads\/2024\/05\/ged.png\" alt=\"\" width=\"320\" height=\"200\" srcset=\"https:\/\/anprotec.org.br\/site\/wp-content\/uploads\/2024\/05\/ged.png 640w, https:\/\/anprotec.org.br\/site\/wp-content\/uploads\/2024\/05\/ged-300x188.png 300w, https:\/\/anprotec.org.br\/site\/wp-content\/uploads\/2024\/05\/ged-234x146.png 234w, https:\/\/anprotec.org.br\/site\/wp-content\/uploads\/2024\/05\/ged-50x31.png 50w, https:\/\/anprotec.org.br\/site\/wp-content\/uploads\/2024\/05\/ged-120x75.png 120w\" sizes=\"(max-width: 320px) 100vw, 320px\" \/><\/div>\n<p><span style=\"font-weight: 400;\">Na manh\u00e3 de hoje foi realizada a primeira reuni\u00e3o do Grupo Estendido de Dirigentes da Anprotec. O encontro aconteceu de maneira remota e apresentou os membros, al\u00e9m de tratar sobre os\u00a0 objetivos, a\u00e7\u00f5es e papel do grupo.<\/span><\/p>\n<p><span style=\"font-weight: 400;\">Trata-se de uma diretoria que tem por fun\u00e7\u00e3o apoiar a diretoria da Anprotec para levar as iniciativas at\u00e9 os ecossistemas regionais, representar a associa\u00e7\u00e3o e criar oportunidades locais. Al\u00e9m disso, os membros t\u00eam um papel fundamental de trazer as demandas das regi\u00f5es at\u00e9 a Anprotec.<\/span><\/p>\n<p><span style=\"font-weight: 400;\">O GED \u00e9 composto por cinco integrantes, sendo um membro por cada regi\u00e3o do pa\u00eds, dentre os indicados pelos associados da categoria titular efetivo adimplentes da regi\u00e3o de representa\u00e7\u00e3o.<\/span><\/p>\n<p><span style=\"font-weight: 400;\">Conhe\u00e7a os membros do Grupo Estendido de Dirigentes:<\/span><\/p>\n<p>&nbsp;<\/p>\n<p><b>Regi\u00e3o Nordeste:<\/b><\/p>\n<div class=\"wp-block-image\"><img decoding=\"async\" loading=\"lazy\" class=\"wp-image-47809 alignleft\" src=\"https:\/\/anprotec.org.br\/site\/wp-content\/uploads\/2024\/05\/Marcelo-Santos-PE-1018x1024.png\" alt=\"\" width=\"147\" height=\"148\" srcset=\"https:\/\/anprotec.org.br\/site\/wp-content\/uploads\/2024\/05\/Marcelo-Santos-PE-1018x1024.png 1018w, https:\/\/anprotec.org.br\/site\/wp-content\/uploads\/2024\/05\/Marcelo-Santos-PE-298x300.png 298w, https:\/\/anprotec.org.br\/site\/wp-content\/uploads\/2024\/05\/Marcelo-Santos-PE-768x773.png 768w, https:\/\/anprotec.org.br\/site\/wp-content\/uploads\/2024\/05\/Marcelo-Santos-PE-145x146.png 145w, https:\/\/anprotec.org.br\/site\/wp-content\/uploads\/2024\/05\/Marcelo-Santos-PE-50x50.png 50w, https:\/\/anprotec.org.br\/site\/wp-content\/uploads\/2024\/05\/Marcelo-Santos-PE-75x75.png 75w, https:\/\/anprotec.org.br\/site\/wp-content\/uploads\/2024\/05\/Marcelo-Santos-PE-85x85.png 85w, https:\/\/anprotec.org.br\/site\/wp-content\/uploads\/2024\/05\/Marcelo-Santos-PE-80x80.png 80w, https:\/\/anprotec.org.br\/site\/wp-content\/uploads\/2024\/05\/Marcelo-Santos-PE.png 1257w\" sizes=\"(max-width: 147px) 100vw, 147px\" \/><\/div>\n<p><span style=\"font-weight: 400;\">\u00a0Marcelo Anderson Batista dos Santos<\/span><\/p>\n<p><span style=\"font-weight: 400;\">\u00a0Instituto Federal do Sert\u00e3o Pernambucano \u2013 IFSert\u00e3oPE<\/span><\/p>\n<p>&nbsp;<\/p>\n<p>&nbsp;<\/p>\n<p>&nbsp;<\/p>\n<p>&nbsp;<\/p>\n<p><b>Regi\u00e3o Sudeste:<\/b><\/p>\n<p><span style=\"font-weight: 400;\"><img decoding=\"async\" loading=\"lazy\" class=\"wp-image-47811 alignleft\" src=\"https:\/\/anprotec.org.br\/site\/wp-content\/uploads\/2024\/05\/Photo-Nelson-Cancellara-1024x989.jpg\" alt=\"\" width=\"157\" height=\"152\" srcset=\"https:\/\/anprotec.org.br\/site\/wp-content\/uploads\/2024\/05\/Photo-Nelson-Cancellara-1024x989.jpg 1024w, https:\/\/anprotec.org.br\/site\/wp-content\/uploads\/2024\/05\/Photo-Nelson-Cancellara-300x290.jpg 300w, https:\/\/anprotec.org.br\/site\/wp-content\/uploads\/2024\/05\/Photo-Nelson-Cancellara-768x742.jpg 768w, https:\/\/anprotec.org.br\/site\/wp-content\/uploads\/2024\/05\/Photo-Nelson-Cancellara-151x146.jpg 151w, https:\/\/anprotec.org.br\/site\/wp-content\/uploads\/2024\/05\/Photo-Nelson-Cancellara-50x48.jpg 50w, https:\/\/anprotec.org.br\/site\/wp-content\/uploads\/2024\/05\/Photo-Nelson-Cancellara-78x75.jpg 78w, https:\/\/anprotec.org.br\/site\/wp-content\/uploads\/2024\/05\/Photo-Nelson-Cancellara.jpg 1034w\" sizes=\"(max-width: 157px) 100vw, 157px\" \/>Nelson Tadeu Cancellara\u00a0<\/span><\/p>\n<p><span style=\"font-weight: 400;\">Ag\u00eancia de Desenvolvimento e Inova\u00e7\u00e3o de Sorocaba \u2013 Inova Sorocaba\u00a0<\/span><\/p>\n<p>&nbsp;<\/p>\n<p>&nbsp;<\/p>\n<p>&nbsp;<\/p>\n<p><b>Regi\u00e3o Sul<\/b><\/p>\n<p><span style=\"font-weight: 400;\"> <img decoding=\"async\" loading=\"lazy\" class=\"wp-image-47813 alignleft\" src=\"https:\/\/anprotec.org.br\/site\/wp-content\/uploads\/2024\/05\/WhatsApp-Image-2024-05-23-at-14.29.18-767x1024.jpeg\" alt=\"\" width=\"162\" height=\"216\" \/><\/span><\/p>\n<p><span style=\"font-weight: 400;\">Andr\u00e9a de C\u00e1ssia Jardim Rehm<\/span><\/p>\n<p><span style=\"font-weight: 400;\">\u00a0Universidade Federal do Rio Grande do Sul \u2013 UFRGS<\/span><\/p>\n<p>&nbsp;<\/p>\n<p>&nbsp;<\/p>\n<p>&nbsp;<\/p>\n<p>&nbsp;<\/p>\n<p>&nbsp;<\/p>\n<p><b>Regi\u00e3o Norte<\/b><\/p>\n<p><span style=\"font-weight: 400;\"><img decoding=\"async\" loading=\"lazy\" class=\"wp-image-47812 alignleft\" src=\"https:\/\/anprotec.org.br\/site\/wp-content\/uploads\/2024\/05\/WhatsApp-Image-2024-05-23-at-11.43.08.jpeg\" alt=\"\" width=\"168\" height=\"168\" srcset=\"https:\/\/anprotec.org.br\/site\/wp-content\/uploads\/2024\/05\/WhatsApp-Image-2024-05-23-at-11.43.08.jpeg 640w, https:\/\/anprotec.org.br\/site\/wp-content\/uploads\/2024\/05\/WhatsApp-Image-2024-05-23-at-11.43.08-300x300.jpeg 300w, https:\/\/anprotec.org.br\/site\/wp-content\/uploads\/2024\/05\/WhatsApp-Image-2024-05-23-at-11.43.08-146x146.jpeg 146w, https:\/\/anprotec.org.br\/site\/wp-content\/uploads\/2024\/05\/WhatsApp-Image-2024-05-23-at-11.43.08-50x50.jpeg 50w, https:\/\/anprotec.org.br\/site\/wp-content\/uploads\/2024\/05\/WhatsApp-Image-2024-05-23-at-11.43.08-75x75.jpeg 75w, https:\/\/anprotec.org.br\/site\/wp-content\/uploads\/2024\/05\/WhatsApp-Image-2024-05-23-at-11.43.08-85x85.jpeg 85w, https:\/\/anprotec.org.br\/site\/wp-content\/uploads\/2024\/05\/WhatsApp-Image-2024-05-23-at-11.43.08-80x80.jpeg 80w\" sizes=\"(max-width: 168px) 100vw, 168px\" \/> Fredson Andrade da\u00a0 Encarna\u00e7\u00e3o\u00a0<\/span><\/p>\n<p><span style=\"font-weight: 400;\"> Centro de Solu\u00e7\u00f5es\u00a0 Tecnol\u00f3gicas e Empresariais FabriQ Ltda (Aceleradora Fabriq)<\/span><\/p>\n<p>&nbsp;<\/p>\n<p>&nbsp;<\/p>\n<p>&nbsp;<\/p>\n<p>&nbsp;<\/p>\n<p><b>Regi\u00e3o Centro-Oeste<\/b><\/p>\n<p><span style=\"font-weight: 400;\"><img decoding=\"async\" loading=\"lazy\" class=\"wp-image-47810 alignleft\" src=\"https:\/\/anprotec.org.br\/site\/wp-content\/uploads\/2024\/05\/marileusa.png\" alt=\"\" width=\"202\" height=\"200\" srcset=\"https:\/\/anprotec.org.br\/site\/wp-content\/uploads\/2024\/05\/marileusa.png 469w, https:\/\/anprotec.org.br\/site\/wp-content\/uploads\/2024\/05\/marileusa-300x297.png 300w, https:\/\/anprotec.org.br\/site\/wp-content\/uploads\/2024\/05\/marileusa-147x146.png 147w, https:\/\/anprotec.org.br\/site\/wp-content\/uploads\/2024\/05\/marileusa-50x50.png 50w, https:\/\/anprotec.org.br\/site\/wp-content\/uploads\/2024\/05\/marileusa-76x75.png 76w, https:\/\/anprotec.org.br\/site\/wp-content\/uploads\/2024\/05\/marileusa-85x85.png 85w, https:\/\/anprotec.org.br\/site\/wp-content\/uploads\/2024\/05\/marileusa-80x80.png 80w\" sizes=\"(max-width: 202px) 100vw, 202px\" \/><\/span><\/p>\n<p>&nbsp;<\/p>\n<p><span style=\"font-weight: 400;\">Marileusa Chiarello\u00a0<\/span><\/p>\n<p><span style=\"font-weight: 400;\"> Centro de Apoio ao Desenvolvimento Tecnol\u00f3gico \u2013 CDT\/UnB<\/span><\/p>\n","protected":false},"excerpt":{"rendered":"<p>&nbsp; Na manh\u00e3 de hoje foi realizada a primeira reuni\u00e3o<span class=\"excerpt-hellip\"> [\u2026]<\/span><\/p>\n","protected":false},"author":8,"featured_media":47808,"comment_status":"closed","ping_status":"closed","sticky":false,"template":"","format":"standard","meta":{"footnotes":"","_links_to":"","_links_to_target":""},"categories":[416,3],"tags":[],"calendar":[],"_links":{"self":[{"href":"https:\/\/anprotec.org.br\/site\/wp-json\/wp\/v2\/posts\/47807"}],"collection":[{"href":"https:\/\/anprotec.org.br\/site\/wp-json\/wp\/v2\/posts"}],"about":[{"href":"https:\/\/anprotec.org.br\/site\/wp-json\/wp\/v2\/types\/post"}],"author":[{"embeddable":true,"href":"https:\/\/anprotec.org.br\/site\/wp-json\/wp\/v2\/users\/8"}],"replies":[{"embeddable":true,"href":"https:\/\/anprotec.org.br\/site\/wp-json\/wp\/v2\/comments?post=47807"}],"version-history":[{"count":2,"href":"https:\/\/anprotec.org.br\/site\/wp-json\/wp\/v2\/posts\/47807\/revisions"}],"predecessor-version":[{"id":47821,"href":"https:\/\/anprotec.org.br\/site\/wp-json\/wp\/v2\/posts\/47807\/revisions\/47821"}],"wp:featuredmedia":[{"embeddable":true,"href":"https:\/\/anprotec.org.br\/site\/wp-json\/wp\/v2\/media\/47808"}],"wp:attachment":[{"href":"https:\/\/anprotec.org.br\/site\/wp-json\/wp\/v2\/media?parent=47807"}],"wp:term":[{"taxonomy":"category","embeddable":true,"href":"https:\/\/anprotec.org.br\/site\/wp-json\/wp\/v2\/categories?post=47807"},{"taxonomy":"post_tag","embeddable":true,"href":"https:\/\/anprotec.org.br\/site\/wp-json\/wp\/v2\/tags?post=47807"},{"taxonomy":"calendar","embeddable":true,"href":"https:\/\/anprotec.org.br\/site\/wp-json\/wp\/v2\/calendar?post=47807"}],"curies":[{"name":"wp","href":"https:\/\/api.w.org\/{rel}","templated":true}]}}