{"id":47803,"date":"2024-05-23T13:18:05","date_gmt":"2024-05-23T16:18:05","guid":{"rendered":"https:\/\/anprotec.org.br\/site\/?p=47803"},"modified":"2025-02-21T17:54:13","modified_gmt":"2025-02-21T20:54:13","slug":"seja-a-sede-das-edicoes-2025-e-2026-da-conferencia-anprotec","status":"publish","type":"post","link":"https:\/\/anprotec.org.br\/site\/2024\/05\/seja-a-sede-das-edicoes-2025-e-2026-da-conferencia-anprotec\/","title":{"rendered":"Seja a sede das edi\u00e7\u00f5es 2025 e 2026 da Confer\u00eancia Anprotec"},"content":{"rendered":"<div class=\"wp-block-image\"><img decoding=\"async\" loading=\"lazy\" class=\"size-large wp-image-47804 aligncenter\" src=\"https:\/\/anprotec.org.br\/site\/wp-content\/uploads\/2024\/05\/Sede-1024x1024.png\" alt=\"\" width=\"1024\" height=\"1024\" srcset=\"https:\/\/anprotec.org.br\/site\/wp-content\/uploads\/2024\/05\/Sede-1024x1024.png 1024w, https:\/\/anprotec.org.br\/site\/wp-content\/uploads\/2024\/05\/Sede-300x300.png 300w, https:\/\/anprotec.org.br\/site\/wp-content\/uploads\/2024\/05\/Sede-768x768.png 768w, https:\/\/anprotec.org.br\/site\/wp-content\/uploads\/2024\/05\/Sede-146x146.png 146w, https:\/\/anprotec.org.br\/site\/wp-content\/uploads\/2024\/05\/Sede-50x50.png 50w, https:\/\/anprotec.org.br\/site\/wp-content\/uploads\/2024\/05\/Sede-75x75.png 75w, https:\/\/anprotec.org.br\/site\/wp-content\/uploads\/2024\/05\/Sede-85x85.png 85w, https:\/\/anprotec.org.br\/site\/wp-content\/uploads\/2024\/05\/Sede-80x80.png 80w, https:\/\/anprotec.org.br\/site\/wp-content\/uploads\/2024\/05\/Sede.png 1080w\" sizes=\"(max-width: 1024px) 100vw, 1024px\" \/><\/div>\n<p><span style=\"font-weight: 400;\">A Confer\u00eancia Anprotec de 2024 j\u00e1 est\u00e1 ganhando forma e ser\u00e1 realizada de 2 a 5 de dezembro em S\u00e3o Jos\u00e9 dos Campos &#8211; SP. Se voc\u00ea deseja que a Confer\u00eancia de 2025 ou 2026 aconte\u00e7a na sua cidade, o Edital para sele\u00e7\u00e3o da sede dos pr\u00f3ximos eventos j\u00e1 est\u00e1 aberto.<\/span><\/p>\n<p><span style=\"font-weight: 400;\">Esta \u00e9 uma oportunidade \u00fanica para promover e fortalecer as iniciativas de empreendedorismo e inova\u00e7\u00e3o em sua cidade e regi\u00e3o, recebendo um dos principais eventos do setor, que re\u00fane profissionais, institui\u00e7\u00f5es, empresas e stakeholders envolvidos no ecossistema de inova\u00e7\u00e3o.<\/span><\/p>\n<p><span style=\"font-weight: 400;\">Estamos em busca de propostas que demonstrem comprometimento com o empreendedorismo e a inova\u00e7\u00e3o, al\u00e9m da capacidade de sediar um evento de sucesso.<\/span><\/p>\n<p><span style=\"font-weight: 400;\">As propostas para sediar a confer\u00eancia devem considerar, preferencialmente, os meses de outubro de 2025 e setembro de 2026. As datas ser\u00e3o definidas em comum acordo entre a Anprotec e o organizador local.<\/span><\/p>\n<p><span style=\"font-weight: 400;\">As propostas, anexos e toda a documenta\u00e7\u00e3o devidamente assinada devem ser encaminhadas at\u00e9 o dia 1\/7\/2024, conforme o edital.<\/span><\/p>\n<p><span style=\"font-weight: 400;\">Para acessar o edital completo e obter mais informa\u00e7\u00f5es, clique <\/span><a href=\"https:\/\/anprotec.org.br\/site\/wp-content\/uploads\/2024\/05\/RV_Edital-Sede-da-Conferencia-2025-e-2026-1-Formato-atualizado-Analise-Comissao.docx-1-Clicksign.pdf\"><span style=\"font-weight: 400;\">neste link<\/span><\/a><span style=\"font-weight: 400;\">.<\/span><\/p>\n<p>&nbsp;<\/p>\n","protected":false},"excerpt":{"rendered":"<p>A Confer\u00eancia Anprotec de 2024 j\u00e1 est\u00e1 ganhando forma e<span class=\"excerpt-hellip\"> [\u2026]<\/span><\/p>\n","protected":false},"author":8,"featured_media":47805,"comment_status":"closed","ping_status":"closed","sticky":false,"template":"","format":"standard","meta":{"footnotes":"","_links_to":"","_links_to_target":""},"categories":[395,3,383],"tags":[],"calendar":[],"_links":{"self":[{"href":"https:\/\/anprotec.org.br\/site\/wp-json\/wp\/v2\/posts\/47803"}],"collection":[{"href":"https:\/\/anprotec.org.br\/site\/wp-json\/wp\/v2\/posts"}],"about":[{"href":"https:\/\/anprotec.org.br\/site\/wp-json\/wp\/v2\/types\/post"}],"author":[{"embeddable":true,"href":"https:\/\/anprotec.org.br\/site\/wp-json\/wp\/v2\/users\/8"}],"replies":[{"embeddable":true,"href":"https:\/\/anprotec.org.br\/site\/wp-json\/wp\/v2\/comments?post=47803"}],"version-history":[{"count":1,"href":"https:\/\/anprotec.org.br\/site\/wp-json\/wp\/v2\/posts\/47803\/revisions"}],"predecessor-version":[{"id":47806,"href":"https:\/\/anprotec.org.br\/site\/wp-json\/wp\/v2\/posts\/47803\/revisions\/47806"}],"wp:featuredmedia":[{"embeddable":true,"href":"https:\/\/anprotec.org.br\/site\/wp-json\/wp\/v2\/media\/47805"}],"wp:attachment":[{"href":"https:\/\/anprotec.org.br\/site\/wp-json\/wp\/v2\/media?parent=47803"}],"wp:term":[{"taxonomy":"category","embeddable":true,"href":"https:\/\/anprotec.org.br\/site\/wp-json\/wp\/v2\/categories?post=47803"},{"taxonomy":"post_tag","embeddable":true,"href":"https:\/\/anprotec.org.br\/site\/wp-json\/wp\/v2\/tags?post=47803"},{"taxonomy":"calendar","embeddable":true,"href":"https:\/\/anprotec.org.br\/site\/wp-json\/wp\/v2\/calendar?post=47803"}],"curies":[{"name":"wp","href":"https:\/\/api.w.org\/{rel}","templated":true}]}}