{"id":47799,"date":"2024-05-22T16:59:00","date_gmt":"2024-05-22T19:59:00","guid":{"rendered":"https:\/\/anprotec.org.br\/site\/?p=47799"},"modified":"2025-02-21T17:53:57","modified_gmt":"2025-02-21T20:53:57","slug":"anprotec-e-instituicoes-do-rs-realizam-mapeamento-de-solucoes-tecnologicas-voltadas-para-mudancas-climaticas","status":"publish","type":"post","link":"https:\/\/anprotec.org.br\/site\/2024\/05\/anprotec-e-instituicoes-do-rs-realizam-mapeamento-de-solucoes-tecnologicas-voltadas-para-mudancas-climaticas\/","title":{"rendered":"Anprotec e institui\u00e7\u00f5es do RS realizam mapeamento de solu\u00e7\u00f5es tecnol\u00f3gicas voltadas para mudan\u00e7as clim\u00e1ticas"},"content":{"rendered":"<div class=\"wp-block-image\"><img decoding=\"async\" loading=\"lazy\" class=\"size-large wp-image-47800 aligncenter\" src=\"https:\/\/anprotec.org.br\/site\/wp-content\/uploads\/2024\/05\/RSSS-1024x568.png\" alt=\"\" width=\"1024\" height=\"568\" srcset=\"https:\/\/anprotec.org.br\/site\/wp-content\/uploads\/2024\/05\/RSSS-1024x568.png 1024w, https:\/\/anprotec.org.br\/site\/wp-content\/uploads\/2024\/05\/RSSS-300x167.png 300w, https:\/\/anprotec.org.br\/site\/wp-content\/uploads\/2024\/05\/RSSS-768x426.png 768w, https:\/\/anprotec.org.br\/site\/wp-content\/uploads\/2024\/05\/RSSS-1536x853.png 1536w, https:\/\/anprotec.org.br\/site\/wp-content\/uploads\/2024\/05\/RSSS-260x144.png 260w, https:\/\/anprotec.org.br\/site\/wp-content\/uploads\/2024\/05\/RSSS-50x28.png 50w, https:\/\/anprotec.org.br\/site\/wp-content\/uploads\/2024\/05\/RSSS-135x75.png 135w, https:\/\/anprotec.org.br\/site\/wp-content\/uploads\/2024\/05\/RSSS.png 1578w\" sizes=\"(max-width: 1024px) 100vw, 1024px\" \/><\/div>\n<p><span style=\"font-weight: 400;\">As enchentes ocorridas nas \u00faltimas semanas no Rio Grande do Sul, somadas \u00e0s cat\u00e1strofes recentes em outros estados em anos anteriores, colocam em evid\u00eancia a necessidade de solu\u00e7\u00f5es inovadoras para a preven\u00e7\u00e3o de novas ocorr\u00eancias e a reestrutura\u00e7\u00e3o de \u00e1reas afetadas.<\/span><\/p>\n<p><span style=\"font-weight: 400;\">Neste cen\u00e1rio, a Anprotec, em parceria com a Secretaria de Inova\u00e7\u00e3o, Ci\u00eancia e Tecnologia do Rio Grande do Sul (Sict), Rede Ga\u00facha de Ambientes de Inova\u00e7\u00e3o (Reginp), Associa\u00e7\u00e3o Ga\u00facha de Startups (AGS) e o GovTech Lab, est\u00e1 realizando um mapeamento de solu\u00e7\u00f5es tecnol\u00f3gicas e iniciativas desenvolvidas nos ambientes de inova\u00e7\u00e3o do Estado voltadas \u00e0 mitiga\u00e7\u00e3o dos efeitos das mudan\u00e7as clim\u00e1ticas.<\/span><\/p>\n<p><span style=\"font-weight: 400;\">O mapeamento \u00e9 fruto de um trabalho realizado pelo GovTech LAB, que \u00e9 um hub com iniciativas voltadas para servi\u00e7os e solu\u00e7\u00f5es tecnol\u00f3gicas que poder\u00e3o ser utilizadas tamb\u00e9m por entes p\u00fablicos, munic\u00edpios e institui\u00e7\u00f5es.<\/span><\/p>\n<p><span style=\"font-weight: 400;\">&#8220;Quando essa crise come\u00e7ou no Rio Grande do Sul, ficou evidente que as solu\u00e7\u00f5es tecnol\u00f3gicas desenvolvidas em startups e outras institui\u00e7\u00f5es podem contribuir nesta demanda de reconstru\u00e7\u00e3o. Por isso, reunimos um grupo com entidades do ecossistema de inova\u00e7\u00e3o e formalizamos a ideia de mapear e selecionar essas solu\u00e7\u00f5es&#8221;, afirma Artur Gibbon, Diretor de Ambientes de Inova\u00e7\u00e3o da Anprotec, que tamb\u00e9m atua no apoio ao GovTech LAB.<\/span><\/p>\n<p><span style=\"font-weight: 400;\">A CEO da GovTech LAB, T\u00e9o Foresti, enxerga que a coopera\u00e7\u00e3o entre governo e institui\u00e7\u00f5es privadas com foco em inova\u00e7\u00e3o \u00e9 um ponto primordial nesse per\u00edodo de reconstru\u00e7\u00e3o. &#8220;Nosso banco de dados possui, atualmente, 243 solu\u00e7\u00f5es cadastradas que est\u00e3o sendo compartilhadas com a Secretaria de Ci\u00eancia, Tecnologia e Inova\u00e7\u00e3o do RS&#8221;. T\u00e9o complementa ainda que &#8220;o GovTech Lab facilita parcerias estrat\u00e9gicas com o setor p\u00fablico, permitindo a contrata\u00e7\u00e3o de tecnologias por meio de compras p\u00fablicas. Isso contribui significativamente para a mitiga\u00e7\u00e3o dos impactos clim\u00e1ticos e a constru\u00e7\u00e3o de um futuro eficiente e sustent\u00e1vel, beneficiando os cidad\u00e3os que utilizam os servi\u00e7os p\u00fablicos oferecidos&#8221;.<\/span><\/p>\n<p><span style=\"font-weight: 400;\">O mapeamento conta com a colabora\u00e7\u00e3o de institui\u00e7\u00f5es de ensino superior, pesquisadores, empresas, startups, grupos de trabalho, institutos cient\u00edficos e organiza\u00e7\u00f5es, de forma a contribuir com mecanismos inteligentes para preven\u00e7\u00e3o e diminui\u00e7\u00e3o de danos causados por desastres ambientais, especialmente decorrentes do processo de mudan\u00e7a clim\u00e1tica, e que possam ajudar de maneira efetiva a enfrentar os danos causados nos \u00faltimos anos em decorr\u00eancia das enchentes nas cidades e no meio rural.<\/span><\/p>\n<p><span style=\"font-weight: 400;\">A presidente da Reginp e Head de Startups do Tecnopuc-RS, Daniela Eckert, ressaltou o papel dos ambientes na elabora\u00e7\u00e3o do mapeamento. &#8220;Os ambientes associados \u00e0 Reginp podem contribuir em v\u00e1rias frentes relacionadas com o mapeamento de solu\u00e7\u00f5es, tanto na conex\u00e3o com as institui\u00e7\u00f5es de pesquisa, quanto com solu\u00e7\u00f5es que est\u00e3o sendo desenvolvidas dentro dos ambientes pelas startups. Al\u00e9m disso, o papel do gestor do ambiente no relacionamento com os governos locais \u00e9 fundamental para uma curadoria mais apurada do que cada regi\u00e3o necessita e como as solu\u00e7\u00f5es podem atender&#8221;.<\/span><\/p>\n<p><span style=\"font-weight: 400;\">O cat\u00e1logo de solu\u00e7\u00f5es \u00e9 uma iniciativa para disponibilizar de forma padronizada e organizada as iniciativas oferecidas de forma volunt\u00e1ria que possam ser utilizadas pela popula\u00e7\u00e3o ga\u00facha e\/ou por \u00f3rg\u00e3os governamentais do RS.<\/span><\/p>\n<p><span style=\"font-weight: 400;\">&#8220;J\u00e1 temos mais de 200 solu\u00e7\u00f5es cadastradas no mapeamento, e agora vamos trabalhar na cria\u00e7\u00e3o dessa conex\u00e3o entre a oferta e a demanda, al\u00e9m de buscar recursos e parceiros para coloc\u00e1-las em pr\u00e1tica e acelerar a reconstru\u00e7\u00e3o&#8221;, conclui o diretor de Ambientes de Inova\u00e7\u00e3o da SICT-RS, Everaldo Daronco.<\/span><\/p>\n<p><span style=\"font-weight: 400;\">Para participar, \u00e9 necess\u00e1rio preencher um formul\u00e1rio dispon\u00edvel em <\/span><a href=\"https:\/\/docs.google.com\/forms\/d\/e\/1FAIpQLSd_Z1EbDMUhlZB1yXWaByJHvsQZFYCbtqg7vG-JR-RjQylCJg\/viewform\"><span style=\"font-weight: 400;\">portugu\u00eas<\/span><\/a><span style=\"font-weight: 400;\"> e <\/span><a href=\"https:\/\/docs.google.com\/forms\/d\/e\/1FAIpQLSeFgtLJlrosboDmg0DLJstVFiw3G9ON9lUNxIYxQ4VyKfFY2Q\/viewform\"><span style=\"font-weight: 400;\">ingl\u00eas<\/span><\/a><span style=\"font-weight: 400;\">, descrevendo brevemente a solu\u00e7\u00e3o, que pode ser um servi\u00e7o, uma ferramenta, um equipamento, ou outro, e seu objetivo, al\u00e9m de informa\u00e7\u00f5es de contato e identifica\u00e7\u00e3o.<\/span><\/p>\n","protected":false},"excerpt":{"rendered":"<p>As enchentes ocorridas nas \u00faltimas semanas no Rio Grande do<span class=\"excerpt-hellip\"> [\u2026]<\/span><\/p>\n","protected":false},"author":8,"featured_media":47800,"comment_status":"closed","ping_status":"closed","sticky":false,"template":"","format":"standard","meta":{"footnotes":"","_links_to":"","_links_to_target":""},"categories":[395,3,414],"tags":[],"calendar":[],"_links":{"self":[{"href":"https:\/\/anprotec.org.br\/site\/wp-json\/wp\/v2\/posts\/47799"}],"collection":[{"href":"https:\/\/anprotec.org.br\/site\/wp-json\/wp\/v2\/posts"}],"about":[{"href":"https:\/\/anprotec.org.br\/site\/wp-json\/wp\/v2\/types\/post"}],"author":[{"embeddable":true,"href":"https:\/\/anprotec.org.br\/site\/wp-json\/wp\/v2\/users\/8"}],"replies":[{"embeddable":true,"href":"https:\/\/anprotec.org.br\/site\/wp-json\/wp\/v2\/comments?post=47799"}],"version-history":[{"count":1,"href":"https:\/\/anprotec.org.br\/site\/wp-json\/wp\/v2\/posts\/47799\/revisions"}],"predecessor-version":[{"id":47801,"href":"https:\/\/anprotec.org.br\/site\/wp-json\/wp\/v2\/posts\/47799\/revisions\/47801"}],"wp:featuredmedia":[{"embeddable":true,"href":"https:\/\/anprotec.org.br\/site\/wp-json\/wp\/v2\/media\/47800"}],"wp:attachment":[{"href":"https:\/\/anprotec.org.br\/site\/wp-json\/wp\/v2\/media?parent=47799"}],"wp:term":[{"taxonomy":"category","embeddable":true,"href":"https:\/\/anprotec.org.br\/site\/wp-json\/wp\/v2\/categories?post=47799"},{"taxonomy":"post_tag","embeddable":true,"href":"https:\/\/anprotec.org.br\/site\/wp-json\/wp\/v2\/tags?post=47799"},{"taxonomy":"calendar","embeddable":true,"href":"https:\/\/anprotec.org.br\/site\/wp-json\/wp\/v2\/calendar?post=47799"}],"curies":[{"name":"wp","href":"https:\/\/api.w.org\/{rel}","templated":true}]}}