{"id":4742,"date":"2013-11-05T07:59:20","date_gmt":"2013-11-05T10:59:20","guid":{"rendered":"http:\/\/anprotec.org.br\/site\/?p=4742"},"modified":"2013-11-06T10:05:09","modified_gmt":"2013-11-06T13:05:09","slug":"mobilizacao-incentiva-empreendedorismo-no-pais","status":"publish","type":"post","link":"https:\/\/anprotec.org.br\/site\/2013\/11\/mobilizacao-incentiva-empreendedorismo-no-pais\/","title":{"rendered":"<!--:pt-->Mobiliza\u00e7\u00e3o incentiva empreendedorismo no pa\u00eds<!--:-->"},"content":{"rendered":"<p><!--:pt--><\/p>\n<p style=\"text-align: justify;\" align=\"center\"><img decoding=\"async\" loading=\"lazy\" class=\"alignleft size-thumbnail wp-image-4745\" alt=\"\" src=\"https:\/\/anprotec.org.br\/site\/wp-content\/uploads\/2013\/11\/20131105-Logo-SGE-270x160.jpg\" width=\"270\" height=\"160\" \/>Capacitar, inspirar e conectar. Esses s\u00e3o os objetivos da Semana Global do Empreendedorismo (SGE), que acontece entre os pr\u00f3ximos dias 18 e 24, em todo o Brasil. Atividades diversas \u2013 de palestras a competi\u00e7\u00f5es \u2013, com diferentes p\u00fablicos e tem\u00e1ticas comp\u00f5e a programa\u00e7\u00e3o, que vai al\u00e9m dos sete dias principais. Muito mais que um evento, a SGE \u00e9 um movimento global composto por 130 pa\u00edses, milhares de organiza\u00e7\u00f5es e milh\u00f5es de pessoas que buscam despertar e fortalecer o esp\u00edrito empreendedor. Por meio do <a href=\"http:\/\/www.semanaglobal.org.br\/\" target=\"_blank\">site oficial<\/a>, \u00e9 poss\u00edvel consultar as atividades por local, tem\u00e1tica ou data e garantir a participa\u00e7\u00e3o na SGE 2013.<\/p>\n<p style=\"text-align: justify;\">Nesta edi\u00e7\u00e3o, a tem\u00e1tica principal \u00e9 \u201cSe existe um sonho existe um caminho\u201d, que retrata a meta do movimento de inspirar as pessoas a acreditarem que podem empreender seus sonhos, seja em novos neg\u00f3cios, dentro de organiza\u00e7\u00f5es, como em suas pr\u00f3prias vidas. A partir desse tema, quatro objetivos centrais foram tra\u00e7ados: a capilariza\u00e7\u00e3o do movimento, especialmente em cidades com mais de 200 mil habitantes; a cria\u00e7\u00e3o de novos Comit\u00eas Estrat\u00e9gicos Regionais; o fortalecimento do ecossistema empreendedor; e a constru\u00e7\u00e3o de um legado na cultura empreendedora do pa\u00eds, especialmente por meio dos esfor\u00e7os com rela\u00e7\u00e3o \u00e0 Educa\u00e7\u00e3o Empreendedora.<\/p>\n<p style=\"text-align: justify;\">Aqui no Brasil, desde 2008, a organiza\u00e7\u00e3o anfitri\u00e3 da SGE \u00e9 o <a href=\"http:\/\/www.endeavor.org.br\/\" target=\"_blank\">Instituto Empreender Endeavor<\/a>, que auxilia na coordena\u00e7\u00e3o dos demais parceiros e na realiza\u00e7\u00e3o de todo o suporte necess\u00e1rio para a viabiliza\u00e7\u00e3o do movimento no pa\u00eds. Al\u00e9m disso, o evento conta com o <a href=\"http:\/\/www.semanaglobal.org.br\/pt\/sobre\/conselho-nacional\" target=\"_blank\">Conselho Nacional<\/a>, composto pela Anprotec e mais nove organiza\u00e7\u00f5es respons\u00e1veis por desenvolver estrat\u00e9gias para a Semana em todo o pa\u00eds.<\/p>\n<p style=\"text-align: justify;\"><b>Participa\u00e7\u00e3o do movimento<\/b><\/p>\n<p style=\"text-align: justify;\">Neste ano, algumas incubadoras associadas \u00e0 Anprotec participar\u00e3o do evento. Em Santa Catarina, o <a href=\"http:\/\/www.miditecnologico.com.br\/index.asp\" target=\"_blank\">MIDI Tecnol\u00f3gico<\/a> \u2013 incubadora gerida pela Associa\u00e7\u00e3o Catarinense de Empresas de Tecnologia (Acate) e mantida pelo Sebrae\/SC \u2013 e o Comit\u00ea para Democratiza\u00e7\u00e3o da Inform\u00e1tica (CDI-SC) programaram, para o pr\u00f3ximo dia 20, \u00e0s 19h, a palestra <a href=\"http:\/\/www.semanaglobal.org.br\/pt\/atividade\/estrutura-de-suporte-a-empreendedores-inovadores-e\" target=\"_blank\">Estrutura de apoio e suporte a empreendedores inovadores e Empreendedorismo Social<\/a>. Conduzido por Heitor Blum Thiago e Kamila Bitarello, o encontro discutir\u00e1 formas de apoio a projetos de empreendedorismo inovador, al\u00e9m de apresentar o que \u00e9 uma incubadora e quais s\u00e3o as vantagens do processo de incuba\u00e7\u00e3o. Na abordagem sobre empreendedorismo social, o foco estar\u00e1 nas diferen\u00e7as entre uma empresa tradicional e uma organiza\u00e7\u00e3o social.<\/p>\n<p style=\"text-align: justify;\">No Rio de Janeiro, a <a href=\"http:\/\/www.incubadora.coppe.ufrj.br\/\" target=\"_blank\">Incubadora de Empresas Coppe\/UFRJ<\/a> est\u00e1 desenvolvendo o concurso de ideias <a href=\"http:\/\/empurraquevai.incubadora.coppe.ufrj.br\/\" target=\"_blank\">Empurra que vai<\/a>. Voltado para a comunidade da Universidade Federal do Rio de Janeiro (UFRJ), o evento \u00e9 uma oportunidade para tirar ideias de neg\u00f3cios inovadores do papel dando um \u201cempurr\u00e3ozinho extra\u201d. A etapa virtual eliminat\u00f3ria aconteceu previamente e, durante a SGE, entre os pr\u00f3ximos dias 18 e 22, ser\u00e1 realizada a etapa final, que consiste em uma imers\u00e3o com os dez finalistas e especialistas de diversas \u00e1reas para melhorar o desenvolvimento dos neg\u00f3cios, prestar consultorias, aconselhamentos e promover o networking. O vencedor dessa etapa final ser\u00e1 premiado com R$ 5 mil.<\/p>\n<p style=\"text-align: justify;\">A <a href=\"http:\/\/www.pucrs.br\/raiar\/\" target=\"_blank\">Raiar<\/a> \u2013 Incubadora Multissetorial de Empresas de Base Tecnol\u00f3gica da PUCRS\u00a0\u2013, em conjunto com o N\u00facleo Empreendedor e o N\u00facleo de Apoio \u00e0 Gest\u00e3o Empresarial, tamb\u00e9m participar\u00e1 da SGE, com uma s\u00e9rie de atividades entre os dias 18 e 21 de novembro. Para abrir a programa\u00e7\u00e3o, a Universidade sediar\u00e1 o <a href=\"http:\/\/www.semanaglobal.org.br\/pt\/atividade\/abertura-da-semana-global-do-empreendedorismo-no-r\" target=\"_blank\">Semin\u00e1rio Oficial da Semana Global de Empreendedorismo do Estado do Rio Grande do Sul<\/a>, que ser\u00e1 realizado no dia 18, \u00e0s 19h30, e contar\u00e1 com a apresenta\u00e7\u00e3o dos cases dos empres\u00e1rios Alexandre Gehlen, do Intercity Hoteis, e Darci Schneid, da Sirtec. A programa\u00e7\u00e3o completa, bem como os detalhes do Raiar Open Door \u2013 um tour pela Incubadora Raiar e empresas incubadas \u2013 est\u00e3o dispon\u00edveis nos sites da SGE e da <a href=\"http:\/\/www3.pucrs.br\/portal\/page\/portal\/inovapucrs\/Capa\/Noticias\/in_outnov_semana_global\" target=\"_blank\">PUCRS<\/a>.<\/p>\n<p><!--:--><\/p>\n","protected":false},"excerpt":{"rendered":"<p><!--:pt-->Semana Global do Empreendedorismo ser\u00e1 realizada entre os dias 18 e 24 de novembro, com atividades em todo o Brasil. Incubadoras associadas participar\u00e3o do evento.<!--:--><\/p>\n","protected":false},"author":8,"featured_media":4745,"comment_status":"open","ping_status":"open","sticky":false,"template":"","format":"standard","meta":{"footnotes":"","_links_to":"","_links_to_target":""},"categories":[3],"tags":[],"calendar":[],"_links":{"self":[{"href":"https:\/\/anprotec.org.br\/site\/wp-json\/wp\/v2\/posts\/4742"}],"collection":[{"href":"https:\/\/anprotec.org.br\/site\/wp-json\/wp\/v2\/posts"}],"about":[{"href":"https:\/\/anprotec.org.br\/site\/wp-json\/wp\/v2\/types\/post"}],"author":[{"embeddable":true,"href":"https:\/\/anprotec.org.br\/site\/wp-json\/wp\/v2\/users\/8"}],"replies":[{"embeddable":true,"href":"https:\/\/anprotec.org.br\/site\/wp-json\/wp\/v2\/comments?post=4742"}],"version-history":[{"count":5,"href":"https:\/\/anprotec.org.br\/site\/wp-json\/wp\/v2\/posts\/4742\/revisions"}],"predecessor-version":[{"id":4762,"href":"https:\/\/anprotec.org.br\/site\/wp-json\/wp\/v2\/posts\/4742\/revisions\/4762"}],"wp:featuredmedia":[{"embeddable":true,"href":"https:\/\/anprotec.org.br\/site\/wp-json\/wp\/v2\/media\/4745"}],"wp:attachment":[{"href":"https:\/\/anprotec.org.br\/site\/wp-json\/wp\/v2\/media?parent=4742"}],"wp:term":[{"taxonomy":"category","embeddable":true,"href":"https:\/\/anprotec.org.br\/site\/wp-json\/wp\/v2\/categories?post=4742"},{"taxonomy":"post_tag","embeddable":true,"href":"https:\/\/anprotec.org.br\/site\/wp-json\/wp\/v2\/tags?post=4742"},{"taxonomy":"calendar","embeddable":true,"href":"https:\/\/anprotec.org.br\/site\/wp-json\/wp\/v2\/calendar?post=4742"}],"curies":[{"name":"wp","href":"https:\/\/api.w.org\/{rel}","templated":true}]}}