{"id":4739,"date":"2013-11-04T09:26:58","date_gmt":"2013-11-04T12:26:58","guid":{"rendered":"http:\/\/anprotec.org.br\/site\/?p=4739"},"modified":"2013-11-04T09:26:58","modified_gmt":"2013-11-04T12:26:58","slug":"audiencia-publica-debatera-projeto-de-lei","status":"publish","type":"post","link":"https:\/\/anprotec.org.br\/site\/2013\/11\/audiencia-publica-debatera-projeto-de-lei\/","title":{"rendered":"<!--:pt-->Audi\u00eancia p\u00fablica debater\u00e1 projeto de lei  <!--:-->"},"content":{"rendered":"<p><!--:pt--><\/p>\n<p style=\"text-align: justify;\" align=\"center\"><img decoding=\"async\" loading=\"lazy\" class=\"alignleft size-thumbnail wp-image-4740\" alt=\"\" src=\"https:\/\/anprotec.org.br\/site\/wp-content\/uploads\/2013\/11\/20131104-PL_cr\u00e9ditoLucio-Bernardo-Jr._C\u00e2mara-dos-Deputados-270x160.jpg\" width=\"270\" height=\"160\" \/>A Comiss\u00e3o de Ci\u00eancia e Tecnologia, Comunica\u00e7\u00e3o e Inform\u00e1tica (CCTCI) debater\u00e1 em audi\u00eancia p\u00fablica o <a href=\"http:\/\/www.camara.gov.br\/proposicoesWeb\/fichadetramitacao?idProposicao=586699\" target=\"_blank\">Projeto de Lei 6078\/2013<\/a>, do Poder Executivo, que altera diversas leis relacionadas \u00e0 \u00e1rea de Ci\u00eancia, Tecnologia e Inova\u00e7\u00e3o. As medidas s\u00e3o no \u00e2mbito das institui\u00e7\u00f5es federais de ensino superior e das institui\u00e7\u00f5es cient\u00edficas e tecnol\u00f3gicas em coopera\u00e7\u00e3o com organiza\u00e7\u00f5es sociais, entidades privadas, empresas p\u00fablicas ou sociedades de economia mista, suas subsidi\u00e1rias ou controladas. A data do debate ainda n\u00e3o foi definida.<\/p>\n<p style=\"text-align: justify;\">De acordo com a exposi\u00e7\u00e3o de motivos apresentada pelos ministros da Educa\u00e7\u00e3o; da Ci\u00eancia, Tecnologia e Inova\u00e7\u00e3o; da Controladoria-Geral da Uni\u00e3o; e do Planejamento, as mudan\u00e7as t\u00eam por objetivo primordial incentivar o desenvolvimento cient\u00edfico, a pesquisa e a capacita\u00e7\u00e3o tecnol\u00f3gica.<\/p>\n<p style=\"text-align: justify;\">Segundo a deputada Margarida Salom\u00e3o (PT-MG), que pediu a audi\u00eancia, \u201ctrata-se de uma proposi\u00e7\u00e3o bastante ampla, que promove altera\u00e7\u00f5es significativas em diversas leis fundamentais para a \u00e1rea de Ci\u00eancia e Tecnologia\u201d. Para ela, o objetivo maior seria atingido por meio de altera\u00e7\u00f5es que criam novos mecanismos institucionais para as atividades de pesquisa, desenvolvimento e inova\u00e7\u00e3o \u2013 com maior incentivo \u00e0 forma\u00e7\u00e3o de parcerias entre entes p\u00fablicos e privados \u2013, que ampliam os mecanismos necess\u00e1rios \u00e0 efetiva\u00e7\u00e3o da autonomia universit\u00e1ria e que alteram a pol\u00edtica de recursos humanos das Institui\u00e7\u00f5es Federais de Ensino e demais institui\u00e7\u00f5es cient\u00edficas e tecnol\u00f3gicas.<\/p>\n<p style=\"text-align: justify;\"><i>*Com informa\u00e7\u00f5es da Ag\u00eancia C\u00e2mara Not\u00edcias e foto de\u00a0Lucio Bernardo Jr.\/C\u00e2mara dos Deputados<\/i><\/p>\n<p><!--:--><\/p>\n","protected":false},"excerpt":{"rendered":"<p><!--:pt-->As mudan\u00e7as propostas pelo PL 6078\/2013 t\u00eam como objetivo incentivar o desenvolvimento cient\u00edfico, a pesquisa e a capacita\u00e7\u00e3o tecnol\u00f3gica.<!--:--><\/p>\n","protected":false},"author":8,"featured_media":4740,"comment_status":"open","ping_status":"open","sticky":false,"template":"","format":"standard","meta":{"footnotes":"","_links_to":"","_links_to_target":""},"categories":[3],"tags":[],"calendar":[],"_links":{"self":[{"href":"https:\/\/anprotec.org.br\/site\/wp-json\/wp\/v2\/posts\/4739"}],"collection":[{"href":"https:\/\/anprotec.org.br\/site\/wp-json\/wp\/v2\/posts"}],"about":[{"href":"https:\/\/anprotec.org.br\/site\/wp-json\/wp\/v2\/types\/post"}],"author":[{"embeddable":true,"href":"https:\/\/anprotec.org.br\/site\/wp-json\/wp\/v2\/users\/8"}],"replies":[{"embeddable":true,"href":"https:\/\/anprotec.org.br\/site\/wp-json\/wp\/v2\/comments?post=4739"}],"version-history":[{"count":1,"href":"https:\/\/anprotec.org.br\/site\/wp-json\/wp\/v2\/posts\/4739\/revisions"}],"predecessor-version":[{"id":4741,"href":"https:\/\/anprotec.org.br\/site\/wp-json\/wp\/v2\/posts\/4739\/revisions\/4741"}],"wp:featuredmedia":[{"embeddable":true,"href":"https:\/\/anprotec.org.br\/site\/wp-json\/wp\/v2\/media\/4740"}],"wp:attachment":[{"href":"https:\/\/anprotec.org.br\/site\/wp-json\/wp\/v2\/media?parent=4739"}],"wp:term":[{"taxonomy":"category","embeddable":true,"href":"https:\/\/anprotec.org.br\/site\/wp-json\/wp\/v2\/categories?post=4739"},{"taxonomy":"post_tag","embeddable":true,"href":"https:\/\/anprotec.org.br\/site\/wp-json\/wp\/v2\/tags?post=4739"},{"taxonomy":"calendar","embeddable":true,"href":"https:\/\/anprotec.org.br\/site\/wp-json\/wp\/v2\/calendar?post=4739"}],"curies":[{"name":"wp","href":"https:\/\/api.w.org\/{rel}","templated":true}]}}