{"id":4732,"date":"2013-11-01T08:16:37","date_gmt":"2013-11-01T11:16:37","guid":{"rendered":"http:\/\/anprotec.org.br\/site\/?p=4732"},"modified":"2013-11-01T08:31:59","modified_gmt":"2013-11-01T11:31:59","slug":"ufmg-vai-sediar-centro-de-pd-em-nanotubos-de-carbono","status":"publish","type":"post","link":"https:\/\/anprotec.org.br\/site\/2013\/11\/ufmg-vai-sediar-centro-de-pd-em-nanotubos-de-carbono\/","title":{"rendered":"<!--:pt-->UFMG vai sediar CT em nanotubos de carbono<!--:-->"},"content":{"rendered":"<p><!--:pt--><\/p>\n<p style=\"text-align: justify;\" align=\"center\"><img decoding=\"async\" loading=\"lazy\" class=\"alignleft size-thumbnail wp-image-4733\" alt=\"\" src=\"https:\/\/anprotec.org.br\/site\/wp-content\/uploads\/2013\/11\/20131101-CT-Nanotubus_cr\u00e9ditoFoca-Lisboa_UFMG-270x160.jpg\" width=\"270\" height=\"160\" \/>Um salto na produ\u00e7\u00e3o nacional de nanotubos de carbono e o avan\u00e7o de pesquisas relacionadas ao uso desse insumo ser\u00e3o os primeiros frutos do arranjo universidade\/empresas que vai instalar, no <a href=\"http:\/\/www.bhtec.org.br\/\" target=\"_blank\">Parque Tecnol\u00f3gico de Belo Horizonte<\/a> (BH-TEC), o Centro de Tecnologia em Nanotubos de Carbono (CT-Nanotubos), coordenado pelos professores Marcos Pimenta e Glaura Goulart Silva (foto) , do Instituto de Ci\u00eancias Exatas da <a href=\"https:\/\/www.ufmg.br\/\" target=\"_blank\">Universidade Federal de Minas Gerais<\/a> (UFMG). In\u00e9dito no Brasil, o CT \u00e9 uma evolu\u00e7\u00e3o na produ\u00e7\u00e3o nacional de nanotubos de carbono, uma vez que altas tecnologias n\u00e3o atendem a alta demanda nacional, e muitas vezes precisam ser importadas. A aplica\u00e7\u00e3o industrial dos nanotubos alcan\u00e7a as \u00e1reas de energia, eletr\u00f4nica, medicina e ind\u00fastrias qu\u00edmica e petroqu\u00edmica.<\/p>\n<p style=\"text-align: justify;\">Os R$ 36 milh\u00f5es n\u00e3o reembols\u00e1veis que ser\u00e3o aplicados no projeto v\u00e3o estimular cinco frentes de trabalho no campo da nanotecnologia de materiais de carbono. Antes da constru\u00e7\u00e3o do pr\u00e9dio de quatro andares que vai abrigar o centro, tr\u00eas opera\u00e7\u00f5es ser\u00e3o iniciadas ainda este ano no CTN-Incubado, em espa\u00e7o provis\u00f3rio no BH-TEC.<\/p>\n<p style=\"text-align: justify;\">\u201cN\u00e3o podemos esperar um ano e meio \u2013 tempo necess\u00e1rio \u00e0 constru\u00e7\u00e3o do pr\u00e9dio \u2013 para aumentar a escala de alguns processos\u201d, explica Glaura, professora do Departamento de Qu\u00edmica. Segundo ela, inicialmente ser\u00e3o desenvolvidas a\u00e7\u00f5es para amplia\u00e7\u00e3o de escala da produ\u00e7\u00e3o de poliuretano com nanotubos de carbono e de tratamento \u00e1cido de nanotubos, bem como caracteriza\u00e7\u00e3o de cimento nanoestruturado para completa\u00e7\u00e3o de po\u00e7os de petr\u00f3leo.<\/p>\n<p style=\"text-align: justify;\">O CT-Nanotubos nasceu de projeto da UFMG, com apoio significativo do BH-TEC e do <a href=\"http:\/\/www.mg.gov.br\/\" target=\"_blank\">governo do estado de Minas Gerais<\/a>, tendo sido aprovado pelo Fundo Tecnol\u00f3gico (Funtec) do <a href=\"http:\/\/www.bndes.gov.br\/SiteBNDES\/bndes\/bndes_pt\/index.html\" target=\"_blank\">Banco Nacional de Desenvolvimento Econ\u00f4mico e Social<\/a> (BNDES), que apoia financeiramente projetos de est\u00edmulo ao desenvolvimento tecnol\u00f3gico e \u00e0 inova\u00e7\u00e3o de interesse estrat\u00e9gico para o pa\u00eds.<\/p>\n<p style=\"text-align: justify;\">Com parceria da <a href=\"http:\/\/www.petrobras.com.br\/en\/\" target=\"_blank\">Petrobras<\/a> e da empresa <a href=\"http:\/\/www.intercement.com\/pt\/#\/home\/\" target=\"_blank\">InterCement<\/a>, re\u00fane grupos de pesquisa liderados por dez docentes da Universidade. Segundo Glaura, a iniciativa pode ser considerada um \u201cbra\u00e7o tecnol\u00f3gico\u201d do Instituto Nacional de Ci\u00eancia e Tecnologia (INCT) em Nanomateriais de Carbono, coordenado pelo professor Marcos Pimenta, e que re\u00fane 20 outras institui\u00e7\u00f5es parceiras, de nove estados brasileiros.<\/p>\n<p style=\"text-align: justify;\"><i>*Com informa\u00e7\u00f5es da UFMG e foto de Foca Lisboa\/UFMG<\/i><\/p>\n<p><!--:--><\/p>\n","protected":false},"excerpt":{"rendered":"<p><!--:pt-->Apoiado pelo BH-TEC, o CT-Nanotubos refor\u00e7a uma das principais frentes dos parques tecnol\u00f3gicos, a intera\u00e7\u00e3o com o meio acad\u00eamico.<!--:--><\/p>\n","protected":false},"author":8,"featured_media":4733,"comment_status":"open","ping_status":"open","sticky":false,"template":"","format":"standard","meta":{"footnotes":"","_links_to":"","_links_to_target":""},"categories":[3],"tags":[],"calendar":[],"_links":{"self":[{"href":"https:\/\/anprotec.org.br\/site\/wp-json\/wp\/v2\/posts\/4732"}],"collection":[{"href":"https:\/\/anprotec.org.br\/site\/wp-json\/wp\/v2\/posts"}],"about":[{"href":"https:\/\/anprotec.org.br\/site\/wp-json\/wp\/v2\/types\/post"}],"author":[{"embeddable":true,"href":"https:\/\/anprotec.org.br\/site\/wp-json\/wp\/v2\/users\/8"}],"replies":[{"embeddable":true,"href":"https:\/\/anprotec.org.br\/site\/wp-json\/wp\/v2\/comments?post=4732"}],"version-history":[{"count":4,"href":"https:\/\/anprotec.org.br\/site\/wp-json\/wp\/v2\/posts\/4732\/revisions"}],"predecessor-version":[{"id":4736,"href":"https:\/\/anprotec.org.br\/site\/wp-json\/wp\/v2\/posts\/4732\/revisions\/4736"}],"wp:featuredmedia":[{"embeddable":true,"href":"https:\/\/anprotec.org.br\/site\/wp-json\/wp\/v2\/media\/4733"}],"wp:attachment":[{"href":"https:\/\/anprotec.org.br\/site\/wp-json\/wp\/v2\/media?parent=4732"}],"wp:term":[{"taxonomy":"category","embeddable":true,"href":"https:\/\/anprotec.org.br\/site\/wp-json\/wp\/v2\/categories?post=4732"},{"taxonomy":"post_tag","embeddable":true,"href":"https:\/\/anprotec.org.br\/site\/wp-json\/wp\/v2\/tags?post=4732"},{"taxonomy":"calendar","embeddable":true,"href":"https:\/\/anprotec.org.br\/site\/wp-json\/wp\/v2\/calendar?post=4732"}],"curies":[{"name":"wp","href":"https:\/\/api.w.org\/{rel}","templated":true}]}}