{"id":4716,"date":"2013-10-30T10:53:57","date_gmt":"2013-10-30T13:53:57","guid":{"rendered":"http:\/\/anprotec.org.br\/site\/?p=4716"},"modified":"2013-12-04T14:28:25","modified_gmt":"2013-12-04T17:28:25","slug":"anprotec-completa-26-anos-de-atuacao","status":"publish","type":"post","link":"https:\/\/anprotec.org.br\/site\/2013\/10\/anprotec-completa-26-anos-de-atuacao\/","title":{"rendered":"<!--:pt-->Anprotec completa 26 anos de atua\u00e7\u00e3o<!--:-->"},"content":{"rendered":"<p><!--:pt--><\/p>\n<p style=\"text-align: justify;\"><img decoding=\"async\" loading=\"lazy\" class=\"alignleft size-thumbnail wp-image-4718\" alt=\"bolo-reduzida\" src=\"https:\/\/anprotec.org.br\/site\/wp-content\/uploads\/2013\/10\/bolo-reduzida-270x160.jpg\" width=\"270\" height=\"160\" \/>Apoiar entidades promotoras de inova\u00e7\u00e3o e capacitar empreendedores e gestores do movimento nacional de parques tecnol\u00f3gicos e incubadoras de empresas. Esse \u00e9 o desafio da <strong>Anprotec<\/strong>, que comemora hoje, 30 de outubro de 2013, 26 anos de atua\u00e7\u00e3o. Com 293 associados, a Associa\u00e7\u00e3o atua por meio da promo\u00e7\u00e3o de atividades de capacita\u00e7\u00e3o, articula\u00e7\u00e3o de pol\u00edticas p\u00fablicas, gera\u00e7\u00e3o e dissemina\u00e7\u00e3o de conhecimentos.<\/p>\n<p style=\"text-align: justify;\">A trajet\u00f3ria da Anprotec est\u00e1 diretamente ligada ao desenvolvimento de incubadoras de empresas e parques tecnol\u00f3gicos brasileiros. A implanta\u00e7\u00e3o desses ambientes em diferentes regi\u00f5es disseminou a ideia do empreendedorismo inovador no pa\u00eds, desencadeando a consolida\u00e7\u00e3o de um dos maiores sistemas mundiais de parques tecnol\u00f3gicos e incubadoras de empresas. Atualmente, o Brasil conta com cerca de 400 incubadoras de empresas e 90 iniciativas de parques tecnol\u00f3gicos.<\/p>\n<p style=\"text-align: justify;\">A atua\u00e7\u00e3o bem sucedida desses mecanismos de apoio \u00e0 inova\u00e7\u00e3o caracterizam a trajet\u00f3ria e a evolu\u00e7\u00e3o da Anprotec e contribuem de forma relevante para consolidar a forma\u00e7\u00e3o de uma forte e competitiva ind\u00fastria baseada no conhecimento. Confiante no trabalho das institui\u00e7\u00f5es que representa, a Anprotec, em conjunto aos diversos parceiros envolvidos em cada uma de suas a\u00e7\u00f5es, segue contribuindo para que o empreendedorismo inovador colabore de forma decisiva para o desenvolvimento sustent\u00e1vel do Brasil.<\/p>\n<p><!--:--><\/p>\n","protected":false},"excerpt":{"rendered":"<p><!--:pt-->Criada em 1987, a Associa\u00e7\u00e3o conta com 293 associados.  A institui\u00e7\u00e3o segue contribuindo para que o empreendedorismo inovador colabore para o desenvolvimento sustent\u00e1vel do Brasil.<!--:--><\/p>\n","protected":false},"author":8,"featured_media":4718,"comment_status":"open","ping_status":"open","sticky":false,"template":"","format":"standard","meta":{"footnotes":"","_links_to":"","_links_to_target":""},"categories":[3],"tags":[],"calendar":[],"_links":{"self":[{"href":"https:\/\/anprotec.org.br\/site\/wp-json\/wp\/v2\/posts\/4716"}],"collection":[{"href":"https:\/\/anprotec.org.br\/site\/wp-json\/wp\/v2\/posts"}],"about":[{"href":"https:\/\/anprotec.org.br\/site\/wp-json\/wp\/v2\/types\/post"}],"author":[{"embeddable":true,"href":"https:\/\/anprotec.org.br\/site\/wp-json\/wp\/v2\/users\/8"}],"replies":[{"embeddable":true,"href":"https:\/\/anprotec.org.br\/site\/wp-json\/wp\/v2\/comments?post=4716"}],"version-history":[{"count":8,"href":"https:\/\/anprotec.org.br\/site\/wp-json\/wp\/v2\/posts\/4716\/revisions"}],"predecessor-version":[{"id":5046,"href":"https:\/\/anprotec.org.br\/site\/wp-json\/wp\/v2\/posts\/4716\/revisions\/5046"}],"wp:featuredmedia":[{"embeddable":true,"href":"https:\/\/anprotec.org.br\/site\/wp-json\/wp\/v2\/media\/4718"}],"wp:attachment":[{"href":"https:\/\/anprotec.org.br\/site\/wp-json\/wp\/v2\/media?parent=4716"}],"wp:term":[{"taxonomy":"category","embeddable":true,"href":"https:\/\/anprotec.org.br\/site\/wp-json\/wp\/v2\/categories?post=4716"},{"taxonomy":"post_tag","embeddable":true,"href":"https:\/\/anprotec.org.br\/site\/wp-json\/wp\/v2\/tags?post=4716"},{"taxonomy":"calendar","embeddable":true,"href":"https:\/\/anprotec.org.br\/site\/wp-json\/wp\/v2\/calendar?post=4716"}],"curies":[{"name":"wp","href":"https:\/\/api.w.org\/{rel}","templated":true}]}}