{"id":4687,"date":"2013-10-29T10:47:17","date_gmt":"2013-10-29T13:47:17","guid":{"rendered":"http:\/\/anprotec.org.br\/site\/?p=4687"},"modified":"2013-10-30T11:22:18","modified_gmt":"2013-10-30T14:22:18","slug":"centev-reune-poder-publico-e-iniciativa-privada","status":"publish","type":"post","link":"https:\/\/anprotec.org.br\/site\/2013\/10\/centev-reune-poder-publico-e-iniciativa-privada\/","title":{"rendered":"<!--:pt-->CenTev re\u00fane poder p\u00fablico e iniciativa privada<!--:-->"},"content":{"rendered":"<p><!--:pt--><\/p>\n<p style=\"text-align: justify;\"><img decoding=\"async\" loading=\"lazy\" class=\"alignleft size-thumbnail wp-image-4689\" alt=\"\" src=\"https:\/\/anprotec.org.br\/site\/wp-content\/uploads\/2013\/10\/20131028-Caf\u00e9-CenTev2_cr\u00e9ditoAssessoria-de-Comunica\u00e7\u00e3o-do-CenTev_baixaresolu\u00e7\u00e3o-270x160.jpg\" width=\"270\" height=\"160\" \/>No \u00faltimo dia 24, o <b>Caf\u00e9 de Neg\u00f3cios do CenTev \u2013 Parcerias p\u00fablico-privado<\/b> reuniu, no <a href=\"http:\/\/www.centev.ufv.br\/parque\/\" target=\"_blank\">Parque Tecnol\u00f3gico de Vi\u00e7osa<\/a> (tecnoPARQ), representantes de prefeituras, secretarias municipais \u00a0e profissionais da \u00e1rea de ci\u00eancia, esporte, sa\u00fade e servi\u00e7o social, al\u00e9m de representantes de empresas que desenvolvem solu\u00e7\u00f5es para o setor. O evento, que fez parte das atividades da <b>III Semana Nacional de Ci\u00eancia e Tecnologia do tecnoPARQ<\/b>, contou com a apresenta\u00e7\u00e3o de projetos e servi\u00e7os empresariais que contribuem para o processo de moderniza\u00e7\u00e3o e otimiza\u00e7\u00e3o da gest\u00e3o nas \u00e1reas de ci\u00eancia, sa\u00fade e empreendedorismo por meio da intera\u00e7\u00e3o entre prefeituras e empresas inovadoras.<\/p>\n<p style=\"text-align: justify;\">Os participantes tiveram contato com as mais recentes tecnologias desenvolvidas por empresas privadas, bem como com as melhores pr\u00e1ticas desenvolvidas pelas prefeituras locais para propiciar melhor qualidade de vida \u00e0 popula\u00e7\u00e3o. &#8220;A expectativa maior \u00e9 de realmente ver a a\u00e7\u00e3o entre o poder p\u00fablico e a iniciativa privada no fomento \u00e0s atividades esportivas e de lazer, que \u00e9 o grande instrumento para estimular ainda mais a realiza\u00e7\u00e3o dessas atividades\u201d, afirmou o secret\u00e1rio de Esporte e Lazer da <a href=\"http:\/\/www.pontenova.mg.gov.br\/home\/index\/principal\/default.asp\" target=\"_blank\">Prefeitura Municipal de Ponte Nova<\/a> (MG), Rafael Pacheco.<\/p>\n<p style=\"text-align: justify;\">Entre as apresenta\u00e7\u00f5es, a graduanda em Educa\u00e7\u00e3o F\u00edsica da <a href=\"http:\/\/www.ufv.br\/\" target=\"_blank\">Universidade Federal de Vi\u00e7osa<\/a> (UFV), Deyliane Pereira, introduziu as participantes do <b>Programa Segundo Tempo<\/b>, desenvolvido pela federal; R\u00f4mulo Balga, da empresa <a href=\"http:\/\/www.theriontec.com.br\/\" target=\"_blank\">TherionTec\u00a0Sistemas Inovadores<\/a>, falou sobre o programa <b>RunTime\/Sistemas de Cronometragem esportiva<\/b>; e o gerente executivo da empresa <a href=\"http:\/\/www.jungleti.com.br\/site\/\" target=\"_blank\">Jungle Digital Games<\/a>, Igor Coelho, exp\u00f4s o <b>Programa de Educa\u00e7\u00e3o e Assist\u00eancia Social<\/b>.<\/p>\n<p style=\"text-align: justify;\">Para Coelho, o evento foi de extrema import\u00e2ncia para proporcionar o contato com novos poss\u00edveis clientes. \u201cN\u00f3s realmente esperamos que outros eventos como esse ocorram e que novas prefeituras possam ser convidadas para que possamos apresentar nosso trabalho e os resultados que temos obtido\u201d, afirmou.<\/p>\n<p style=\"text-align: justify;\">Tamb\u00e9m fizeram parte da programa\u00e7\u00e3o as apresenta\u00e7\u00f5es de Wagner Souza, da empresa <a href=\"http:\/\/www.dinnisoft.com.br\/\" target=\"_blank\">Dinni Solu\u00e7\u00f5es em Sistemas<\/a>, sobre o <b>Mark-X<\/b>, sistema de participa\u00e7\u00e3o p\u00fablica que aproxima cidad\u00e3os e governo fornecendo suporte \u00e0 tomada de decis\u00e3o; \u00c2ngela Figueira, gestora do curso de Psicologia da <a href=\"http:\/\/www.univicosa.com.br\/\" target=\"_blank\">Univi\u00e7osa<\/a>, sobre o programa <b>Unicl\u00ednica \u2013 Atendimento especializado e individualizado<\/b>; Adailson Abranches, chefe do Departamento de Projetos de Esportes Sociais da <a href=\"http:\/\/www.vicosa.mg.gov.br\/\" target=\"_blank\">Prefeitura Municipal de Vi\u00e7osa<\/a> (MG), sobre o projeto <b>Bom de Bola, Bom de Nota<\/b>; e Jeano Vieira, presidente da <a href=\"http:\/\/www.eficap.ufv.br\/\" target=\"_blank\">Empresa J\u00fanior de Educa\u00e7\u00e3o F\u00edsica da UFV<\/a>, sobre o <b>Centro de Treinamento em Levantamento de Peso<\/b>.<\/p>\n<p style=\"text-align: justify;\"><i>*Com informa\u00e7\u00f5es e foto da Assessoria de Comunica\u00e7\u00e3o do CenTev<\/i><\/p>\n<p><!--:--><\/p>\n","protected":false},"excerpt":{"rendered":"<p><!--:pt-->No \u00faltimo dia 24, o \u201cCaf\u00e9 de Neg\u00f3cios do CenTev &#8211; Parcerias p\u00fablico-privado\u201d promoveu, no Parque Tecnol\u00f3gico de Vi\u00e7osa (MG), uma a\u00e7\u00e3o para integrar governo e empresas.<!--:--><\/p>\n","protected":false},"author":8,"featured_media":4689,"comment_status":"open","ping_status":"open","sticky":false,"template":"","format":"standard","meta":{"footnotes":"","_links_to":"","_links_to_target":""},"categories":[3],"tags":[],"calendar":[],"_links":{"self":[{"href":"https:\/\/anprotec.org.br\/site\/wp-json\/wp\/v2\/posts\/4687"}],"collection":[{"href":"https:\/\/anprotec.org.br\/site\/wp-json\/wp\/v2\/posts"}],"about":[{"href":"https:\/\/anprotec.org.br\/site\/wp-json\/wp\/v2\/types\/post"}],"author":[{"embeddable":true,"href":"https:\/\/anprotec.org.br\/site\/wp-json\/wp\/v2\/users\/8"}],"replies":[{"embeddable":true,"href":"https:\/\/anprotec.org.br\/site\/wp-json\/wp\/v2\/comments?post=4687"}],"version-history":[{"count":2,"href":"https:\/\/anprotec.org.br\/site\/wp-json\/wp\/v2\/posts\/4687\/revisions"}],"predecessor-version":[{"id":4724,"href":"https:\/\/anprotec.org.br\/site\/wp-json\/wp\/v2\/posts\/4687\/revisions\/4724"}],"wp:featuredmedia":[{"embeddable":true,"href":"https:\/\/anprotec.org.br\/site\/wp-json\/wp\/v2\/media\/4689"}],"wp:attachment":[{"href":"https:\/\/anprotec.org.br\/site\/wp-json\/wp\/v2\/media?parent=4687"}],"wp:term":[{"taxonomy":"category","embeddable":true,"href":"https:\/\/anprotec.org.br\/site\/wp-json\/wp\/v2\/categories?post=4687"},{"taxonomy":"post_tag","embeddable":true,"href":"https:\/\/anprotec.org.br\/site\/wp-json\/wp\/v2\/tags?post=4687"},{"taxonomy":"calendar","embeddable":true,"href":"https:\/\/anprotec.org.br\/site\/wp-json\/wp\/v2\/calendar?post=4687"}],"curies":[{"name":"wp","href":"https:\/\/api.w.org\/{rel}","templated":true}]}}