{"id":4676,"date":"2013-10-28T10:06:04","date_gmt":"2013-10-28T13:06:04","guid":{"rendered":"http:\/\/anprotec.org.br\/site\/?p=4676"},"modified":"2013-10-28T10:06:04","modified_gmt":"2013-10-28T13:06:04","slug":"expocietec-inicia-nesta-quarta-feira","status":"publish","type":"post","link":"https:\/\/anprotec.org.br\/site\/2013\/10\/expocietec-inicia-nesta-quarta-feira\/","title":{"rendered":"<!--:pt-->Expocietec inicia nesta quarta-feira<!--:-->"},"content":{"rendered":"<p><!--:pt--><\/p>\n<p dir=\"ltr\" style=\"text-align: justify;\"><img decoding=\"async\" loading=\"lazy\" class=\"alignleft size-thumbnail wp-image-4679\" alt=\"\" src=\"https:\/\/anprotec.org.br\/site\/wp-content\/uploads\/2013\/10\/20131028-I-Expocietec1_cr\u00e9ditoOlicio-Pelosi_Fecomercio-SP_baixaresolu\u00e7\u00e3o-270x160.jpg\" width=\"270\" height=\"160\" \/>Produtos e servi\u00e7os inovadores de mais de 50 startups de base tecnol\u00f3gica nos setores de sa\u00fade, meio ambiente, eletroeletr\u00f4nicos, qu\u00edmica, biotecnologia e tecnologia da informa\u00e7\u00e3o ser\u00e3o atra\u00e7\u00e3o na <a href=\"http:\/\/www.expocietec.com.br\/\" target=\"_blank\">II Exposi\u00e7\u00e3o e Confer\u00eancia de Inova\u00e7\u00e3o e Empreendedorismo de Base Tecnol\u00f3gica<\/a> (Expocietec), que acontece nos pr\u00f3ximos dias 30 e 31, em S\u00e3o Paulo. Al\u00e9m da exposi\u00e7\u00e3o, apresenta\u00e7\u00f5es como a de Bel Pesce, empreendedora brasileira que se destacou no Vale do Sil\u00edcio, e de Carlos Souza, CEO do <a href=\"http:\/\/www.veduca.com.br\/\" target=\"_blank\">Veduca<\/a> \u2013 portal que re\u00fane videoaulas de universidades renomadas de diversos pa\u00edses \u2013, fazem parte da programa\u00e7\u00e3o do evento.<\/p>\n<p dir=\"ltr\" style=\"text-align: justify;\">A II Expocietec \u00e9 uma parceria entre o <a href=\"http:\/\/www.cietec.org.br\/\" target=\"_blank\">Centro de Inova\u00e7\u00e3o, Empreendedorismo e Tecnologia<\/a> (Cietec) e a <a href=\"http:\/\/www.fecomercio.com.br\/\" target=\"_blank\">Federa\u00e7\u00e3o do Com\u00e9rcio de Bens, Servi\u00e7os e Turismo do Estado de S\u00e3o Paulo<\/a> (FecomercioSP). Nesta segunda edi\u00e7\u00e3o, o evento contar\u00e1 com um f\u00f3rum entre empreendedores e investidores, palestras de cases de sucesso e debates sobre patentes e propriedade intelectual, internacionaliza\u00e7\u00e3o de empresas e regulamenta\u00e7\u00e3o na \u00e1rea da sa\u00fade, tend\u00eancias no mercado de games, ensino \u00e0 dist\u00e2ncia, entre outras tem\u00e1ticas.<\/p>\n<p style=\"text-align: justify;\"><strong>Feira<\/strong><\/p>\n<p style=\"text-align: justify;\">A feira de startups ocorre durante os dois dias do evento. Nela ser\u00e1 poss\u00edvel conhecer produtos como bioinseticida contra mosquito da dengue, tinta de efeito tridimensional, sistema integrado que dispara at\u00e9 72 c\u00e2meras simultaneamente para fotos em 360 graus e softwares de gest\u00e3o para neg\u00f3cios. Ao todo, 60 empresas participam da exposi\u00e7\u00e3o. Uma das novidades \u00e9 o Corredor Verde, espa\u00e7o reservado para iniciativas in\u00e9ditas na \u00e1rea de sustentabilidade, como uma m\u00e1quina de reciclagem de solventes para pequenas ind\u00fastrias, tecnologias para recupera\u00e7\u00e3o de rejeitos de min\u00e9rio e um processo para recuperar a prata de chapas de raios X com o objetivo de produzir bactericida para curativos com hidrogel.<\/p>\n<p style=\"text-align: justify;\"><strong>Palestras e workshops para empreendedores<\/strong><\/p>\n<p style=\"text-align: justify;\">Com foco no desenvolvimento do ambiente de neg\u00f3cios para micro e pequenas empresas, a programa\u00e7\u00e3o da II Expocietec contar\u00e1 tamb\u00e9m com palestras e workshops. No primeiro dia, startups que alcan\u00e7aram o sucesso, como a <a href=\"http:\/\/www.gestosaude.com.br\/\" target=\"_blank\">Gesto Sa\u00fade e Tecnologia<\/a>, que desenvolve processos e softwares para a gest\u00e3o de planos e riscos de sa\u00fade, e a <a href=\"http:\/\/www.p3d.com.br\/\" target=\"_blank\">P3D<\/a>, que produz softwares de realidade virtual para ensino escolar, compartilhar\u00e3o com empreendedores o processo de desenvolvimento de seus neg\u00f3cios, desde a incuba\u00e7\u00e3o at\u00e9 a maturidade.<\/p>\n<p dir=\"ltr\" style=\"text-align: justify;\">Workshops sobre patentes, internacionaliza\u00e7\u00e3o e regulamenta\u00e7\u00e3o na \u00e1rea da sa\u00fade completam a grade do primeiro dia, que encerrar\u00e1 com a palestra sobre empreendedorismo de Bel Pesce, a jovem que, aos 25 anos, j\u00e1 fundou uma empresa no Vale do Sil\u00edcio, escreveu dois best-sellers sobre carreira e \u00e9 autora de um programa de empreendedorismo.<\/p>\n<p dir=\"ltr\" style=\"text-align: justify;\">No segundo e \u00faltimo dia, German Alfonso, diretor da <a href=\"http:\/\/www.nodalconsultoria.com.br\/\" target=\"_blank\">Nodal Consultoria<\/a>, falar\u00e1 sobre como preparar empresas para investimentos e Carlos Souza, CEO da Veduca, sobre o mercado de ensino a dist\u00e2ncia. No per\u00edodo da tarde acontecer\u00e1 o DEMO Brasil\/Expocietec, com apresenta\u00e7\u00e3o de neg\u00f3cios de startups previamente selecionadas intercaladas por conversas com empreendedores de sucesso e investidores em startups \u2013 Anjos do Brasil, Plataforma Investimentos, Tree Labs, e.Bricks Digital, Intel Capital e Redpoint e.Ventures. O encontro \u00e9 uma parceria da Expocietec com a <a href=\"http:\/\/www.demobrasil.com.br\/\" target=\"_blank\">DEMO Brasil<\/a>, plataforma especializada em selecionar, orientar, promover e tornar produtos e neg\u00f3cios inovadores bem-sucedidos.<\/p>\n<p style=\"text-align: justify;\"><em>*Com informa\u00e7\u00f5es da Expocietec e foto de\u00a0Olicio Pelosi\/Fecomercio-SP<\/em><\/p>\n<p><!--:--><\/p>\n","protected":false},"excerpt":{"rendered":"<p><!--:pt-->O evento acontece nos pr\u00f3ximos dias 30 e 31, em S\u00e3o Paulo (SP), e ter\u00e1 apresenta\u00e7\u00e3o de startups, palestras e workshops.<!--:--><\/p>\n","protected":false},"author":8,"featured_media":4679,"comment_status":"open","ping_status":"open","sticky":false,"template":"","format":"standard","meta":{"footnotes":"","_links_to":"","_links_to_target":""},"categories":[3],"tags":[],"calendar":[],"_links":{"self":[{"href":"https:\/\/anprotec.org.br\/site\/wp-json\/wp\/v2\/posts\/4676"}],"collection":[{"href":"https:\/\/anprotec.org.br\/site\/wp-json\/wp\/v2\/posts"}],"about":[{"href":"https:\/\/anprotec.org.br\/site\/wp-json\/wp\/v2\/types\/post"}],"author":[{"embeddable":true,"href":"https:\/\/anprotec.org.br\/site\/wp-json\/wp\/v2\/users\/8"}],"replies":[{"embeddable":true,"href":"https:\/\/anprotec.org.br\/site\/wp-json\/wp\/v2\/comments?post=4676"}],"version-history":[{"count":3,"href":"https:\/\/anprotec.org.br\/site\/wp-json\/wp\/v2\/posts\/4676\/revisions"}],"predecessor-version":[{"id":4681,"href":"https:\/\/anprotec.org.br\/site\/wp-json\/wp\/v2\/posts\/4676\/revisions\/4681"}],"wp:featuredmedia":[{"embeddable":true,"href":"https:\/\/anprotec.org.br\/site\/wp-json\/wp\/v2\/media\/4679"}],"wp:attachment":[{"href":"https:\/\/anprotec.org.br\/site\/wp-json\/wp\/v2\/media?parent=4676"}],"wp:term":[{"taxonomy":"category","embeddable":true,"href":"https:\/\/anprotec.org.br\/site\/wp-json\/wp\/v2\/categories?post=4676"},{"taxonomy":"post_tag","embeddable":true,"href":"https:\/\/anprotec.org.br\/site\/wp-json\/wp\/v2\/tags?post=4676"},{"taxonomy":"calendar","embeddable":true,"href":"https:\/\/anprotec.org.br\/site\/wp-json\/wp\/v2\/calendar?post=4676"}],"curies":[{"name":"wp","href":"https:\/\/api.w.org\/{rel}","templated":true}]}}