{"id":4671,"date":"2013-10-28T08:55:29","date_gmt":"2013-10-28T11:55:29","guid":{"rendered":"http:\/\/anprotec.org.br\/site\/?p=4671"},"modified":"2013-10-28T08:55:29","modified_gmt":"2013-10-28T11:55:29","slug":"bh-tec-recebe-premio-jose-costa-2013","status":"publish","type":"post","link":"https:\/\/anprotec.org.br\/site\/2013\/10\/bh-tec-recebe-premio-jose-costa-2013\/","title":{"rendered":"<!--:pt-->BH-TEC recebe pr\u00eamio Jos\u00e9 Costa 2013<!--:-->"},"content":{"rendered":"<p><!--:pt--><\/p>\n<p style=\"text-align: justify;\"><img decoding=\"async\" loading=\"lazy\" class=\"alignleft size-thumbnail wp-image-4673\" alt=\"\" src=\"https:\/\/anprotec.org.br\/site\/wp-content\/uploads\/2013\/10\/20131028-BH-Tec_baixaresolu\u00e7\u00e3o-270x160.jpg\" width=\"270\" height=\"160\" \/>O <a href=\"http:\/\/www.bhtec.org.br\/\" target=\"_blank\">BH-TEC \u2013 Parque Tecnol\u00f3gico de Belo Horizonte<\/a> conquistou, no \u00faltimo dia 23, a quarta edi\u00e7\u00e3o do Pr\u00eamio Jos\u00e9 Costa 2013, na categoria Parceria Universidade\/Empresa. Realizado pelo jornal <a href=\"http:\/\/www.diariodocomercio.com.br\/\" target=\"_blank\">Di\u00e1rio do Com\u00e9rcio<\/a> e pela <a href=\"http:\/\/www.fdc.org.br\/Paginas\/default.aspx\" target=\"_blank\">Funda\u00e7\u00e3o Dom Cabral<\/a> (FDC), a premia\u00e7\u00e3o tem como objetivo reconhecer empreendimentos inovadores que contribuem para o desenvolvimento econ\u00f4mico e sustent\u00e1vel do Estado e que se destacam em suas respectivas \u00e1reas de atua\u00e7\u00e3o.<\/p>\n<p style=\"text-align: justify;\">Para o diretor-presidente do BH-TEC, Ronaldo Pena, o Pr\u00eamio Jos\u00e9 Costa 2013 \u00e9 resultado do trabalho de todos os envolvidos no projeto do parque desde a sua concep\u00e7\u00e3o, estendendo-se tamb\u00e9m \u00e0s empresas residentes. \u201c\u00c9 com satisfa\u00e7\u00e3o que recebemos esse pr\u00eamio, que condecora o trabalho de todos que estiveram envolvidos desde o in\u00edcio do projeto\u201d, afirmou.<\/p>\n<p style=\"text-align: justify;\">Parte das empresas residentes do parque \u2013 <a href=\"http:\/\/www.ecovec.com\/empresa.php\" target=\"_blank\">Ecovec<\/a>, <a href=\"http:\/\/www.stabh.com\/\" target=\"_blank\">STA<\/a>, <a href=\"http:\/\/www.waycarbon.com\/\" target=\"_blank\">WayCarbon<\/a> e <a href=\"http:\/\/www.sambatech.com\/\" target=\"_blank\">Samba Tech<\/a> \u2013 estiveram entre as 20 selecionadas para o pr\u00eamio final e, entre elas, a Ecovec foi vencedora na categoria Tecnologia.<\/p>\n<p style=\"text-align: justify;\">A solenidade de entrega do Pr\u00eamio Jos\u00e9 Costa 2013 aconteceu no Centro de Desenvolvimento do Conhecimento e Gest\u00e3o da FDC, em Nova Lima (MG). A premia\u00e7\u00e3o foi entregue pelo presidente da FDC, Wagner Veloso, pelo presidente da Diretoria Estatut\u00e1ria da FDC, Emerson de Almeida e pelo diretor-presidente do Di\u00e1rio do Com\u00e9rcio, Luis Carlos Costa.<\/p>\n<p><em>*Com informa\u00e7\u00f5es e foto do BH-TEC<\/em><!--:--><\/p>\n","protected":false},"excerpt":{"rendered":"<p><!--:pt-->Em cerim\u00f4nia realizada no \u00faltimo dia 23, o Parque Tecnol\u00f3gico de Belo Horizonte foi premiado na categoria Parceria Universidade\/Empresa.<!--:--><\/p>\n","protected":false},"author":8,"featured_media":4673,"comment_status":"open","ping_status":"open","sticky":false,"template":"","format":"standard","meta":{"footnotes":"","_links_to":"","_links_to_target":""},"categories":[3],"tags":[],"calendar":[],"_links":{"self":[{"href":"https:\/\/anprotec.org.br\/site\/wp-json\/wp\/v2\/posts\/4671"}],"collection":[{"href":"https:\/\/anprotec.org.br\/site\/wp-json\/wp\/v2\/posts"}],"about":[{"href":"https:\/\/anprotec.org.br\/site\/wp-json\/wp\/v2\/types\/post"}],"author":[{"embeddable":true,"href":"https:\/\/anprotec.org.br\/site\/wp-json\/wp\/v2\/users\/8"}],"replies":[{"embeddable":true,"href":"https:\/\/anprotec.org.br\/site\/wp-json\/wp\/v2\/comments?post=4671"}],"version-history":[{"count":2,"href":"https:\/\/anprotec.org.br\/site\/wp-json\/wp\/v2\/posts\/4671\/revisions"}],"predecessor-version":[{"id":4675,"href":"https:\/\/anprotec.org.br\/site\/wp-json\/wp\/v2\/posts\/4671\/revisions\/4675"}],"wp:featuredmedia":[{"embeddable":true,"href":"https:\/\/anprotec.org.br\/site\/wp-json\/wp\/v2\/media\/4673"}],"wp:attachment":[{"href":"https:\/\/anprotec.org.br\/site\/wp-json\/wp\/v2\/media?parent=4671"}],"wp:term":[{"taxonomy":"category","embeddable":true,"href":"https:\/\/anprotec.org.br\/site\/wp-json\/wp\/v2\/categories?post=4671"},{"taxonomy":"post_tag","embeddable":true,"href":"https:\/\/anprotec.org.br\/site\/wp-json\/wp\/v2\/tags?post=4671"},{"taxonomy":"calendar","embeddable":true,"href":"https:\/\/anprotec.org.br\/site\/wp-json\/wp\/v2\/calendar?post=4671"}],"curies":[{"name":"wp","href":"https:\/\/api.w.org\/{rel}","templated":true}]}}