{"id":4663,"date":"2013-10-25T11:06:43","date_gmt":"2013-10-25T14:06:43","guid":{"rendered":"http:\/\/anprotec.org.br\/site\/?p=4663"},"modified":"2018-04-11T13:11:53","modified_gmt":"2018-04-11T16:11:53","slug":"avance-desafia-gestores-de-ambientes-de-inovacao","status":"publish","type":"post","link":"https:\/\/anprotec.org.br\/site\/2013\/10\/avance-desafia-gestores-de-ambientes-de-inovacao\/","title":{"rendered":"Avance! desafia gestores de ambientes de inova\u00e7\u00e3o"},"content":{"rendered":"<p><!--:pt--><\/p>\n<p dir=\"ltr\" style=\"text-align: justify\"><img decoding=\"async\" loading=\"lazy\" class=\"alignleft size-thumbnail wp-image-4664\" src=\"https:\/\/anprotec.org.br\/site\/wp-content\/uploads\/2013\/10\/Logo-Avance-Jogo-Anprotec21-270x160.jpg\" alt=\"\" width=\"270\" height=\"160\" \/>Uma empresa altamente inovadora, que visa o mercado internacional, est\u00e1 sujeita a circunst\u00e2ncias empresariais desafiadoras antes de alcan\u00e7ar o sucesso. Como investir? Em qu\u00ea? Onde buscar recursos? Cabe aos empreendedores elaborar as melhores estrat\u00e9gias e, com base em seus conhecimentos, tomar decis\u00f5es que resolvam os impasses. Situa\u00e7\u00f5es como essas fazem parte da realidade do mundo dos neg\u00f3cios e, a partir de agora, tamb\u00e9m ser\u00e3o encontradas no <a href=\"http:\/\/www.avance.anprotec.org.br\/Site\/Index\" target=\"_blank\" rel=\"noopener\">Avance!<\/a>, jogo educacional voltado \u00e0 capacita\u00e7\u00e3o de empres\u00e1rios por meio da simula\u00e7\u00e3o de decis\u00f5es comuns \u00e0 administra\u00e7\u00e3o de uma empresa inovadora. A vers\u00e3o piloto est\u00e1 com inscri\u00e7\u00f5es abertas e \u00a0\u00e9 destinada \u00e0s equipes de gest\u00e3o de parques tecnol\u00f3gicos e incubadoras de empresas, a fim de apresent\u00e1-los \u00e0 ferramenta de capacita\u00e7\u00e3o que ser\u00e1 disponibilizada, a partir da segunda vers\u00e3o, aos empres\u00e1rios de seus ambientes.<\/p>\n<p dir=\"ltr\" style=\"text-align: justify\">Idealizado pela Anprotec, em parceria com o <a href=\"http:\/\/www.sebrae.com.br\/\" target=\"_blank\" rel=\"noopener\">Sebrae<\/a>, o jogo ser\u00e1 executado pela <a href=\"http:\/\/www.incubadora.coppe.ufrj.br\/\" target=\"_blank\" rel=\"noopener\">Incubadora de Empresas da COPPE\/UFRJ<\/a>, e tem como objetivo trazer para os participantes a viv\u00eancia de decis\u00f5es t\u00edpicas enfrentadas pela equipe gestora de uma pequena ou m\u00e9dia empresa em um mercado disputado por v\u00e1rios concorrentes. Ser\u00e3o criadas situa\u00e7\u00f5es que propiciem a aprendizagem e fixa\u00e7\u00e3o de conceitos e de processos de gest\u00e3o, necess\u00e1rios \u00e0 tomada de decis\u00f5es relativas a estrat\u00e9gia, produ\u00e7\u00e3o, distribui\u00e7\u00e3o, marketing, finan\u00e7as inova\u00e7\u00e3o, internacionaliza\u00e7\u00e3o e recursos humanos.<\/p>\n<p style=\"text-align: justify\">Para Francilene Garcia, presidente da Anprotec, trata-se de mais uma iniciativa em prol do fortalecimento dos ambientes que promovem o empreendedorismo inovador no pa\u00eds. \u201cCom o Avance! nosso movimento ganha um ambiente motivante e inspirador. Esperamos que dirigentes de parques e incubadoras e, numa segunda fase, os empreendedores apoiados por esses ambientes, coloquem em pr\u00e1tica as suas viv\u00eancias e conhecimentos e aprimorem a sua conduta na tomada de decis\u00f5es. As premia\u00e7\u00f5es geradas ser\u00e3o uma forma de reconhecimento aos nossos ambientes em sua trajet\u00f3ria de evolu\u00e7\u00e3o e crescimento. Ser\u00e1 uma competi\u00e7\u00e3o que certamente trar\u00e1 bons momentos de intera\u00e7\u00e3o e aprendizagem para nossos associados\u201d, acrescentou.<\/p>\n<p style=\"text-align: justify\"><strong>O jogo<\/strong><\/p>\n<p dir=\"ltr\" style=\"text-align: justify\">O Avance! \u00e9 composto por ciclos de tomadas de decis\u00f5es e an\u00e1lises de resultados, seguindo um calend\u00e1rio pr\u00e9-determinado. As empresas ser\u00e3o avaliadas e, no final da competi\u00e7\u00e3o, a que tiver correspondido melhor aos crit\u00e9rios pr\u00e9-estabelecidos ser\u00e1 premiada. Para participar \u00e9 necess\u00e1rio ser vinculado a uma incubadora de empresas ou parque tecnol\u00f3gico associado \u00e0 Anprotec, formar uma equipe de dois a quatro participantes \u2013 de uma mesma institui\u00e7\u00e3o \u2013 e preencher a ficha de inscri\u00e7\u00e3o at\u00e9 \u00e0s 12h do dia 4 de dezembro deste ano. Cada equipe receber\u00e1 um login para acessar a \u00e1rea restrita da p\u00e1gina oficial do jogo, onde ser\u00e1 feita a comunica\u00e7\u00e3o oficial entre os participantes e a coordena\u00e7\u00e3o, e onde estar\u00e3o dispon\u00edveis ferramentas como a agenda de tarefas e o quadro de avisos.<\/p>\n<p style=\"text-align: justify\">A competi\u00e7\u00e3o ser\u00e1 composta por duas fases, a classificat\u00f3ria e a final. A cada rodada, as equipes ter\u00e3o de tomar decis\u00f5es e receber os resultados para se habilitarem a participar das rodadas seguintes. Com o passar do tempo, o intervalo entre as situa\u00e7\u00f5es propostas diminuir\u00e1, fazendo com que os jogadores sejam desafiados a agir sob press\u00e3o. O jogo utilizar\u00e1 um software de gerenciamento que, durante a competi\u00e7\u00e3o, avaliar\u00e1 as decis\u00f5es das equipes em ambientes que simulam o funcionamento do mercado. Essas decis\u00f5es ser\u00e3o comparadas com as dos concorrentes, o que resultar\u00e1 em uma pontua\u00e7\u00e3o para as equipes ao final de cada rodada de decis\u00e3o. \u00a0A equipe vencedora, ou seja, a que obtiver a maior pontua\u00e7\u00e3o na fase final, ser\u00e1 premiada com a participa\u00e7\u00e3o em uma miss\u00e3o t\u00e9cnica organizada pela Anprotec.<\/p>\n<p dir=\"ltr\" style=\"text-align: justify\">Com base na experi\u00eancia e na avalia\u00e7\u00e3o dos participantes da vers\u00e3o piloto do Avance!, ser\u00e1 elaborada a segunda vers\u00e3o, mais aperfei\u00e7oada. As inscri\u00e7\u00f5es para a essa segunda etapa ser\u00e3o abertas em mar\u00e7o de 2014 e a final acontecer\u00e1 no Semin\u00e1rio Nacional de Parques Tecnol\u00f3gicos e Incubadoras de Empresas de 2014, que ser\u00e1 realizado no segundo semestre do pr\u00f3ximo ano em Bel\u00e9m (PA).<\/p>\n<p style=\"text-align: justify\">Para consultar o regulamento completo e fazer sua inscri\u00e7\u00e3o, acesse o <a href=\"http:\/\/www.avance.anprotec.org.br\/\" target=\"_blank\" rel=\"noopener\">site oficial do Avance!<\/a><\/p>\n<p><!--:--><\/p>\n","protected":false},"excerpt":{"rendered":"<p>Uma empresa altamente inovadora, que visa o mercado internacional, est\u00e1<span class=\"excerpt-hellip\"> [\u2026]<\/span><\/p>\n","protected":false},"author":8,"featured_media":4667,"comment_status":"open","ping_status":"open","sticky":false,"template":"","format":"standard","meta":{"footnotes":"","_links_to":"","_links_to_target":""},"categories":[3],"tags":[],"calendar":[],"_links":{"self":[{"href":"https:\/\/anprotec.org.br\/site\/wp-json\/wp\/v2\/posts\/4663"}],"collection":[{"href":"https:\/\/anprotec.org.br\/site\/wp-json\/wp\/v2\/posts"}],"about":[{"href":"https:\/\/anprotec.org.br\/site\/wp-json\/wp\/v2\/types\/post"}],"author":[{"embeddable":true,"href":"https:\/\/anprotec.org.br\/site\/wp-json\/wp\/v2\/users\/8"}],"replies":[{"embeddable":true,"href":"https:\/\/anprotec.org.br\/site\/wp-json\/wp\/v2\/comments?post=4663"}],"version-history":[{"count":2,"href":"https:\/\/anprotec.org.br\/site\/wp-json\/wp\/v2\/posts\/4663\/revisions"}],"predecessor-version":[{"id":24516,"href":"https:\/\/anprotec.org.br\/site\/wp-json\/wp\/v2\/posts\/4663\/revisions\/24516"}],"wp:featuredmedia":[{"embeddable":true,"href":"https:\/\/anprotec.org.br\/site\/wp-json\/wp\/v2\/media\/4667"}],"wp:attachment":[{"href":"https:\/\/anprotec.org.br\/site\/wp-json\/wp\/v2\/media?parent=4663"}],"wp:term":[{"taxonomy":"category","embeddable":true,"href":"https:\/\/anprotec.org.br\/site\/wp-json\/wp\/v2\/categories?post=4663"},{"taxonomy":"post_tag","embeddable":true,"href":"https:\/\/anprotec.org.br\/site\/wp-json\/wp\/v2\/tags?post=4663"},{"taxonomy":"calendar","embeddable":true,"href":"https:\/\/anprotec.org.br\/site\/wp-json\/wp\/v2\/calendar?post=4663"}],"curies":[{"name":"wp","href":"https:\/\/api.w.org\/{rel}","templated":true}]}}