{"id":46559,"date":"2023-12-06T10:11:21","date_gmt":"2023-12-06T13:11:21","guid":{"rendered":"https:\/\/anprotec.org.br\/site\/?p=46559"},"modified":"2025-02-24T15:52:13","modified_gmt":"2025-02-24T18:52:13","slug":"iasp-latam-conference-divulga-data-do-evento-em-porto-alegre","status":"publish","type":"post","link":"https:\/\/anprotec.org.br\/site\/2023\/12\/iasp-latam-conference-divulga-data-do-evento-em-porto-alegre\/","title":{"rendered":"IASP LatAm Conference divulga data do evento em Porto Alegre"},"content":{"rendered":"<div class=\"wp-block-image\"><img decoding=\"async\" loading=\"lazy\" class=\"size-full wp-image-46560 aligncenter\" src=\"https:\/\/anprotec.org.br\/site\/wp-content\/uploads\/2023\/12\/WhatsApp-Image-2023-12-06-at-09.54.22.jpeg\" alt=\"\" width=\"771\" height=\"719\" srcset=\"https:\/\/anprotec.org.br\/site\/wp-content\/uploads\/2023\/12\/WhatsApp-Image-2023-12-06-at-09.54.22.jpeg 771w, https:\/\/anprotec.org.br\/site\/wp-content\/uploads\/2023\/12\/WhatsApp-Image-2023-12-06-at-09.54.22-300x280.jpeg 300w, https:\/\/anprotec.org.br\/site\/wp-content\/uploads\/2023\/12\/WhatsApp-Image-2023-12-06-at-09.54.22-768x716.jpeg 768w, https:\/\/anprotec.org.br\/site\/wp-content\/uploads\/2023\/12\/WhatsApp-Image-2023-12-06-at-09.54.22-157x146.jpeg 157w, https:\/\/anprotec.org.br\/site\/wp-content\/uploads\/2023\/12\/WhatsApp-Image-2023-12-06-at-09.54.22-50x47.jpeg 50w, https:\/\/anprotec.org.br\/site\/wp-content\/uploads\/2023\/12\/WhatsApp-Image-2023-12-06-at-09.54.22-80x75.jpeg 80w\" sizes=\"(max-width: 771px) 100vw, 771px\" \/><\/div>\n<p>A t\u00e3o aguardada IASP Latin America Conference est\u00e1 chegando para unir mentes brilhantes e impulsionar a inova\u00e7\u00e3o na regi\u00e3o. Marcado para acontecer de 18 a 20 de mar\u00e7o de 2024, o evento, realizado pela renomada Associa\u00e7\u00e3o Internacional de Parques Cient\u00edficos e \u00c1reas de Inova\u00e7\u00e3o (IASP) em colabora\u00e7\u00e3o com a Alian\u00e7a para Inova\u00e7\u00e3o composta pela UFRGS, PUCRS e Unisinos, promete ser um marco para o desenvolvimento tecnol\u00f3gico e cient\u00edfico da Am\u00e9rica Latina.<\/p>\n<p>Sob o tema &#8220;Alian\u00e7as para Inova\u00e7\u00e3o &#8211; Conectando a Am\u00e9rica Latina pelo Impacto&#8221;, a confer\u00eancia visa criar um espa\u00e7o para a troca de ideias e a forma\u00e7\u00e3o de parcerias estrat\u00e9gicas que impulsionem a inova\u00e7\u00e3o regional.<\/p>\n<p>Mas as novidades n\u00e3o param por a\u00ed! Este evento \u00e9 apenas o in\u00edcio de uma semana intensa, pois precede o South Summit Brazil 2024 (SSB), agendado para ocorrer de 20 a 23 de mar\u00e7o.<\/p>\n<p>O diretor de Administra\u00e7\u00e3o e Finan\u00e7as da Anprotec e diretor da OCEANTEC Parque Tecnol\u00f3gico da FURG, Artur Gibbon ressalta a import\u00e2ncia do evento para a regi\u00e3o. &#8220;O IASP LAtin America \u00e9 extremamente importante para o nosso continente, ser\u00e1 um momento de conex\u00e3o para estabelecer parcerias para o nosso movimento. A articula\u00e7\u00e3o para trazer esse movimento teve uma participa\u00e7\u00e3o fundamental do Prof. Jorge Audy. Vale ressaltar que o Rio Grande do Sul tem experimentado diversos movimentos e iniciativas em CT&amp;I, o que est\u00e1 impulsionando o estado nestas \u00e1reas, e trazer esse evento para Porto Alegre \u00e9 mais uma forma de refor\u00e7ar esse movimento&#8221;.<\/p>\n<p>Os participantes podem esperar uma semana repleta de imers\u00e3o, conhecimento e oportunidades de networking com l\u00edderes, empreendedores e especialistas de renome no cen\u00e1rio mundial da inova\u00e7\u00e3o.<\/p>\n<p>Fique atento para mais informa\u00e7\u00f5es sobre a programa\u00e7\u00e3o detalhada e o link de inscri\u00e7\u00e3o, que ser\u00e3o divulgados em breve.<\/p>\n","protected":false},"excerpt":{"rendered":"<p>A t\u00e3o aguardada IASP Latin America Conference est\u00e1 chegando para<span class=\"excerpt-hellip\"> [\u2026]<\/span><\/p>\n","protected":false},"author":8,"featured_media":46561,"comment_status":"closed","ping_status":"closed","sticky":false,"template":"","format":"standard","meta":{"footnotes":"","_links_to":"","_links_to_target":""},"categories":[3,383],"tags":[],"calendar":[],"_links":{"self":[{"href":"https:\/\/anprotec.org.br\/site\/wp-json\/wp\/v2\/posts\/46559"}],"collection":[{"href":"https:\/\/anprotec.org.br\/site\/wp-json\/wp\/v2\/posts"}],"about":[{"href":"https:\/\/anprotec.org.br\/site\/wp-json\/wp\/v2\/types\/post"}],"author":[{"embeddable":true,"href":"https:\/\/anprotec.org.br\/site\/wp-json\/wp\/v2\/users\/8"}],"replies":[{"embeddable":true,"href":"https:\/\/anprotec.org.br\/site\/wp-json\/wp\/v2\/comments?post=46559"}],"version-history":[{"count":2,"href":"https:\/\/anprotec.org.br\/site\/wp-json\/wp\/v2\/posts\/46559\/revisions"}],"predecessor-version":[{"id":46564,"href":"https:\/\/anprotec.org.br\/site\/wp-json\/wp\/v2\/posts\/46559\/revisions\/46564"}],"wp:featuredmedia":[{"embeddable":true,"href":"https:\/\/anprotec.org.br\/site\/wp-json\/wp\/v2\/media\/46561"}],"wp:attachment":[{"href":"https:\/\/anprotec.org.br\/site\/wp-json\/wp\/v2\/media?parent=46559"}],"wp:term":[{"taxonomy":"category","embeddable":true,"href":"https:\/\/anprotec.org.br\/site\/wp-json\/wp\/v2\/categories?post=46559"},{"taxonomy":"post_tag","embeddable":true,"href":"https:\/\/anprotec.org.br\/site\/wp-json\/wp\/v2\/tags?post=46559"},{"taxonomy":"calendar","embeddable":true,"href":"https:\/\/anprotec.org.br\/site\/wp-json\/wp\/v2\/calendar?post=46559"}],"curies":[{"name":"wp","href":"https:\/\/api.w.org\/{rel}","templated":true}]}}