{"id":46508,"date":"2023-11-22T13:49:34","date_gmt":"2023-11-22T16:49:34","guid":{"rendered":"https:\/\/anprotec.org.br\/site\/?p=46508"},"modified":"2025-02-24T15:34:11","modified_gmt":"2025-02-24T18:34:11","slug":"movimento-novas-economias-comeca-no-dia-23","status":"publish","type":"post","link":"https:\/\/anprotec.org.br\/site\/2023\/11\/movimento-novas-economias-comeca-no-dia-23\/","title":{"rendered":"Movimento Novas Economias come\u00e7a no dia 23"},"content":{"rendered":"<div class=\"wp-block-image\"><img decoding=\"async\" loading=\"lazy\" class=\"size-full wp-image-46509 aligncenter\" src=\"https:\/\/anprotec.org.br\/site\/wp-content\/uploads\/2023\/11\/Sympla-2.png\" alt=\"\" width=\"1600\" height=\"838\" srcset=\"https:\/\/anprotec.org.br\/site\/wp-content\/uploads\/2023\/11\/Sympla-2.png 1600w, https:\/\/anprotec.org.br\/site\/wp-content\/uploads\/2023\/11\/Sympla-2-300x157.png 300w, https:\/\/anprotec.org.br\/site\/wp-content\/uploads\/2023\/11\/Sympla-2-1024x536.png 1024w, https:\/\/anprotec.org.br\/site\/wp-content\/uploads\/2023\/11\/Sympla-2-768x402.png 768w, https:\/\/anprotec.org.br\/site\/wp-content\/uploads\/2023\/11\/Sympla-2-1536x804.png 1536w, https:\/\/anprotec.org.br\/site\/wp-content\/uploads\/2023\/11\/Sympla-2-260x136.png 260w, https:\/\/anprotec.org.br\/site\/wp-content\/uploads\/2023\/11\/Sympla-2-50x26.png 50w, https:\/\/anprotec.org.br\/site\/wp-content\/uploads\/2023\/11\/Sympla-2-143x75.png 143w\" sizes=\"(max-width: 1600px) 100vw, 1600px\" \/><\/div>\n<p><i><span style=\"font-weight: 400;\">A proposta \u00e9 estabelecer um espa\u00e7o de di\u00e1logo e colabora\u00e7\u00e3o entre o setor p\u00fablico, privado, academia e a sociedade civil sobre as novas economias e os neg\u00f3cios de impacto\u00a0<\/span><\/i><\/p>\n<p><span style=\"font-weight: 400;\">Nos dias 23 e 24 de novembro, acontece o \u201cMovimento Novas Economias\u201d, patrocinado pela Coaliz\u00e3o pelo Impacto, Instituto Sabin e realizado pelo Impact Hub Bras\u00edlia, NOUS Ecossistema e seus parceiros. O evento tem como proposta estabelecer um espa\u00e7o de di\u00e1logo e colabora\u00e7\u00e3o entre o setor p\u00fablico, privado, academia e a sociedade civil. Atrav\u00e9s dessa intera\u00e7\u00e3o, busca-se construir uma agenda conjunta que possibilite a adapta\u00e7\u00e3o das pol\u00edticas p\u00fablicas, da legisla\u00e7\u00e3o e das pr\u00e1ticas governamentais para incentivar e apoiar as novas economias e os neg\u00f3cios de impacto.<\/span><\/p>\n<p><span style=\"font-weight: 400;\">A import\u00e2ncia desta colabora\u00e7\u00e3o \u00e9 ineg\u00e1vel, pois as a\u00e7\u00f5es governamentais desempenham um papel crucial na cria\u00e7\u00e3o de um ambiente regulat\u00f3rio e econ\u00f4mico que auxilie na ado\u00e7\u00e3o de pr\u00e1ticas sustent\u00e1veis e regenerativas. Quando o setor p\u00fablico e privado trabalham juntos, podem criar um ambiente favor\u00e1vel para a inova\u00e7\u00e3o e o crescimento das novas economias, onde os princ\u00edpios de responsabilidade social e ambiental tamb\u00e9m s\u00e3o valorizados.\u00a0<\/span><\/p>\n<p><span style=\"font-weight: 400;\">Al\u00e9m disso, o evento propicia um espa\u00e7o de compartilhamento de conhecimentos, experi\u00eancias e boas pr\u00e1ticas entre os diferentes setores da sociedade. Esta troca de informa\u00e7\u00f5es fortalece a cria\u00e7\u00e3o de parcerias estrat\u00e9gicas, que podem ser fundamentais na implementa\u00e7\u00e3o de iniciativas voltadas para a sustentabilidade e para a regenera\u00e7\u00e3o dos ecossistemas socioecon\u00f4micos, como os neg\u00f3cios de impacto. Estes referem-se a empreendimentos cujo prop\u00f3sito \u00e9 gerar tanto impacto socioambiental positivo quanto resultados financeiros de maneira sustent\u00e1vel. O tra\u00e7o distintivo desses neg\u00f3cios \u00e9 a intencionalidade, indicando que, para ser considerado um neg\u00f3cio de impacto, \u00e9 imperativo que haja uma clara e deliberada inten\u00e7\u00e3o de causar impacto positivo nas esferas social e ambiental, al\u00e9m de mensurar esse impacto.<\/span><\/p>\n<p><b>Programa\u00e7\u00e3o<\/b><\/p>\n<p><span style=\"font-weight: 400;\">O primeiro dia do evento (23) e o segundo dia (24) pela manh\u00e3 ser\u00e3o online e contar\u00e3o com palestras e pain\u00e9is com temas como Neg\u00f3cios de Impacto; Economia Donut com Ana Lavaquial (Donut Brasil); Transi\u00e7\u00e3o para Novas Economias com Gabriel Cardoso (Instituto Sabin), Guilherme Suertegaray (Funda\u00e7\u00e3o Ellen MaCarthur), Karla Censi (Braskem), Lucas Maciel (Diretor de Novas Economias \u2013 MDIC) e Tadzo Queiroz (Finep).<\/span><\/p>\n<p><span style=\"font-weight: 400;\">O \u201cMovimento Novas Economias\u201d dedicar\u00e1 tamb\u00e9m um espa\u00e7o significativo ao World Caf\u00e9, uma abordagem que revoluciona a no\u00e7\u00e3o de di\u00e1logo, transformando-o em um processo din\u00e2mico e eficaz. A din\u00e2mica opera como um m\u00e9todo criativo de participa\u00e7\u00e3o aberta, agrupando as pessoas para discutir, de maneira descontra\u00edda, temas espec\u00edficos. Estas conversas ocorrem em ciclos, com um tempo predeterminado, e ao t\u00e9rmino de cada uma delas, os grupos s\u00e3o reorganizados. Isso proporciona a chance para os participantes se mesclarem e interagirem com v\u00e1rias perspectivas.<\/span><\/p>\n<p><span style=\"font-weight: 400;\">O segundo dia do evento, sexta-feira (24), ser\u00e1 presencial no Impact Hub Bras\u00edlia (SGAN 601, Lote H) no per\u00edodo da tarde e ter\u00e1 dois momentos de World Caf\u00e9. O foco do primeiro encontro, marcado para \u00e0s 14h, promover\u00e1 o debate sobre &#8220;Investimento para novas economias&#8221;. Quanto ao segundo t\u00f3pico, programado para \u00e0s 16h, ser\u00e1 sobre &#8220;Neg\u00f3cios de Impacto&#8221;, ambos moderados por Carol Freitas, s\u00f3cia da Nous Ecossistema. Os interessados devem se inscrever apenas tendo plena certeza de sua presen\u00e7a, tendo em vista que as vagas para essas din\u00e2micas s\u00e3o limitadas.<\/span><\/p>\n<p><span style=\"font-weight: 400;\">Deise Nicoletto, CEO e fundadora do Impact Hub Bras\u00edlia, explica que um aspecto crucial do \u201cMovimento Novas Economias\u201d \u00e9 a valoriza\u00e7\u00e3o e promo\u00e7\u00e3o dos empreendimentos e iniciativas locais que j\u00e1 est\u00e3o alinhados com os princ\u00edpios da \u00e1rea. \u201cIsso impulsiona o empreendedorismo sustent\u00e1vel e regenerativo no Distrito Federal, contribuindo para a gera\u00e7\u00e3o de renda, a inclus\u00e3o social e o fortalecimento da economia local. Ao apoiar e destacar esses esfor\u00e7os, o movimento incentiva a multiplica\u00e7\u00e3o de neg\u00f3cios de impacto e a dissemina\u00e7\u00e3o de pr\u00e1ticas sustent\u00e1veis em toda a sociedade\u201d, diz.<\/span><\/p>\n<p><span style=\"font-weight: 400;\">&#8220;A forma como a humanidade produz, gera valor, consome, poupa e distribui riqueza precisa priorizar, cada vez mais, as necessidades humanas e ambientais. Debates e reflex\u00f5es nesse sentido fazem parte do nosso esfor\u00e7o para fortalecer ecossistemas e fazer com que as comunidades que atuamos sejam cada vez mais resilientes e regenerativas&#8221;, afirma Gabriel Cardoso, gerente-executivo do Instituto Sabin.<\/span><\/p>\n<p><span style=\"font-weight: 400;\">O Movimento Novas Economias representa um novo imagin\u00e1rio para os paradigmas sociais, ambientais e econ\u00f4micos do s\u00e9culo 21. Sua abordagem \u00e9 multidisciplinar e participativa e visa impulsionar a inova\u00e7\u00e3o e as mudan\u00e7as estruturais na promo\u00e7\u00e3o do avan\u00e7o de pr\u00e1ticas sustent\u00e1veis e regenerativas. O evento \u00e9 gratuito e aberto a todas as pessoas interessadas em contribuir para um futuro mais sustent\u00e1vel. As inscri\u00e7\u00f5es podem ser feitas pelo Sympla.<\/span><\/p>\n","protected":false},"excerpt":{"rendered":"<p>A proposta \u00e9 estabelecer um espa\u00e7o de di\u00e1logo e colabora\u00e7\u00e3o<span class=\"excerpt-hellip\"> [\u2026]<\/span><\/p>\n","protected":false},"author":8,"featured_media":46509,"comment_status":"closed","ping_status":"closed","sticky":false,"template":"","format":"standard","meta":{"footnotes":"","_links_to":"","_links_to_target":""},"categories":[3,414],"tags":[],"calendar":[],"_links":{"self":[{"href":"https:\/\/anprotec.org.br\/site\/wp-json\/wp\/v2\/posts\/46508"}],"collection":[{"href":"https:\/\/anprotec.org.br\/site\/wp-json\/wp\/v2\/posts"}],"about":[{"href":"https:\/\/anprotec.org.br\/site\/wp-json\/wp\/v2\/types\/post"}],"author":[{"embeddable":true,"href":"https:\/\/anprotec.org.br\/site\/wp-json\/wp\/v2\/users\/8"}],"replies":[{"embeddable":true,"href":"https:\/\/anprotec.org.br\/site\/wp-json\/wp\/v2\/comments?post=46508"}],"version-history":[{"count":1,"href":"https:\/\/anprotec.org.br\/site\/wp-json\/wp\/v2\/posts\/46508\/revisions"}],"predecessor-version":[{"id":46510,"href":"https:\/\/anprotec.org.br\/site\/wp-json\/wp\/v2\/posts\/46508\/revisions\/46510"}],"wp:featuredmedia":[{"embeddable":true,"href":"https:\/\/anprotec.org.br\/site\/wp-json\/wp\/v2\/media\/46509"}],"wp:attachment":[{"href":"https:\/\/anprotec.org.br\/site\/wp-json\/wp\/v2\/media?parent=46508"}],"wp:term":[{"taxonomy":"category","embeddable":true,"href":"https:\/\/anprotec.org.br\/site\/wp-json\/wp\/v2\/categories?post=46508"},{"taxonomy":"post_tag","embeddable":true,"href":"https:\/\/anprotec.org.br\/site\/wp-json\/wp\/v2\/tags?post=46508"},{"taxonomy":"calendar","embeddable":true,"href":"https:\/\/anprotec.org.br\/site\/wp-json\/wp\/v2\/calendar?post=46508"}],"curies":[{"name":"wp","href":"https:\/\/api.w.org\/{rel}","templated":true}]}}