{"id":46495,"date":"2023-11-16T13:40:43","date_gmt":"2023-11-16T16:40:43","guid":{"rendered":"https:\/\/anprotec.org.br\/site\/?p=46495"},"modified":"2025-02-24T15:34:42","modified_gmt":"2025-02-24T18:34:42","slug":"estrategia-nacional-de-ciencia-e-tecnologia-vai-ouvir-ecossistemas-inovadores","status":"publish","type":"post","link":"https:\/\/anprotec.org.br\/site\/2023\/11\/estrategia-nacional-de-ciencia-e-tecnologia-vai-ouvir-ecossistemas-inovadores\/","title":{"rendered":"Estrat\u00e9gia Nacional de Ci\u00eancia e Tecnologia vai ouvir ecossistemas inovadores"},"content":{"rendered":"<div class=\"wp-block-image\"><img decoding=\"async\" loading=\"lazy\" class=\"size-full wp-image-46496 aligncenter\" src=\"https:\/\/anprotec.org.br\/site\/wp-content\/uploads\/2023\/11\/mcti2.jpeg\" alt=\"\" width=\"768\" height=\"512\" srcset=\"https:\/\/anprotec.org.br\/site\/wp-content\/uploads\/2023\/11\/mcti2.jpeg 768w, https:\/\/anprotec.org.br\/site\/wp-content\/uploads\/2023\/11\/mcti2-300x200.jpeg 300w, https:\/\/anprotec.org.br\/site\/wp-content\/uploads\/2023\/11\/mcti2-219x146.jpeg 219w, https:\/\/anprotec.org.br\/site\/wp-content\/uploads\/2023\/11\/mcti2-50x33.jpeg 50w, https:\/\/anprotec.org.br\/site\/wp-content\/uploads\/2023\/11\/mcti2-113x75.jpeg 113w\" sizes=\"(max-width: 768px) 100vw, 768px\" \/><\/div>\n<p>Em painel na 33\u00aa Confer\u00eancia Anprotec (Associa\u00e7\u00e3o Nacional de Entidades Promotoras de Empreendimentos Inovadores), o secret\u00e1rio de Desenvolvimento Tecnol\u00f3gico e Inova\u00e7\u00e3o do MCTI, Guila Calheiros, defendeu a Confer\u00eancia Nacional de Ci\u00eancia, Tecnologia e Inova\u00e7\u00e3o, prevista para junho de 2024, como ferramenta para a constru\u00e7\u00e3o de uma estrat\u00e9gia de longo prazo para o setor.<\/p>\n<p>Segundo o secret\u00e1rio, os eventos preparat\u00f3rios e tem\u00e1ticos que antecedem a confer\u00eancia v\u00e3o ajudar o minist\u00e9rio a ouvir empreendedores e os ecossistemas de inova\u00e7\u00e3o espalhados pelo pa\u00eds.<\/p>\n<p>\u201cA Confer\u00eancia \u00e9 o \u00e1pice. Temos um conjunto de eventos municipais, regionais e tem\u00e1ticos que v\u00e3o gerar insumos de baixo para cima sobre os desafios, necessidades, oportunidades para construir o que a gente quer: uma Estrat\u00e9gia Nacional de Ci\u00eancia e Tecnologia. S\u00e3o mais de 10 anos desde a \u00faltima confer\u00eancia\u201d, afirmou.<\/p>\n<p>Guila Calheiros tamb\u00e9m pontuou a relev\u00e2ncia dos ambientes de inova\u00e7\u00e3o, que s\u00e3o capazes de mudar realidades locais ao atrair e capacitar pessoas em torno de demandas que ajudam a resolver problemas locais.<\/p>\n<p>\u201cQuando a gente fala em ecossistema, ele tem uma capacidade de, onde quer que esteja, manter o jovem, o empreendedor no territ\u00f3rio dele. Os ecossistemas s\u00e3o os instrumentos mais efetivos para levar o desenvolvimento com baixo investimento. Eles t\u00eam capacidade de reter o capital humano, mobilizar, e formar essas pessoas\u201d, ressaltou.<\/p>\n<p>O secret\u00e1rio participou do painel junto com Marcelo Santos, fundador do Lab Maker Salgueiro, que apresentou iniciativas de inova\u00e7\u00e3o promovidas no sert\u00e3o de Pernambuco, e Edgar Andrade, da Startupbootcamp, aceleradora que pretende investir em 20 mil startups brasileiras nos pr\u00f3ximos 10 anos.<\/p>\n<p>Fonte: MCTI<\/p>\n","protected":false},"excerpt":{"rendered":"<p>Em painel na 33\u00aa Confer\u00eancia Anprotec (Associa\u00e7\u00e3o Nacional de Entidades<span class=\"excerpt-hellip\"> [\u2026]<\/span><\/p>\n","protected":false},"author":8,"featured_media":46497,"comment_status":"closed","ping_status":"closed","sticky":false,"template":"","format":"standard","meta":{"footnotes":"","_links_to":"","_links_to_target":""},"categories":[3,414],"tags":[],"calendar":[],"_links":{"self":[{"href":"https:\/\/anprotec.org.br\/site\/wp-json\/wp\/v2\/posts\/46495"}],"collection":[{"href":"https:\/\/anprotec.org.br\/site\/wp-json\/wp\/v2\/posts"}],"about":[{"href":"https:\/\/anprotec.org.br\/site\/wp-json\/wp\/v2\/types\/post"}],"author":[{"embeddable":true,"href":"https:\/\/anprotec.org.br\/site\/wp-json\/wp\/v2\/users\/8"}],"replies":[{"embeddable":true,"href":"https:\/\/anprotec.org.br\/site\/wp-json\/wp\/v2\/comments?post=46495"}],"version-history":[{"count":1,"href":"https:\/\/anprotec.org.br\/site\/wp-json\/wp\/v2\/posts\/46495\/revisions"}],"predecessor-version":[{"id":46498,"href":"https:\/\/anprotec.org.br\/site\/wp-json\/wp\/v2\/posts\/46495\/revisions\/46498"}],"wp:featuredmedia":[{"embeddable":true,"href":"https:\/\/anprotec.org.br\/site\/wp-json\/wp\/v2\/media\/46497"}],"wp:attachment":[{"href":"https:\/\/anprotec.org.br\/site\/wp-json\/wp\/v2\/media?parent=46495"}],"wp:term":[{"taxonomy":"category","embeddable":true,"href":"https:\/\/anprotec.org.br\/site\/wp-json\/wp\/v2\/categories?post=46495"},{"taxonomy":"post_tag","embeddable":true,"href":"https:\/\/anprotec.org.br\/site\/wp-json\/wp\/v2\/tags?post=46495"},{"taxonomy":"calendar","embeddable":true,"href":"https:\/\/anprotec.org.br\/site\/wp-json\/wp\/v2\/calendar?post=46495"}],"curies":[{"name":"wp","href":"https:\/\/api.w.org\/{rel}","templated":true}]}}