{"id":46302,"date":"2023-10-31T13:18:26","date_gmt":"2023-10-31T16:18:26","guid":{"rendered":"https:\/\/anprotec.org.br\/site\/?p=46302"},"modified":"2025-02-24T14:45:28","modified_gmt":"2025-02-24T17:45:28","slug":"33a-conferencia-anprotec-tera-workshop-cerne-co-criacao-para-o-futuro","status":"publish","type":"post","link":"https:\/\/anprotec.org.br\/site\/2023\/10\/33a-conferencia-anprotec-tera-workshop-cerne-co-criacao-para-o-futuro\/","title":{"rendered":"33\u00aa Confer\u00eancia Anprotec ter\u00e1 &#8220;Workshop CERNE \u2013 Co-cria\u00e7\u00e3o para o Futuro&#8221;"},"content":{"rendered":"<div class=\"wp-block-image\"><img decoding=\"async\" loading=\"lazy\" class=\"size-full wp-image-46303 aligncenter\" src=\"https:\/\/anprotec.org.br\/site\/wp-content\/uploads\/2023\/10\/Card-Workshop_Prancheta-1-copia-6.png\" alt=\"\" width=\"1080\" height=\"1080\" srcset=\"https:\/\/anprotec.org.br\/site\/wp-content\/uploads\/2023\/10\/Card-Workshop_Prancheta-1-copia-6.png 1080w, https:\/\/anprotec.org.br\/site\/wp-content\/uploads\/2023\/10\/Card-Workshop_Prancheta-1-copia-6-300x300.png 300w, https:\/\/anprotec.org.br\/site\/wp-content\/uploads\/2023\/10\/Card-Workshop_Prancheta-1-copia-6-1024x1024.png 1024w, https:\/\/anprotec.org.br\/site\/wp-content\/uploads\/2023\/10\/Card-Workshop_Prancheta-1-copia-6-768x768.png 768w, https:\/\/anprotec.org.br\/site\/wp-content\/uploads\/2023\/10\/Card-Workshop_Prancheta-1-copia-6-146x146.png 146w, https:\/\/anprotec.org.br\/site\/wp-content\/uploads\/2023\/10\/Card-Workshop_Prancheta-1-copia-6-50x50.png 50w, https:\/\/anprotec.org.br\/site\/wp-content\/uploads\/2023\/10\/Card-Workshop_Prancheta-1-copia-6-75x75.png 75w, https:\/\/anprotec.org.br\/site\/wp-content\/uploads\/2023\/10\/Card-Workshop_Prancheta-1-copia-6-85x85.png 85w, https:\/\/anprotec.org.br\/site\/wp-content\/uploads\/2023\/10\/Card-Workshop_Prancheta-1-copia-6-80x80.png 80w\" sizes=\"(max-width: 1080px) 100vw, 1080px\" \/><\/div>\n<p>&nbsp;<\/p>\n<p><span style=\"font-weight: 400;\">Durante a Confer\u00eancia Anprotec 2023 acontecer\u00e1 no dia 8\/11,\u00a0 a sess\u00e3o \u201cWorkshop CERNE \u2013 Co-cria\u00e7\u00e3o para o Futuro\u201d.\u00a0 O objetivo do workshop \u00e9 definir coletivamente as diretrizes para o lan\u00e7amento do CERNE 2024: Processos e Pr\u00e1ticas; Certifica\u00e7\u00e3o; Sistema de Indicadores; Capacita\u00e7\u00f5es; dentre outras.<\/span><\/p>\n<p><span style=\"font-weight: 400;\">O CERNE teve sua constru\u00e7\u00e3o coletiva iniciada em junho de 2007. A partir da\u00ed, foram lan\u00e7adas v\u00e1rias atualiza\u00e7\u00f5es. 2008, 2011, 2013, 2015 e 2018. Essa \u00faltima, foram feitas atualiza\u00e7\u00f5es expressivas em seus processos e pr\u00e1ticas.<\/span><\/p>\n<p><span style=\"font-weight: 400;\">Em 2019, foram iniciadas discuss\u00f5es sobre a implementa\u00e7\u00e3o da Vers\u00e3o 2020 do CERNE, interrompidas pela PANDEMIA. Atualmente, dezenas de ambientes de inova\u00e7\u00f5es passaram pelo processo de \u201ccernifica\u00e7\u00e3o\u201d.\u00a0<\/span><\/p>\n<p><span style=\"font-weight: 400;\">Isto derivou muitos aprendizados que ainda n\u00e3o se encontram representados na vers\u00e3o 2018, demandando uma nova vers\u00e3o que os incorpore.<\/span><\/p>\n<p><span style=\"font-weight: 400;\">Agora \u00e9 hora de focar no futuro do CERNE.<\/span><\/p>\n<p><span style=\"font-weight: 400;\">Estrutura do Workshop:<\/span><\/p>\n<p><span style=\"font-weight: 400;\">Durante o \u201cWorkshop CERNE \u2013 Co-cria\u00e7\u00e3o para o Futuro\u201d, a equipe Anprotec\/CERNE apresentar\u00e1 os resultados e li\u00e7\u00f5es aprendidas do CERNE at\u00e9 o momento. Ambientes e mecanismos de inova\u00e7\u00e3o \u201ccernificados\u201d v\u00e3o dividir a sua experi\u00eancia com o processo CERNE e os participantes trabalhar\u00e3o de forma colaborativa para iniciar a defini\u00e7\u00e3o da vers\u00e3o CERNE 2024.<\/span><\/p>\n<p><span style=\"font-weight: 400;\">Mediadores: Filipe Martins e Marcos Suassuna<\/span><\/p>\n","protected":false},"excerpt":{"rendered":"<p>&nbsp; Durante a Confer\u00eancia Anprotec 2023 acontecer\u00e1 no dia 8\/11,\u00a0<span class=\"excerpt-hellip\"> [\u2026]<\/span><\/p>\n","protected":false},"author":8,"featured_media":46304,"comment_status":"closed","ping_status":"closed","sticky":false,"template":"","format":"standard","meta":{"footnotes":"","_links_to":"","_links_to_target":""},"categories":[411,395,3],"tags":[],"calendar":[],"_links":{"self":[{"href":"https:\/\/anprotec.org.br\/site\/wp-json\/wp\/v2\/posts\/46302"}],"collection":[{"href":"https:\/\/anprotec.org.br\/site\/wp-json\/wp\/v2\/posts"}],"about":[{"href":"https:\/\/anprotec.org.br\/site\/wp-json\/wp\/v2\/types\/post"}],"author":[{"embeddable":true,"href":"https:\/\/anprotec.org.br\/site\/wp-json\/wp\/v2\/users\/8"}],"replies":[{"embeddable":true,"href":"https:\/\/anprotec.org.br\/site\/wp-json\/wp\/v2\/comments?post=46302"}],"version-history":[{"count":2,"href":"https:\/\/anprotec.org.br\/site\/wp-json\/wp\/v2\/posts\/46302\/revisions"}],"predecessor-version":[{"id":46311,"href":"https:\/\/anprotec.org.br\/site\/wp-json\/wp\/v2\/posts\/46302\/revisions\/46311"}],"wp:featuredmedia":[{"embeddable":true,"href":"https:\/\/anprotec.org.br\/site\/wp-json\/wp\/v2\/media\/46304"}],"wp:attachment":[{"href":"https:\/\/anprotec.org.br\/site\/wp-json\/wp\/v2\/media?parent=46302"}],"wp:term":[{"taxonomy":"category","embeddable":true,"href":"https:\/\/anprotec.org.br\/site\/wp-json\/wp\/v2\/categories?post=46302"},{"taxonomy":"post_tag","embeddable":true,"href":"https:\/\/anprotec.org.br\/site\/wp-json\/wp\/v2\/tags?post=46302"},{"taxonomy":"calendar","embeddable":true,"href":"https:\/\/anprotec.org.br\/site\/wp-json\/wp\/v2\/calendar?post=46302"}],"curies":[{"name":"wp","href":"https:\/\/api.w.org\/{rel}","templated":true}]}}