{"id":46296,"date":"2023-10-26T13:38:45","date_gmt":"2023-10-26T16:38:45","guid":{"rendered":"https:\/\/anprotec.org.br\/site\/?p=46296"},"modified":"2025-02-24T14:45:53","modified_gmt":"2025-02-24T17:45:53","slug":"orientacoes-votacao-diretoria-24-25","status":"publish","type":"post","link":"https:\/\/anprotec.org.br\/site\/2023\/10\/orientacoes-votacao-diretoria-24-25\/","title":{"rendered":"Elei\u00e7\u00e3o de Diretoria e Conselho Fiscal 2024-2025 &#8211; Orienta\u00e7\u00f5es para o processo de vota\u00e7\u00e3o"},"content":{"rendered":"<p>Prezado(a) Associado(a),<\/p>\n<p>Seguem informac\u0327o\u0303es importantes referentes a sua participac\u0327a\u0303o na 34\u00aa Assembleia Geral Ordina\u0301ria da Associac\u0327a\u0303o Nacional de Entidades Promotoras de Empreendimentos Inovadores (Anprotec).<\/p>\n<p><strong>Data:\u00a0<\/strong>08 de novembro de 2023<br \/>\n<strong>Local:\u00a0<\/strong>Centro de Eventos Brasil 21 &#8211; SHS Qd 06, Lote 01 \u2013 Brasi\u0301lia\/DF<br \/>\n<strong>Hora\u0301rio:\u00a0<\/strong>7h30 em primeira convocac\u0327a\u0303o e a\u0300s 8h em segunda e u\u0301ltima convocac\u0327a\u0303o (hora\u0301rio de Brasi\u0301lia)<br \/>\n<strong>Ini\u0301cio do Credenciamento:\u00a0<\/strong>7h (hora\u0301rio de Brasi\u0301lia).<\/p>\n<p><strong>Pauta:<\/strong><\/p>\n<p>1. Movimentac\u0327a\u0303o de associados;<br \/>\n2. Eleic\u0327a\u0303o da Sede para Confere\u0302ncia 2024;<br \/>\n3. Eleic\u0327a\u0303o da Diretoria bie\u0302nio 2024-2025;<br \/>\n4. Eleic\u0327a\u0303o do Conselho Fiscal bie\u0302nio 2024-2025; 5. Indicac\u0327a\u0303o e eleic\u0327a\u0303o do Conselho Consultivo; 6. Outros assuntos de interesse dos associados.<\/p>\n<p><strong>Orientac\u0327o\u0303es sobre o processo de votac\u0327a\u0303o para Diretoria e Conselhos Fiscal e Consultivo:<\/strong><\/p>\n<p>Somente tera\u0303o direito a voto os associados titulares, adimplentes com suas contribuic\u0327o\u0303es anuais, que tenham formalmente indicado um representante titular e suplente com poderes para votar, nos termos dos arts. 14, III e VII, do Estatuto, e 60, Para\u0301grafo U\u0301nico do Regimento Interno da Anprotec.<\/p>\n<p>Assim sendo, o associado deve encaminhar a\u0300 Anprotec a carta anexa preenchida e assinada por seu representante legal, indicando seu representante titular e suplente para votac\u0327a\u0303o na Assembleia, acompanhada de documento comprobato\u0301rio da legitimidade do representante legal, podendo se fazer representar ainda por procuradores constitui\u0301dos por procurac\u0327a\u0303o com poderes especiais,\u00a0<strong>conforme modelo anexo<\/strong>, sendo aceita a co\u0301pia simples do instrumento que os constitua, condicionada a\u0300 apresentac\u0327a\u0303o do original na sede da ANPROTEC, em formato fi\u0301sico ou eletro\u0302nico , ate\u0301 o dia\u00a0<strong>29 de outubro de 2023<\/strong>, atrave\u0301s do e-mail:\u00a0associado@anprotec.org.br.<\/p>\n<p>Em caso de envio da procurac\u0327a\u0303o em formato eletro\u0302nico, o documento devera\u0301 estar assinado de forma eletro\u0302nica. Sera\u0303o aceitos certificados digitais compati\u0301veis com a ICP-Brasil (Medida Proviso\u0301ria no 2.200-2\/2001) ou assinaturas eletro\u0302nicas por plataformas (a exemplo de DocuSign e similares), neste u\u0301ltimo caso desde que seja possi\u0301vel verificar que o enderec\u0327o de e-mail do representante\u00a0utilizado para assina\u0301-la e\u0301 aquele que consta dos registros do respectivo representante do associado junto a\u0300 Anprotec. Documentos digitalizados ou assinados apenas com assinatura digitalizada na\u0303o sera\u0303o aceitos como originais.<\/p>\n<p>Apo\u0301s recebimento da procurac\u0327a\u0303o assinada eletronicamente, a Anprotec enviara\u0301 ao respectivo associado, ate\u0301 o dia u\u0301til seguinte, e-mail de confirmac\u0327a\u0303o de recebimento. A procurac\u0327a\u0303o so\u0301 sera\u0301 considerada recebida e aceita mediante recebimento do e-mail de confirmac\u0327a\u0303o. Em caso de na\u0303o recebimento deste e-mail, o associado deve contatar a Anprotec.<\/p>\n<p>A Anprotec na\u0303o se responsabiliza por quaisquer problemas de conexa\u0303o e\/ou comunicac\u0327a\u0303o que eventualmente impec\u0327am o envio e\/ou recebimento dos e-mails dentro do prazo fixado.<\/p>\n<p>Recomendamos que o associado, ou seu representante, esteja no local da Assembleia com antecede\u0302ncia mi\u0301nima de 30 minutos antes da primeira convocac\u0327a\u0303o, para fins de credenciamento a\u0300 Assembleia. Apo\u0301s declarada a instalac\u0327a\u0303o da Assembleia, em primeira ou segunda convocac\u0327a\u0303o, na\u0303o sera\u0301 aceito o credenciamento de associados para participar das deliberac\u0327o\u0303es.<\/p>\n<p>Os associados colaboradores, bem como os associados titulares que na\u0303o realizem o credenciamento tempestivamente, podera\u0303o estar presentes a\u0300 Assembleia, pore\u0301m sua presenc\u0327a na\u0303o sera\u0301 computada, de modo que na\u0303o podera\u0303o ser manifestar, na\u0303o sera\u0303o computados para fins de contagem do quo\u0301rum e na\u0303o podera\u0303o participar de votac\u0327o\u0303es.<\/p>\n<p>O comportamento dos membros das chapas e associados simpatizantes durante todo o processo eletivo, em especial na realizac\u0327a\u0303o da Assembleia Geral, deve ser de urbanidade e respeito aos demais associados, especialmente os membros de outra chapa, permitindo a adequada realizac\u0327a\u0303o dos trabalhos, sob pena de ser retirado da Assembleia Geral pelo Presidente dos trabalhos, sem prejui\u0301zo de outras penalizac\u0327o\u0303es.<\/p>\n<p><a class=\"button  button_size_2 button_js\" href=\"https:\/\/anprotec.org.br\/site\/wp-content\/uploads\/2023\/10\/Orientacoes-sobre-participacao-na-AGO-2023_Associados_RevLM-revCA.pdf\" target=\"_blank\"   ><span class=\"button_label\">Orienta\u00e7\u00f5es sobre o processo de vota\u00e7\u00e3o<\/span><\/a>\n <a class=\"button  button_size_2 button_js\" href=\"https:\/\/docs.google.com\/document\/d\/1_6xuJuhq72RamHSVqZY9ItqDuZCCAqgKJ4eGMoHWw4I\/edit\" target=\"_blank\"   ><span class=\"button_label\">Carta de Procura\u00e7\u00e3o<\/span><\/a>\n <a class=\"button  button_size_2 button_js\" href=\"https:\/\/docs.google.com\/document\/d\/1GvO-4O4LYMbaWcTcpp2kcN1_RmKGwZDTcVSQJL0YD5s\/edit\" target=\"_blank\"   ><span class=\"button_label\">Carta de Representa\u00e7\u00e3o<\/span><\/a>\n<\/p>\n<p>&nbsp;<\/p>\n<p><strong>Atendimento ao Associado<\/strong><\/p>\n<p>Vanusa Leitoguinho de S\u00e1\u00a0| <a target=\"_blank\" rel=\"noopener noreferrer\">associado@anprotec.org.br<\/a><\/p>\n","protected":false},"excerpt":{"rendered":"<p>Prezado(a) Associado(a), Seguem informac\u0327o\u0303es importantes referentes a sua participac\u0327a\u0303o na<span class=\"excerpt-hellip\"> [\u2026]<\/span><\/p>\n","protected":false},"author":8,"featured_media":43724,"comment_status":"closed","ping_status":"closed","sticky":false,"template":"","format":"standard","meta":{"footnotes":"","_links_to":"","_links_to_target":""},"categories":[416,3],"tags":[],"calendar":[],"_links":{"self":[{"href":"https:\/\/anprotec.org.br\/site\/wp-json\/wp\/v2\/posts\/46296"}],"collection":[{"href":"https:\/\/anprotec.org.br\/site\/wp-json\/wp\/v2\/posts"}],"about":[{"href":"https:\/\/anprotec.org.br\/site\/wp-json\/wp\/v2\/types\/post"}],"author":[{"embeddable":true,"href":"https:\/\/anprotec.org.br\/site\/wp-json\/wp\/v2\/users\/8"}],"replies":[{"embeddable":true,"href":"https:\/\/anprotec.org.br\/site\/wp-json\/wp\/v2\/comments?post=46296"}],"version-history":[{"count":1,"href":"https:\/\/anprotec.org.br\/site\/wp-json\/wp\/v2\/posts\/46296\/revisions"}],"predecessor-version":[{"id":46297,"href":"https:\/\/anprotec.org.br\/site\/wp-json\/wp\/v2\/posts\/46296\/revisions\/46297"}],"wp:featuredmedia":[{"embeddable":true,"href":"https:\/\/anprotec.org.br\/site\/wp-json\/wp\/v2\/media\/43724"}],"wp:attachment":[{"href":"https:\/\/anprotec.org.br\/site\/wp-json\/wp\/v2\/media?parent=46296"}],"wp:term":[{"taxonomy":"category","embeddable":true,"href":"https:\/\/anprotec.org.br\/site\/wp-json\/wp\/v2\/categories?post=46296"},{"taxonomy":"post_tag","embeddable":true,"href":"https:\/\/anprotec.org.br\/site\/wp-json\/wp\/v2\/tags?post=46296"},{"taxonomy":"calendar","embeddable":true,"href":"https:\/\/anprotec.org.br\/site\/wp-json\/wp\/v2\/calendar?post=46296"}],"curies":[{"name":"wp","href":"https:\/\/api.w.org\/{rel}","templated":true}]}}