{"id":4620,"date":"2013-10-24T13:26:30","date_gmt":"2013-10-24T16:26:30","guid":{"rendered":"http:\/\/anprotec.org.br\/site\/?p=4620"},"modified":"2013-10-24T13:55:08","modified_gmt":"2013-10-24T16:55:08","slug":"tecnova-destina-r-15-milhao-a-microempresas-do-ms","status":"publish","type":"post","link":"https:\/\/anprotec.org.br\/site\/2013\/10\/tecnova-destina-r-15-milhao-a-microempresas-do-ms\/","title":{"rendered":"<!--:pt-->Tecnova destina R$ 1,5 milh\u00e3o a empresas do MS<!--:-->"},"content":{"rendered":"<p><!--:pt--><\/p>\n<p dir=\"ltr\" style=\"text-align: justify;\"><img decoding=\"async\" loading=\"lazy\" class=\"alignleft size-thumbnail wp-image-3837\" alt=\"tecnova\" src=\"https:\/\/anprotec.org.br\/site\/wp-content\/uploads\/2013\/08\/tecnova-270x160.jpg\" width=\"270\" height=\"160\" \/>Empreendimentos do Mato Grosso do Sul poder\u00e3o contar com recursos do edital<strong> Tecnova<\/strong>, programa do governo federal de subven\u00e7\u00e3o econ\u00f4mica \u00e0 inova\u00e7\u00e3o tecnol\u00f3gica em micro e pequenas empresas. Ser\u00e3o destinados R$ 1,5 milh\u00e3o para projetos inovadores da regi\u00e3o. Do total, R$ 500 mil ser\u00e3o para propostas relacionadas \u00e0 milho e soja, R$ 400 mil para empresas de Tecnologia de Informa\u00e7\u00e3o e Comunica\u00e7\u00e3o (TIC), R$ 300 mil para energias alternativas e outros R$ 300 mil \u00e0 biotecnologia, biodiversidade e agroneg\u00f3cio. Os interessados poder\u00e3o realizar a inscri\u00e7\u00e3o at\u00e9 o pr\u00f3ximo dia 21 de novembro.<\/p>\n<p dir=\"ltr\" style=\"text-align: justify;\"><a href=\"http:\/\/fundect.ledes.net\/manager\/titan.php?target=openFile&amp;fileId=1756\">Confira o edital<\/a><\/p>\n<p dir=\"ltr\" style=\"text-align: justify;\">As propostas devem ser formuladas com valores de R$ 180 mil at\u00e9 R$ 400 mil para as despesas, al\u00e9m de considerar o investimento obrigat\u00f3rio de no m\u00ednimo 5% do valor total solicitado. Caso a empresa solicite R$ 200 mil em recursos, dever\u00e1 investir um valor m\u00ednimo de R$ 10 mil no projeto, tanto em capital quanto em despesas de custeio, especificadas no edital.<\/p>\n<p dir=\"ltr\" style=\"text-align: justify;\">Os recursos ser\u00e3o financiados por meio de uma parceria entre a Ag\u00eancia Brasileira de Inova\u00e7\u00e3o (Finep), a Funda\u00e7\u00e3o de Apoio ao Desenvolvimento do Ensino, Ci\u00eancia e Tecnologia do Estado de Mato Grosso do Sul (Fundect) e a Secretaria de Estado de Meio Ambiente, Planejamento, Ci\u00eancia e Tecnologia (Semac).<\/p>\n<p><!--:--><\/p>\n","protected":false},"excerpt":{"rendered":"<p><!--:pt-->S\u00e3o cinco \u00e1reas priorit\u00e1rias: tecnologias de informa\u00e7\u00e3o e comunica\u00e7\u00e3o, energias alternativas, biotecnologia, biodiversidade e agroneg\u00f3cio. Microempresas podem se inscrever at\u00e9 21 de novembro.<!--:--><\/p>\n","protected":false},"author":8,"featured_media":3837,"comment_status":"open","ping_status":"open","sticky":false,"template":"","format":"standard","meta":{"footnotes":"","_links_to":"","_links_to_target":""},"categories":[3],"tags":[],"calendar":[],"_links":{"self":[{"href":"https:\/\/anprotec.org.br\/site\/wp-json\/wp\/v2\/posts\/4620"}],"collection":[{"href":"https:\/\/anprotec.org.br\/site\/wp-json\/wp\/v2\/posts"}],"about":[{"href":"https:\/\/anprotec.org.br\/site\/wp-json\/wp\/v2\/types\/post"}],"author":[{"embeddable":true,"href":"https:\/\/anprotec.org.br\/site\/wp-json\/wp\/v2\/users\/8"}],"replies":[{"embeddable":true,"href":"https:\/\/anprotec.org.br\/site\/wp-json\/wp\/v2\/comments?post=4620"}],"version-history":[{"count":7,"href":"https:\/\/anprotec.org.br\/site\/wp-json\/wp\/v2\/posts\/4620\/revisions"}],"predecessor-version":[{"id":4622,"href":"https:\/\/anprotec.org.br\/site\/wp-json\/wp\/v2\/posts\/4620\/revisions\/4622"}],"wp:featuredmedia":[{"embeddable":true,"href":"https:\/\/anprotec.org.br\/site\/wp-json\/wp\/v2\/media\/3837"}],"wp:attachment":[{"href":"https:\/\/anprotec.org.br\/site\/wp-json\/wp\/v2\/media?parent=4620"}],"wp:term":[{"taxonomy":"category","embeddable":true,"href":"https:\/\/anprotec.org.br\/site\/wp-json\/wp\/v2\/categories?post=4620"},{"taxonomy":"post_tag","embeddable":true,"href":"https:\/\/anprotec.org.br\/site\/wp-json\/wp\/v2\/tags?post=4620"},{"taxonomy":"calendar","embeddable":true,"href":"https:\/\/anprotec.org.br\/site\/wp-json\/wp\/v2\/calendar?post=4620"}],"curies":[{"name":"wp","href":"https:\/\/api.w.org\/{rel}","templated":true}]}}