{"id":46195,"date":"2023-10-20T16:03:41","date_gmt":"2023-10-20T19:03:41","guid":{"rendered":"https:\/\/anprotec.org.br\/site\/?p=46195"},"modified":"2025-02-24T14:46:38","modified_gmt":"2025-02-24T17:46:38","slug":"anprotec-participa-de-reuniao-de-aprovacao-de-plano-de-trabalho-da-enimpacto","status":"publish","type":"post","link":"https:\/\/anprotec.org.br\/site\/2023\/10\/anprotec-participa-de-reuniao-de-aprovacao-de-plano-de-trabalho-da-enimpacto\/","title":{"rendered":"Anprotec participa de reuni\u00e3o de aprova\u00e7\u00e3o de plano de trabalho da Enimpacto"},"content":{"rendered":"<p><span style=\"font-weight: 400;\"><img decoding=\"async\" loading=\"lazy\" class=\"wp-image-46196 alignleft\" src=\"https:\/\/anprotec.org.br\/site\/wp-content\/uploads\/2023\/10\/Enimpacto-2.png\" alt=\"\" width=\"518\" height=\"324\" srcset=\"https:\/\/anprotec.org.br\/site\/wp-content\/uploads\/2023\/10\/Enimpacto-2.png 640w, https:\/\/anprotec.org.br\/site\/wp-content\/uploads\/2023\/10\/Enimpacto-2-300x188.png 300w, https:\/\/anprotec.org.br\/site\/wp-content\/uploads\/2023\/10\/Enimpacto-2-234x146.png 234w, https:\/\/anprotec.org.br\/site\/wp-content\/uploads\/2023\/10\/Enimpacto-2-50x31.png 50w, https:\/\/anprotec.org.br\/site\/wp-content\/uploads\/2023\/10\/Enimpacto-2-120x75.png 120w\" sizes=\"(max-width: 518px) 100vw, 518px\" \/>Na \u00faltima quinta-feira (19), o superintendente executivo da Anprotec, Leonardo J Melo, representou a Associa\u00e7\u00e3o no encontro do Comit\u00ea de Economia de Impacto, que aprovou o texto do plano de trabalho da Estrat\u00e9gia Nacional de Economia de Impacto (Enimpacto) para os pr\u00f3ximos dez anos. A Anprotec possui um papel como col\u00edder do Eixo 3 do Enimpacto, que foca no Fortalecimento das Organiza\u00e7\u00f5es Intermedi\u00e1rias.<\/span><\/p>\n<p><span style=\"font-weight: 400;\">A reuni\u00e3o foi composta por membros de 25 \u00f3rg\u00e3os p\u00fablicos e outros 25 do setor produtivo e da sociedade civil e presidido pelo Minist\u00e9rio do Desenvolvimento, Ind\u00fastria, Com\u00e9rcio e Servi\u00e7os (MDIC). Al\u00e9m disso, o encontro contou com a participa\u00e7\u00e3o do economista Muhammad Yunus, de Bangladesh, vencedor do Pr\u00eamio Nobel da Paz de 2006 pela cria\u00e7\u00e3o do Grameen Bank, institui\u00e7\u00e3o especializada na concess\u00e3o de microcr\u00e9ditos para pessoas de baixa renda.<br \/>\n<\/span><\/p>\n<p><span style=\"font-weight: 400;\">\u00a0A meta do plano \u00e9 atingir R$ 180 bilh\u00f5es em investimentos p\u00fablicos e privados at\u00e9 2032 para neg\u00f3cios de impacto, ou seja, aqueles que t\u00eam foco na solu\u00e7\u00e3o de problemas sociais e ambientais.<\/span><\/p>\n<p><span style=\"font-weight: 400;\">Leonardo J Melo destacou a import\u00e2ncia da Anprotec em um assunto t\u00e3o necess\u00e1rio para o desenvolvimento do pa\u00eds. &#8220;Por d\u00e9cadas, a Anprotec tem se mantido no epicentro da inova\u00e7\u00e3o e do empreendedorismo no Brasil. Sermos escolhidos como col\u00edderes do Eixo 3 da Enimpacto refor\u00e7a nossa miss\u00e3o de fortalecer as organiza\u00e7\u00f5es que est\u00e3o na interse\u00e7\u00e3o entre neg\u00f3cios e impacto social. Acreditamos que este \u00e9 o momento ideal para integrarmos a\u00e7\u00f5es p\u00fablicas e privadas, visando uma economia que vai al\u00e9m do lucro, priorizando um futuro mais sustent\u00e1vel e inclusivo para o nosso pa\u00eds.\u201d<\/span><\/p>\n<p><span style=\"font-weight: 400;\">O texto de proposta de plano de a\u00e7\u00e3o ser\u00e1 levado a consulta p\u00fablica<\/span><a href=\"https:\/\/www.gov.br\/participamaisbrasil\/plano-decenal-2023-2032-da-estrategia-nacional-de-economia-de-impacto-enimpacto\"><span style=\"font-weight: 400;\">.<\/span><\/a><span style=\"font-weight: 400;\"> Ao longo do texto est\u00e3o dispon\u00edveis as metas e macro-objetivos de todos os eixos da Enimpacto.<\/span><\/p>\n<p><span style=\"font-weight: 400;\">No Eixo III: Fortalecimento das Organiza\u00e7\u00f5es Intermedi\u00e1rias, no qual a Anprotec \u00e9 colider, as metas s\u00e3o:<\/span><\/p>\n<p><span style=\"font-weight: 400;\">Meta 1:<\/span><\/p>\n<p><span style=\"font-weight: 400;\">Certifica\u00e7\u00e3o de todas as 305 incubadoras e aceleradoras afiliadas \u00e0 Anprotec com crit\u00e9rios de impacto socioambiental na metodologia CERNE 1.<\/span><\/p>\n<p><span style=\"font-weight: 400;\">Meta 2:<\/span><\/p>\n<p><span style=\"font-weight: 400;\">380 professores atuantes com o tema de Economia de Impacto participantes da Rede de Impacto na Academia.<\/span><\/p>\n<p><span style=\"font-weight: 400;\">Meta 3:<\/span><\/p>\n<p><span style=\"font-weight: 400;\">235 Institui\u00e7\u00f5es de Ensino Superior participantes da Rede de Impacto na Academia.<\/span><\/p>\n<p><span style=\"font-weight: 400;\">O texto completo est\u00e1 dispon\u00edvel em <\/span><a href=\"https:\/\/www.gov.br\/participamaisbrasil\/plano-decenal-2023-2032-da-estrategia-nacional-de-economia-de-impacto-enimpacto\"><span style=\"font-weight: 400;\">https:\/\/www.gov.br\/participamaisbrasil\/plano-decenal-2023-2032-da-estrategia-nacional-de-economia-de-impacto-enimpacto<\/span><\/a><\/p>\n<p>&nbsp;<\/p>\n<p><img decoding=\"async\" loading=\"lazy\" class=\"wp-image-46197 aligncenter\" src=\"https:\/\/anprotec.org.br\/site\/wp-content\/uploads\/2023\/10\/Enimpacto-3.jpg\" alt=\"\" width=\"545\" height=\"437\" srcset=\"https:\/\/anprotec.org.br\/site\/wp-content\/uploads\/2023\/10\/Enimpacto-3.jpg 1195w, https:\/\/anprotec.org.br\/site\/wp-content\/uploads\/2023\/10\/Enimpacto-3-300x241.jpg 300w, https:\/\/anprotec.org.br\/site\/wp-content\/uploads\/2023\/10\/Enimpacto-3-1024x822.jpg 1024w, https:\/\/anprotec.org.br\/site\/wp-content\/uploads\/2023\/10\/Enimpacto-3-768x616.jpg 768w, https:\/\/anprotec.org.br\/site\/wp-content\/uploads\/2023\/10\/Enimpacto-3-182x146.jpg 182w, https:\/\/anprotec.org.br\/site\/wp-content\/uploads\/2023\/10\/Enimpacto-3-50x40.jpg 50w, https:\/\/anprotec.org.br\/site\/wp-content\/uploads\/2023\/10\/Enimpacto-3-93x75.jpg 93w\" sizes=\"(max-width: 545px) 100vw, 545px\" \/><\/p>\n","protected":false},"excerpt":{"rendered":"<p>Na \u00faltima quinta-feira (19), o superintendente executivo da Anprotec, Leonardo<span class=\"excerpt-hellip\"> [\u2026]<\/span><\/p>\n","protected":false},"author":8,"featured_media":46196,"comment_status":"closed","ping_status":"closed","sticky":false,"template":"","format":"standard","meta":{"footnotes":"","_links_to":"","_links_to_target":""},"categories":[416,3],"tags":[],"calendar":[],"_links":{"self":[{"href":"https:\/\/anprotec.org.br\/site\/wp-json\/wp\/v2\/posts\/46195"}],"collection":[{"href":"https:\/\/anprotec.org.br\/site\/wp-json\/wp\/v2\/posts"}],"about":[{"href":"https:\/\/anprotec.org.br\/site\/wp-json\/wp\/v2\/types\/post"}],"author":[{"embeddable":true,"href":"https:\/\/anprotec.org.br\/site\/wp-json\/wp\/v2\/users\/8"}],"replies":[{"embeddable":true,"href":"https:\/\/anprotec.org.br\/site\/wp-json\/wp\/v2\/comments?post=46195"}],"version-history":[{"count":2,"href":"https:\/\/anprotec.org.br\/site\/wp-json\/wp\/v2\/posts\/46195\/revisions"}],"predecessor-version":[{"id":46286,"href":"https:\/\/anprotec.org.br\/site\/wp-json\/wp\/v2\/posts\/46195\/revisions\/46286"}],"wp:featuredmedia":[{"embeddable":true,"href":"https:\/\/anprotec.org.br\/site\/wp-json\/wp\/v2\/media\/46196"}],"wp:attachment":[{"href":"https:\/\/anprotec.org.br\/site\/wp-json\/wp\/v2\/media?parent=46195"}],"wp:term":[{"taxonomy":"category","embeddable":true,"href":"https:\/\/anprotec.org.br\/site\/wp-json\/wp\/v2\/categories?post=46195"},{"taxonomy":"post_tag","embeddable":true,"href":"https:\/\/anprotec.org.br\/site\/wp-json\/wp\/v2\/tags?post=46195"},{"taxonomy":"calendar","embeddable":true,"href":"https:\/\/anprotec.org.br\/site\/wp-json\/wp\/v2\/calendar?post=46195"}],"curies":[{"name":"wp","href":"https:\/\/api.w.org\/{rel}","templated":true}]}}