{"id":45973,"date":"2023-09-27T16:24:27","date_gmt":"2023-09-27T19:24:27","guid":{"rendered":"https:\/\/anprotec.org.br\/site\/?p=45973"},"modified":"2025-02-24T14:19:55","modified_gmt":"2025-02-24T17:19:55","slug":"anprotec-anuncia-lancamento-da-plataforma-inovalink-para-mapeamento-de-aceleradoras-e-incubadoras","status":"publish","type":"post","link":"https:\/\/anprotec.org.br\/site\/2023\/09\/anprotec-anuncia-lancamento-da-plataforma-inovalink-para-mapeamento-de-aceleradoras-e-incubadoras\/","title":{"rendered":"Anprotec anuncia lan\u00e7amento da Plataforma InovaLink para Mapeamento de Aceleradoras e Incubadoras\u00a0"},"content":{"rendered":"<p><span style=\"font-weight: 400;\"><img decoding=\"async\" loading=\"lazy\" class=\"wp-image-45974 alignleft\" src=\"https:\/\/anprotec.org.br\/site\/wp-content\/uploads\/2023\/09\/Talks-1.png\" alt=\"\" width=\"381\" height=\"214\" srcset=\"https:\/\/anprotec.org.br\/site\/wp-content\/uploads\/2023\/09\/Talks-1.png 1261w, https:\/\/anprotec.org.br\/site\/wp-content\/uploads\/2023\/09\/Talks-1-300x169.png 300w, https:\/\/anprotec.org.br\/site\/wp-content\/uploads\/2023\/09\/Talks-1-1024x576.png 1024w, https:\/\/anprotec.org.br\/site\/wp-content\/uploads\/2023\/09\/Talks-1-768x432.png 768w, https:\/\/anprotec.org.br\/site\/wp-content\/uploads\/2023\/09\/Talks-1-260x146.png 260w, https:\/\/anprotec.org.br\/site\/wp-content\/uploads\/2023\/09\/Talks-1-50x28.png 50w, https:\/\/anprotec.org.br\/site\/wp-content\/uploads\/2023\/09\/Talks-1-133x75.png 133w, https:\/\/anprotec.org.br\/site\/wp-content\/uploads\/2023\/09\/Talks-1-1200x675.png 1200w\" sizes=\"(max-width: 381px) 100vw, 381px\" \/>No dia 22\/9, \u00e0s 11h, foi realizada a 29\u00aa edi\u00e7\u00e3o do AmproTalks, que apresentou o projeto de um novo mapeamento de aceleradoras e incubadoras do pa\u00eds. A plataforma, fruto desta iniciativa, foi constru\u00edda em uma parceria do Sebrae com a Universidade Federal de Vi\u00e7osa (UFV), com o apoio da Anprotec e do Minist\u00e9rio da Ci\u00eancia, Tecnologia e Inova\u00e7\u00e3o &#8211; MCTI.\u00a0<\/span><\/p>\n<p><span style=\"font-weight: 400;\">O objetivo \u00e9, no futuro, ter em um s\u00f3 espa\u00e7o todo esse conjunto de informa\u00e7\u00f5es de atores do ecossistema de inova\u00e7\u00e3o brasileiro. O evento contou com a presen\u00e7a de Leonardo J Melo, superintendente executivo da Anprotec, Paulo Renato Macedo Cabral, gerente nacional de inova\u00e7\u00e3o do Sebrae, Adriana Faria, pesquisadora do n\u00facleo de tecnologias de gest\u00e3o da Universidade Federal de Vi\u00e7osa (NTG\/UFV) e Sheila Oliveira Pires, diretora do departamento de apoio aos ecossistemas de inova\u00e7\u00e3o \u2013 MCTI.\u00a0<\/span><\/p>\n<p><span style=\"font-weight: 400;\">Leonardo J Melo<\/span> <span style=\"font-weight: 400;\">iniciou o epis\u00f3dio recebendo os convidados e apresentando a trajet\u00f3ria da Anprotec na realiza\u00e7\u00e3o de pesquisas para levantamento de informa\u00e7\u00f5es para a melhoria do ecossistema de inova\u00e7\u00e3o. \u201cA Anprotec desde sempre entendeu que pol\u00edticas p\u00fablicas de qualidade s\u00f3 se fazem com informa\u00e7\u00f5es e evid\u00eancias que nos ajudam a entender como nosso ecossistema tem se desenvolvido e a compreender, sobretudo, quais s\u00e3o as nossas dificuldades\u201d.\u00a0<\/span><\/p>\n<p><span style=\"font-weight: 400;\">Ele tamb\u00e9m afirmou que dentre muitas a\u00e7\u00f5es j\u00e1 realizadas em torno de pesquisas com ambientes de inova\u00e7\u00e3o para recolhimento de dados, a Pesquisa InovaData em parceria com o MCTI e a Universidade de Vi\u00e7osa foi uma iniciativa que deu muitos resultados e hoje constitui uma base de informa\u00e7\u00f5es sobre os parques tecnol\u00f3gicos no Brasil.\u00a0<\/span><\/p>\n<p><span style=\"font-weight: 400;\">\u201c\u00c9 a partir desse levantamento de informa\u00e7\u00f5es que temos entendido quais s\u00e3o as demandas por exemplo de investimentos desses ambientes de inova\u00e7\u00e3o do Brasil. A partir dessa iniciativa houve ent\u00e3o a inspira\u00e7\u00e3o para a amplia\u00e7\u00e3o dessa base de dados, abordando tamb\u00e9m as aceleradoras e incubadoras, como forma de fortalecer o sistema de inova\u00e7\u00e3o do pa\u00eds. A inten\u00e7\u00e3o \u00e9 agora termos o mesmo \u00eaxito com as incubadoras e aceleradoras\u201d, explicou.<\/span><\/p>\n<p><span style=\"font-weight: 400;\">Em seguida, Paulo Renato Macedo Cabral afirmou que o Sebrae, junto com seus parceiros, n\u00e3o tem condi\u00e7\u00f5es de promover chamadas p\u00fablicas de inova\u00e7\u00e3o e ajudar na constru\u00e7\u00e3o de pol\u00edticas p\u00fablicas se n\u00e3o tiver dados. \u201cHoje n\u00f3s somos uma organiza\u00e7\u00e3o muito orientada a dados e an\u00e1lises, e n\u00e3o podemos mais trabalhar com achismos e imagina\u00e7\u00f5es. Por isso, para fazer o melhor pelos ecossistemas n\u00f3s precisamos dessas informa\u00e7\u00f5es\u201d.<\/span><\/p>\n<p><span style=\"font-weight: 400;\">Ele explicou que essa parceria com a UFV junto ao MCTI e Anprotec foi realizada para que seja poss\u00edvel ter uma base robusta de informa\u00e7\u00e3o, a fim de ser uma ferramenta para atua\u00e7\u00e3o e a\u00e7\u00f5es pr\u00e1ticas. \u201cNosso convite ent\u00e3o \u00e9 que os ambientes possam estar conosco e apoiar ao m\u00e1ximo a Anprotec e o MCTI nessa jornada. Eu tenho certeza absoluta que quando essa plataforma estiver preenchida ir\u00e1 fazer uma diferen\u00e7a enorme, dando mais clareza a o que as incubadoras e aceleradoras precisam de apoio &#8220;, ressaltou.\u00a0<\/span><\/p>\n<p><span style=\"font-weight: 400;\">Sheila Oliveira Pires, falou sobre a import\u00e2ncia dos dados para demonstra\u00e7\u00e3o da for\u00e7a e dos resultados gerados pelos mecanismos. \u201cApesar da trajet\u00f3ria de mais de 40 anos desses ambientes, um dos principais desafios que vemos ainda \u00e9 fazer com que esses mecanismos de inova\u00e7\u00e3o sejam vistos como relevantes para o desenvolvimento econ\u00f4mico do nosso pa\u00eds. A gente tem tido uma mudan\u00e7a muito acelerada nos comportamentos, na economia, no mundo como todo, e novos atores t\u00eam chegado para essa discuss\u00e3o a todo momento, e eles buscam entender como ir\u00e3o participar desse processo investindo. Mas todo investidor quer ter seguran\u00e7a de onde est\u00e1 colocando seu recurso, conhecimento e potencial\u201d.\u00a0<\/span><\/p>\n<p><span style=\"font-weight: 400;\">Ela ressaltou que \u00e9 por isso que precisa ser mostrado o que se tem feito ao longo dessas 4 d\u00e9cadas. \u201cMostrar a nossa capacidade de fazer com que aquele conhecimento gerado na academia chegue no mercado n\u00e3o s\u00f3 na forma de gera\u00e7\u00e3o de neg\u00f3cios, mas de transforma\u00e7\u00e3o da sociedade. \u00c9 somente com base nesses dados que conseguimos defender e implementar as pol\u00edticas p\u00fablicas de apoio a esse ecossistema\u201d, afirmou.<\/span><\/p>\n<p><span style=\"font-weight: 400;\">O \u00faltimo levantamento feito nessa parceria MCTI e Anprotec sobre aceleradoras e incubadoras foi com uma base de 2018 e lan\u00e7amento em 2019. Por isso \u00e9 muito importante o lan\u00e7amento desta plataforma, que ir\u00e1 ajudar a atrair investimentos privados e principalmente definir pol\u00edticas p\u00fablicas para melhores recursos para os ambientes de inova\u00e7\u00e3o e empresas por eles apoiadas.<\/span><\/p>\n<p><span style=\"font-weight: 400;\">Adriana Faria, explicou o funcionamento e a import\u00e2ncia da plataforma desenvolvida pelo grupo de pesquisa da Universidade. \u201cEnquanto pol\u00edtica p\u00fablica n\u00f3s precisamos demonstrar que esse recurso da sociedade que nos subvenciona est\u00e1 sendo empregado. Hoje por meio do InovaDataBR para parques tecnol\u00f3gicos, por exemplo, eu consigo comprovar dentro de uma metodologia cient\u00edfica que n\u00f3s temos mais de 2,3 mil empresas diretamente vinculadas a esses ambientes que faturam cerca de 5 bilh\u00f5es por ano, fora os mais de 40 mil empregos diretos de qualidade que esses ambientes geram\u201d.<\/span><\/p>\n<p><span style=\"font-weight: 400;\">Ela evidenciou que para fazer o mesmo com as incubadoras e aceleradoras \u00e9 necess\u00e1rio acompanhar esses ambientes de perto ao longo dos anos. \u201cEnt\u00e3o nesse primeiro momento estamos identificando todas as incubadoras e aceleradoras, j\u00e1 s\u00e3o 250 mapeadas, e agora no segundo momento vamos mapear as empresas vinculadas a elas. A expectativa \u00e9 que sejam mais de 30 mil, para que assim possamos apresentar para o poder p\u00fablico e a sociedade o impacto e resultados que esses ambientes t\u00eam, e assim a entender como fazer pol\u00edticas mais assertivas\u201d.<\/span><\/p>\n<p><span style=\"font-weight: 400;\">Os instrumentos de coleta foram feitos e validados e agora ser\u00e3o colocados na plataforma que estar\u00e1 dividida em 4 etapas:\u00a0<\/span><\/p>\n<p><span style=\"font-weight: 400;\">1\u00ba cadastro (gestores receber\u00e3o um email);\u00a0<\/span><\/p>\n<p><span style=\"font-weight: 400;\">2\u00ba informa\u00e7\u00f5es gerais da incubadora ou aceleradora;\u00a0<\/span><\/p>\n<p><span style=\"font-weight: 400;\">3\u00ba cadastro das empresas;<\/span><\/p>\n<p><span style=\"font-weight: 400;\">4\u00ba responder os indicadores de impacto (que ser\u00e3o atualizados anualmente).\u00a0<\/span><\/p>\n<p><span style=\"font-weight: 400;\">A expectativa \u00e9 que os resultados at\u00e9 a terceira fase sejam apresentados no semin\u00e1rio na Confer\u00eancia Anprotec 2023.<\/span><\/p>\n<p>Confira o webinar na \u00edntegra <a href=\"https:\/\/www.youtube.com\/watch?v=fzAO4mcYBwQ\" target=\"_blank\" rel=\"noopener noreferrer\">neste link.<\/a><\/p>\n","protected":false},"excerpt":{"rendered":"<p>No dia 22\/9, \u00e0s 11h, foi realizada a 29\u00aa edi\u00e7\u00e3o<span class=\"excerpt-hellip\"> [\u2026]<\/span><\/p>\n","protected":false},"author":8,"featured_media":45974,"comment_status":"closed","ping_status":"closed","sticky":false,"template":"","format":"standard","meta":{"footnotes":"","_links_to":"","_links_to_target":""},"categories":[416,3,414],"tags":[],"calendar":[],"_links":{"self":[{"href":"https:\/\/anprotec.org.br\/site\/wp-json\/wp\/v2\/posts\/45973"}],"collection":[{"href":"https:\/\/anprotec.org.br\/site\/wp-json\/wp\/v2\/posts"}],"about":[{"href":"https:\/\/anprotec.org.br\/site\/wp-json\/wp\/v2\/types\/post"}],"author":[{"embeddable":true,"href":"https:\/\/anprotec.org.br\/site\/wp-json\/wp\/v2\/users\/8"}],"replies":[{"embeddable":true,"href":"https:\/\/anprotec.org.br\/site\/wp-json\/wp\/v2\/comments?post=45973"}],"version-history":[{"count":1,"href":"https:\/\/anprotec.org.br\/site\/wp-json\/wp\/v2\/posts\/45973\/revisions"}],"predecessor-version":[{"id":45975,"href":"https:\/\/anprotec.org.br\/site\/wp-json\/wp\/v2\/posts\/45973\/revisions\/45975"}],"wp:featuredmedia":[{"embeddable":true,"href":"https:\/\/anprotec.org.br\/site\/wp-json\/wp\/v2\/media\/45974"}],"wp:attachment":[{"href":"https:\/\/anprotec.org.br\/site\/wp-json\/wp\/v2\/media?parent=45973"}],"wp:term":[{"taxonomy":"category","embeddable":true,"href":"https:\/\/anprotec.org.br\/site\/wp-json\/wp\/v2\/categories?post=45973"},{"taxonomy":"post_tag","embeddable":true,"href":"https:\/\/anprotec.org.br\/site\/wp-json\/wp\/v2\/tags?post=45973"},{"taxonomy":"calendar","embeddable":true,"href":"https:\/\/anprotec.org.br\/site\/wp-json\/wp\/v2\/calendar?post=45973"}],"curies":[{"name":"wp","href":"https:\/\/api.w.org\/{rel}","templated":true}]}}