{"id":4586,"date":"2013-10-23T16:55:35","date_gmt":"2013-10-23T19:55:35","guid":{"rendered":"http:\/\/anprotec.org.br\/site\/?p=4586"},"modified":"2013-10-23T18:04:14","modified_gmt":"2013-10-23T21:04:14","slug":"seminario-nacional-recebe-12-mil-participantes","status":"publish","type":"post","link":"https:\/\/anprotec.org.br\/site\/2013\/10\/seminario-nacional-recebe-12-mil-participantes\/","title":{"rendered":"<!--:pt-->Semin\u00e1rio Nacional reuniu 1,1 mil participantes<!--:-->"},"content":{"rendered":"<p><!--:pt--><\/p>\n<p style=\"text-align: justify;\"><em><img decoding=\"async\" loading=\"lazy\" class=\"alignleft size-thumbnail wp-image-4588\" alt=\"10294665765_305269e0fb_z\" src=\"https:\/\/anprotec.org.br\/site\/wp-content\/uploads\/2013\/10\/10294665765_305269e0fb_z-270x160.jpg\" width=\"270\" height=\"160\" \/><\/em><\/p>\n<p dir=\"ltr\" style=\"text-align: justify;\">Entre os dias 14 e 17 de outubro, o Parque Tecnol\u00f3gico Porto Digital, no Recife (PE), sediou um dos maiores eventos sobre inova\u00e7\u00e3o e empreendedorismo do Brasil: o <strong>XXIII Semin\u00e1rio Nacional de Parques Tecnol\u00f3gicos e Incubadoras de Empresas<\/strong>, realizado em paralelo com a <strong>30\u00aa Confer\u00eancia Mundial da IASP<\/strong>. Entre gestores de habitats de inova\u00e7\u00e3o, empreendedores e gestores p\u00fablicos, entre outros p\u00fablicos, participaram do evento cerca de 1,1 mil pessoas, de diversos pa\u00edses.<\/p>\n<p dir=\"ltr\" style=\"text-align: justify;\">Realizado anualmente pela Anprotec e pelo Sebrae, o Semin\u00e1rio teve como tema principal \u201cParques cient\u00edficos modelando novas cidades\u201d. Durante os quatro dias de evento, os participantes puderam aprofundar conhecimentos, analisar propostas e trocar experi\u00eancias por meio de minicursos, workshops, plen\u00e1rias, sess\u00f5es t\u00e9cnicas e paralelas e pitch sessions.<\/p>\n<p dir=\"ltr\" style=\"text-align: justify;\">A programa\u00e7\u00e3o do primeiro dia de evento incluiu as pr\u00e9-confer\u00eancias da Anprotec e IASP, com workshops, minicurso, Seed Forum Internacional, F\u00f3rum Sebrae de Inova\u00e7\u00e3o, F\u00f3rum das Empresas Graduadas e F\u00f3rum de Internacionaliza\u00e7\u00e3o de Empreendimentos Inovadores. J\u00e1 dos dias 15 a 17 de outubro, representantes de parques tecnol\u00f3gicos de v\u00e1rios pa\u00edses coordenaram plen\u00e1rias e sess\u00f5es, onde foram debatidos modelos de neg\u00f3cio, formas de conectar as cidades aos parques tecnol\u00f3gicos e casos internacionais de desenvolvimento urbano a partir de empreendimentos inovadores.<\/p>\n<p dir=\"ltr\" style=\"text-align: justify;\">Entre os principais palestrantes, esteve o diretor de pesquisas do Institute For The Future, Anthony Townsend. Doutor em Planejamento Urbano Regional pelo Massachusetts Institute of Technology (MIT) e ex-conselheiro de prefeituras como Nova Iorque e S\u00e3o Francisco, Townsend \u00e9 uma das principais autoridades mundiais em temas como impacto das novas tecnologias nos centros urbanos e de solu\u00e7\u00f5es geradas a partir de inova\u00e7\u00e3o. Outra participa\u00e7\u00e3o importante foi a do ministro da Ci\u00eancia, Tecnologia e Inova\u00e7\u00e3o, Marco Antonio Raupp, e do governador do Estado de Pernambuco, Eduardo Campos, durante a cerim\u00f4nia oficial de abertura do evento.<\/p>\n<p dir=\"ltr\" style=\"text-align: justify;\">Realizado por IASP, Anprotec e Sebrae e organizado pelo Porto Digital, o evento foi apoiado por Minist\u00e9rio da Ci\u00eancia, Tecnologia e Inova\u00e7\u00e3o (MCTI), \u00a0Secretaria de Ci\u00eancia e Tecnologia de Pernambuco (SECTEC) e CNPq, contando com o patroc\u00ednio da Prefeitura da Cidade do Recife e de BNDES, Minist\u00e9rio do Desenvolvimento, Ind\u00fastria e Com\u00e9rcio Exterior (MDIC), Chesf, CNI, Finep, ABDI, Facepe.<\/p>\n<p style=\"text-align: justify;\"><em>*Foto: Mariana Guerra\/Divulga\u00e7\u00e3o <\/em><\/p>\n<p><!--:--><\/p>\n","protected":false},"excerpt":{"rendered":"<p><!--:pt-->De 14 a 17 de outubro, o Porto Digital sediou um dos maiores eventos sobre inova\u00e7\u00e3o e empreendedorismo do Brasil: o XXIII Semin\u00e1rio Nacional de Parques Tecnol\u00f3gicos e Incubadoras de Empresas.<!--:--><\/p>\n","protected":false},"author":8,"featured_media":4588,"comment_status":"open","ping_status":"open","sticky":false,"template":"","format":"standard","meta":{"footnotes":"","_links_to":"","_links_to_target":""},"categories":[3],"tags":[],"calendar":[],"_links":{"self":[{"href":"https:\/\/anprotec.org.br\/site\/wp-json\/wp\/v2\/posts\/4586"}],"collection":[{"href":"https:\/\/anprotec.org.br\/site\/wp-json\/wp\/v2\/posts"}],"about":[{"href":"https:\/\/anprotec.org.br\/site\/wp-json\/wp\/v2\/types\/post"}],"author":[{"embeddable":true,"href":"https:\/\/anprotec.org.br\/site\/wp-json\/wp\/v2\/users\/8"}],"replies":[{"embeddable":true,"href":"https:\/\/anprotec.org.br\/site\/wp-json\/wp\/v2\/comments?post=4586"}],"version-history":[{"count":10,"href":"https:\/\/anprotec.org.br\/site\/wp-json\/wp\/v2\/posts\/4586\/revisions"}],"predecessor-version":[{"id":4618,"href":"https:\/\/anprotec.org.br\/site\/wp-json\/wp\/v2\/posts\/4586\/revisions\/4618"}],"wp:featuredmedia":[{"embeddable":true,"href":"https:\/\/anprotec.org.br\/site\/wp-json\/wp\/v2\/media\/4588"}],"wp:attachment":[{"href":"https:\/\/anprotec.org.br\/site\/wp-json\/wp\/v2\/media?parent=4586"}],"wp:term":[{"taxonomy":"category","embeddable":true,"href":"https:\/\/anprotec.org.br\/site\/wp-json\/wp\/v2\/categories?post=4586"},{"taxonomy":"post_tag","embeddable":true,"href":"https:\/\/anprotec.org.br\/site\/wp-json\/wp\/v2\/tags?post=4586"},{"taxonomy":"calendar","embeddable":true,"href":"https:\/\/anprotec.org.br\/site\/wp-json\/wp\/v2\/calendar?post=4586"}],"curies":[{"name":"wp","href":"https:\/\/api.w.org\/{rel}","templated":true}]}}