{"id":45840,"date":"2023-09-13T14:11:39","date_gmt":"2023-09-13T17:11:39","guid":{"rendered":"https:\/\/anprotec.org.br\/site\/?p=45840"},"modified":"2025-02-24T14:25:08","modified_gmt":"2025-02-24T17:25:08","slug":"xvii-encontro-nacional-fortec-sera-realizado-em-cuiaba","status":"publish","type":"post","link":"https:\/\/anprotec.org.br\/site\/2023\/09\/xvii-encontro-nacional-fortec-sera-realizado-em-cuiaba\/","title":{"rendered":"XVII Encontro Nacional FORTEC ser\u00e1 realizado em Cuiab\u00e1"},"content":{"rendered":"<p><img decoding=\"async\" loading=\"lazy\" class=\"size-full wp-image-45844 aligncenter\" src=\"https:\/\/anprotec.org.br\/site\/wp-content\/uploads\/2023\/09\/Card-01-evento2023-FEED-6-1.png\" alt=\"\" width=\"1080\" height=\"1080\" srcset=\"https:\/\/anprotec.org.br\/site\/wp-content\/uploads\/2023\/09\/Card-01-evento2023-FEED-6-1.png 1080w, https:\/\/anprotec.org.br\/site\/wp-content\/uploads\/2023\/09\/Card-01-evento2023-FEED-6-1-300x300.png 300w, https:\/\/anprotec.org.br\/site\/wp-content\/uploads\/2023\/09\/Card-01-evento2023-FEED-6-1-1024x1024.png 1024w, https:\/\/anprotec.org.br\/site\/wp-content\/uploads\/2023\/09\/Card-01-evento2023-FEED-6-1-768x768.png 768w, https:\/\/anprotec.org.br\/site\/wp-content\/uploads\/2023\/09\/Card-01-evento2023-FEED-6-1-146x146.png 146w, https:\/\/anprotec.org.br\/site\/wp-content\/uploads\/2023\/09\/Card-01-evento2023-FEED-6-1-50x50.png 50w, https:\/\/anprotec.org.br\/site\/wp-content\/uploads\/2023\/09\/Card-01-evento2023-FEED-6-1-75x75.png 75w, https:\/\/anprotec.org.br\/site\/wp-content\/uploads\/2023\/09\/Card-01-evento2023-FEED-6-1-85x85.png 85w, https:\/\/anprotec.org.br\/site\/wp-content\/uploads\/2023\/09\/Card-01-evento2023-FEED-6-1-80x80.png 80w\" sizes=\"(max-width: 1080px) 100vw, 1080px\" \/><\/p>\n<p><span style=\"font-weight: 400;\">A <\/span><b>Anprotec<\/b><span style=\"font-weight: 400;\"> apoia o <\/span><b>XVII Encontro Nacional FORTEC | VII Congresso Internacional PROFNIT | XIII ProspeCT&amp;I<\/b><span style=\"font-weight: 400;\">, que ocorrer\u00e1 de <\/span><b>23 a 27 de outubro, em Cuiab\u00e1,<\/b><span style=\"font-weight: 400;\"> com<\/span><span style=\"font-weight: 400;\"> o tema <\/span><b>\u2018Inova\u00e7\u00e3o para o Desenvolvimento Sustent\u00e1vel\u2019<\/b><span style=\"font-weight: 400;\">, que ser\u00e1 o fio condutor de discuss\u00f5es, cursos, e atividades de benchmarking, com \u00eanfase em Propriedade Intelectual, Transfer\u00eancia Tecnol\u00f3gica e Gest\u00e3o de Inova\u00e7\u00e3o.<\/span><\/p>\n<p><span style=\"font-weight: 400;\">O evento realizado pelo <\/span><b>F\u00f3rum Nacional dos Gestores de inova\u00e7\u00e3o e Transfer\u00eancia de Tecnologia<\/b><span style=\"font-weight: 400;\"> &#8211; <\/span><b>FORTEC<\/b><span style=\"font-weight: 400;\"> e o seu mestrado Profissional, <\/span><b>PROFNIT<\/b><span style=\"font-weight: 400;\">, reunir\u00e1 ICTs, empresas, \u00f3rg\u00e3os governamentais, docentes e discentes para discutir e apontar solu\u00e7\u00f5es para o fortalecimento da gera\u00e7\u00e3o de conhecimento e inova\u00e7\u00e3o no Brasil.<\/span><\/p>\n<p><span style=\"font-weight: 400;\">Participe do evento que contar\u00e1 com palestrantes renomados nacionais e internacionais e aproveite as oportunidades exclusivas de capacita\u00e7\u00e3o, de troca de experi\u00eancias e networking durante o evento.<\/span><\/p>\n<p><span style=\"font-weight: 400;\">As vagas s\u00e3o limitadas, portanto, n\u00e3o perca tempo e garanta agora mesmo a sua inscri\u00e7\u00e3o!<\/span><\/p>\n<p><span style=\"font-weight: 400;\">Inscreva-se no site do evento: <a href=\"https:\/\/fortecprofnit.com.br\">https:\/\/fortecprofnit.com.br\u00a0<\/a><\/span><\/p>\n<p><b>Venha fazer parte do maior evento de Gest\u00e3o da Inova\u00e7\u00e3o e Transfer\u00eancia de Tecnologia do pa\u00eds<\/b><span style=\"font-weight: 400;\">. Contamos com a sua presen\u00e7a!<\/span><\/p>\n","protected":false},"excerpt":{"rendered":"<p>A Anprotec apoia o XVII Encontro Nacional FORTEC | VII<span class=\"excerpt-hellip\"> [\u2026]<\/span><\/p>\n","protected":false},"author":8,"featured_media":45845,"comment_status":"closed","ping_status":"closed","sticky":false,"template":"","format":"standard","meta":{"footnotes":"","_links_to":"","_links_to_target":""},"categories":[3,383],"tags":[],"calendar":[],"_links":{"self":[{"href":"https:\/\/anprotec.org.br\/site\/wp-json\/wp\/v2\/posts\/45840"}],"collection":[{"href":"https:\/\/anprotec.org.br\/site\/wp-json\/wp\/v2\/posts"}],"about":[{"href":"https:\/\/anprotec.org.br\/site\/wp-json\/wp\/v2\/types\/post"}],"author":[{"embeddable":true,"href":"https:\/\/anprotec.org.br\/site\/wp-json\/wp\/v2\/users\/8"}],"replies":[{"embeddable":true,"href":"https:\/\/anprotec.org.br\/site\/wp-json\/wp\/v2\/comments?post=45840"}],"version-history":[{"count":2,"href":"https:\/\/anprotec.org.br\/site\/wp-json\/wp\/v2\/posts\/45840\/revisions"}],"predecessor-version":[{"id":45848,"href":"https:\/\/anprotec.org.br\/site\/wp-json\/wp\/v2\/posts\/45840\/revisions\/45848"}],"wp:featuredmedia":[{"embeddable":true,"href":"https:\/\/anprotec.org.br\/site\/wp-json\/wp\/v2\/media\/45845"}],"wp:attachment":[{"href":"https:\/\/anprotec.org.br\/site\/wp-json\/wp\/v2\/media?parent=45840"}],"wp:term":[{"taxonomy":"category","embeddable":true,"href":"https:\/\/anprotec.org.br\/site\/wp-json\/wp\/v2\/categories?post=45840"},{"taxonomy":"post_tag","embeddable":true,"href":"https:\/\/anprotec.org.br\/site\/wp-json\/wp\/v2\/tags?post=45840"},{"taxonomy":"calendar","embeddable":true,"href":"https:\/\/anprotec.org.br\/site\/wp-json\/wp\/v2\/calendar?post=45840"}],"curies":[{"name":"wp","href":"https:\/\/api.w.org\/{rel}","templated":true}]}}