{"id":45797,"date":"2023-09-05T12:08:42","date_gmt":"2023-09-05T15:08:42","guid":{"rendered":"https:\/\/anprotec.org.br\/site\/?p=45797"},"modified":"2025-02-24T14:28:44","modified_gmt":"2025-02-24T17:28:44","slug":"concurso-de-inovacao-e-empreendedorismo-macau-para-empresas-tecnologicas-do-brasil-e-portugal-2023","status":"publish","type":"post","link":"https:\/\/anprotec.org.br\/site\/2023\/09\/concurso-de-inovacao-e-empreendedorismo-macau-para-empresas-tecnologicas-do-brasil-e-portugal-2023\/","title":{"rendered":"Concurso de Inova\u00e7\u00e3o e Empreendedorismo (Macau) para Empresas Tecnol\u00f3gicas do Brasil e Portugal 2023"},"content":{"rendered":"<p><span style=\"font-weight: 400;\"><img decoding=\"async\" loading=\"lazy\" class=\" wp-image-45798 alignleft\" src=\"https:\/\/anprotec.org.br\/site\/wp-content\/uploads\/2023\/09\/WhatsApp-Image-2023-09-04-at-12.46.14.jpeg\" alt=\"\" width=\"361\" height=\"511\" srcset=\"https:\/\/anprotec.org.br\/site\/wp-content\/uploads\/2023\/09\/WhatsApp-Image-2023-09-04-at-12.46.14.jpeg 1131w, https:\/\/anprotec.org.br\/site\/wp-content\/uploads\/2023\/09\/WhatsApp-Image-2023-09-04-at-12.46.14-212x300.jpeg 212w, https:\/\/anprotec.org.br\/site\/wp-content\/uploads\/2023\/09\/WhatsApp-Image-2023-09-04-at-12.46.14-724x1024.jpeg 724w, https:\/\/anprotec.org.br\/site\/wp-content\/uploads\/2023\/09\/WhatsApp-Image-2023-09-04-at-12.46.14-768x1086.jpeg 768w, https:\/\/anprotec.org.br\/site\/wp-content\/uploads\/2023\/09\/WhatsApp-Image-2023-09-04-at-12.46.14-1086x1536.jpeg 1086w, https:\/\/anprotec.org.br\/site\/wp-content\/uploads\/2023\/09\/WhatsApp-Image-2023-09-04-at-12.46.14-103x146.jpeg 103w, https:\/\/anprotec.org.br\/site\/wp-content\/uploads\/2023\/09\/WhatsApp-Image-2023-09-04-at-12.46.14-35x50.jpeg 35w, https:\/\/anprotec.org.br\/site\/wp-content\/uploads\/2023\/09\/WhatsApp-Image-2023-09-04-at-12.46.14-53x75.jpeg 53w\" sizes=\"(max-width: 361px) 100vw, 361px\" \/>O Concurso de Inova\u00e7\u00e3o e Empreendedorismo (Macau) para Empresas Tecnol\u00f3gicas do Brasil e Portugal \u00e9 realizado anualmente desde 2021. Ele proporciona amplas oportunidades de desenvolvimento para startups inovadoras dos Pa\u00edses de L\u00edngua Portuguesa que desejam estabelecer neg\u00f3cios na Grande Ba\u00eda de Cant\u00e3o-Hong Kong-Macau. <\/span><\/p>\n<p><span style=\"font-weight: 400;\">A sele\u00e7\u00e3o \u00e9 feita por uma comiss\u00e3o julgadora composta por investidores profissionais, acad\u00eamicos, l\u00edderes de institui\u00e7\u00f5es financeiras e representantes de incubadoras.<\/span><\/p>\n<p><span style=\"font-weight: 400;\">Al\u00e9m de pr\u00eamios e certificados, as startups vencedoras ter\u00e3o oportunidades de serem encaminhadas para investidores de risco, institui\u00e7\u00f5es financeiras e incubadoras de renome na China, permitindo-lhes obter uma vantagem inicial na busca por parceiros e recursos de capital na Grande \u00c1rea da Ba\u00eda. <\/span><\/p>\n<p><span style=\"font-weight: 400;\">Os vencedores tamb\u00e9m ter\u00e3o a chance de participar da Delega\u00e7\u00e3o de Empresas Tecnol\u00f3gicas dos Pa\u00edses de L\u00edngua Portuguesa da Grande Ba\u00eda Guangdong-Hong Kong-Macau, onde poder\u00e3o apresentar seus projetos na BEYOND EXPO, a maior exposi\u00e7\u00e3o tecnol\u00f3gica de Macau, e interagir com diversos ecossistemas empresariais envolvidos na \u00e1rea da Grande Ba\u00eda, entre outras vantagens.\u00a0<\/span><\/p>\n<p><b>Cronograma da competi\u00e7\u00e3o<br \/>\n<\/b><span style=\"font-weight: 400;\">Os interessados devem enviar sua inscri\u00e7\u00e3o, um formul\u00e1rio de solicita\u00e7\u00e3o de financiamento e um v\u00eddeo de apresenta\u00e7\u00e3o do projeto pr\u00e9-gravado com dura\u00e7\u00e3o de 5 minutos, at\u00e9 o dia 27\/9.<\/span><\/p>\n<ul>\n<li style=\"font-weight: 400;\" aria-level=\"1\"><b>Idioma do v\u00eddeo:<\/b><span style=\"font-weight: 400;\"> Ingl\u00eas<\/span><\/li>\n<li style=\"font-weight: 400;\" aria-level=\"1\"><b>Resolu\u00e7\u00e3o de v\u00eddeo:<\/b><span style=\"font-weight: 400;\"> 720p\/1080p<\/span><\/li>\n<li style=\"font-weight: 400;\" aria-level=\"1\"><b>Formato de v\u00eddeo: <\/b><span style=\"font-weight: 400;\">MOV\/MP4<\/span><\/li>\n<\/ul>\n<p><strong>Os projetos das startups participantes devem se enquadrar em uma das seguintes \u00e1reas tecnol\u00f3gicas:<\/strong><\/p>\n<p><span style=\"font-weight: 400;\">&#8211; Circuito Integrado\/Componente e Dispositivo Eletr\u00f4nico;<br \/>\n<\/span><span style=\"font-weight: 400;\">&#8211; Biotecnologia\/Dispositivos M\u00e9dicos;<br \/>\n<\/span><span style=\"font-weight: 400;\">&#8211; Big Data\/Intelig\u00eancia Artificial;<br \/>\n<\/span><span style=\"font-weight: 400;\">&#8211; Novos Materiais\/Novas Energias.<\/span><\/p>\n<p><strong>Contato com incubadoras locais para mais informa\u00e7\u00f5es:<\/strong><\/p>\n<p><span style=\"font-weight: 400;\">Portugal:<br \/>\n<\/span><b>Audax-ISCTE:<\/b><span style=\"font-weight: 400;\"> audax.iscte-iul.pt; audax@iscte-iul.pt<br \/>\n<\/span><b>Beta-i: <\/b><span style=\"font-weight: 400;\">beta-i.com; geral@beta-i.com<br \/>\n<\/span><b>F\u00e1brica de Startups \u2013 Portugal:<\/b><span style=\"font-weight: 400;\"> fabricadestartups.com; talk@fabstart.pt<br \/>\n<\/span><b>Universidade de Aveiro:<\/b><span style=\"font-weight: 400;\"> ua.pt; uaincubator@pci.pt<br \/>\n<\/span><b>UPTEC:<\/b><span style=\"font-weight: 400;\"> uptec.up.pt; geral@uptec.up.pt)<\/span><\/p>\n<p><span style=\"font-weight: 400;\">Brasil:<br \/>\n<\/span><b>Universidade Federal do Rio de Janeiro:<\/b><span style=\"font-weight: 400;\"> incubadora.coppe.ufrj.br; inc@incubadora.coppe.ufrj.br<br \/>\n<\/span><b>Hub Inova China: <\/b><span style=\"font-weight: 400;\">inovachina.com; faleconosco@inovachina.com<br \/>\n<\/span><b>Supera Parque: <\/b><span style=\"font-weight: 400;\">superaparque.com.br; parque@superaparque.com.br<br \/>\n<\/span><b>Tra\u00e7\u00e3o:<\/b><span style=\"font-weight: 400;\"> traciona.com; contact@traciona.com<\/span><\/p>\n<p><span style=\"font-weight: 400;\">Site oficial do concurso: <\/span><a href=\"https:\/\/myeic.com.mo\/en\/news-en\/2023_yei-949-en\/\"><span style=\"font-weight: 400;\">https:\/\/myeic.com.mo\/en\/news-en\/2023_yei-949-en\/<\/span><\/a><\/p>\n","protected":false},"excerpt":{"rendered":"<p>O Concurso de Inova\u00e7\u00e3o e Empreendedorismo (Macau) para Empresas Tecnol\u00f3gicas<span class=\"excerpt-hellip\"> [\u2026]<\/span><\/p>\n","protected":false},"author":8,"featured_media":45806,"comment_status":"closed","ping_status":"closed","sticky":false,"template":"","format":"standard","meta":{"footnotes":"","_links_to":"","_links_to_target":""},"categories":[3,383],"tags":[],"calendar":[],"_links":{"self":[{"href":"https:\/\/anprotec.org.br\/site\/wp-json\/wp\/v2\/posts\/45797"}],"collection":[{"href":"https:\/\/anprotec.org.br\/site\/wp-json\/wp\/v2\/posts"}],"about":[{"href":"https:\/\/anprotec.org.br\/site\/wp-json\/wp\/v2\/types\/post"}],"author":[{"embeddable":true,"href":"https:\/\/anprotec.org.br\/site\/wp-json\/wp\/v2\/users\/8"}],"replies":[{"embeddable":true,"href":"https:\/\/anprotec.org.br\/site\/wp-json\/wp\/v2\/comments?post=45797"}],"version-history":[{"count":2,"href":"https:\/\/anprotec.org.br\/site\/wp-json\/wp\/v2\/posts\/45797\/revisions"}],"predecessor-version":[{"id":45805,"href":"https:\/\/anprotec.org.br\/site\/wp-json\/wp\/v2\/posts\/45797\/revisions\/45805"}],"wp:featuredmedia":[{"embeddable":true,"href":"https:\/\/anprotec.org.br\/site\/wp-json\/wp\/v2\/media\/45806"}],"wp:attachment":[{"href":"https:\/\/anprotec.org.br\/site\/wp-json\/wp\/v2\/media?parent=45797"}],"wp:term":[{"taxonomy":"category","embeddable":true,"href":"https:\/\/anprotec.org.br\/site\/wp-json\/wp\/v2\/categories?post=45797"},{"taxonomy":"post_tag","embeddable":true,"href":"https:\/\/anprotec.org.br\/site\/wp-json\/wp\/v2\/tags?post=45797"},{"taxonomy":"calendar","embeddable":true,"href":"https:\/\/anprotec.org.br\/site\/wp-json\/wp\/v2\/calendar?post=45797"}],"curies":[{"name":"wp","href":"https:\/\/api.w.org\/{rel}","templated":true}]}}